{"id":9792,"date":"2022-05-30T17:08:04","date_gmt":"2022-05-30T21:08:04","guid":{"rendered":"https:\/\/hospitaldechillan.cl\/web\/?p=9792"},"modified":"2022-05-30T17:08:10","modified_gmt":"2022-05-30T21:08:10","slug":"renovada-unidad-de-emergencia-esta-preparada-para-el-aumento-de-las-consultas-invernales","status":"publish","type":"post","link":"https:\/\/hospitaldechillan.cl\/web\/renovada-unidad-de-emergencia-esta-preparada-para-el-aumento-de-las-consultas-invernales\/","title":{"rendered":"Renovada Unidad de Emergencia est\u00e1 preparada para el aumento de las consultas invernales"},"content":{"rendered":"\n<p>Luego de pr\u00e1cticamente 9 meses de trabajos, hoy abri\u00f3 sus puertas la Unidad de Emergencia del Hospital Cl\u00ednico Herminda Mart\u00edn de Chill\u00e1n, con el mejoramiento y remodelaci\u00f3n de 1.300 metros cuadrados en las \u00e1reas pedi\u00e1tricas, adulto y ginecoobst\u00e9trica, en beneficio de las cerca de 250 personas que diariamente se atienden en el recinto.<\/p>\n\n\n\n<p>Esta es la intervenci\u00f3n m\u00e1s grande realizada en los \u00faltimos a\u00f1os a la dependencia hospitalaria, lo que requiri\u00f3 una inversi\u00f3n de 454 millones de pesos, financiados por Fondo Nacional de Desarrollo Regional (FNDR), al igual que el financiamiento por 93 millones de pesos por la compra de un moderno esc\u00e1ner para odontolog\u00eda de alta complejidad, que desde hoy est\u00e1 operativo.<\/p>\n\n\n\n<p>Al respecto, el <strong>Gobernador de \u00d1uble, \u00d3scar Cris\u00f3stomo Llanos<\/strong> asegur\u00f3 que \u201cestos dos proyectos, que hemos inaugurado hoy, dicen relaci\u00f3n con mejorar la atenci\u00f3n en salud de los pacientes del Hospital Cl\u00ednico Herminda Mart\u00edn y son una muestra m\u00e1s de la prioridad que hemos dado a la salud en nuestro Gobierno Regional desde donde hemos impulsado un polo de desarrollo en torno a esta materia.<\/p>\n\n\n\n<p>Se trata, por un lado, de la conservaci\u00f3n de la Unidad de Emergencia a trav\u00e9s de la cual dotamos de una mejor iluminaci\u00f3n y calidez para mejorar la experiencia de las y los usuarios. Y, por otra parte, se adquiri\u00f3 un esc\u00e1ner maxilofacial en tres dimensiones que permitir\u00e1 una mayor precisi\u00f3n diagn\u00f3stica en todas las especialidades odontol\u00f3gicas. Entre ambas iniciativas suman un total de 547 millones de pesos, una inversi\u00f3n que brinda a los pacientes del sector p\u00fablico, el acceso a una atenci\u00f3n con mayores est\u00e1ndares de comodidad y de tecnolog\u00eda\u201d.<\/p>\n\n\n\n<figure class=\"wp-block-image size-large\"><img loading=\"lazy\" decoding=\"async\" width=\"1200\" height=\"675\" src=\"https:\/\/hospitaldechillan.cl\/web\/wp-content_Hos\/uploads\/2022\/05\/inauguracion-urgencia-1200x675.jpg\" alt=\"\" class=\"wp-image-9796\" srcset=\"https:\/\/hospitaldechillan.cl\/web\/wp-content\/uploads\/2022\/05\/inauguracion-urgencia-1200x675.jpg 1200w, https:\/\/hospitaldechillan.cl\/web\/wp-content\/uploads\/2022\/05\/inauguracion-urgencia-640x360.jpg 640w, https:\/\/hospitaldechillan.cl\/web\/wp-content\/uploads\/2022\/05\/inauguracion-urgencia-768x432.jpg 768w, https:\/\/hospitaldechillan.cl\/web\/wp-content\/uploads\/2022\/05\/inauguracion-urgencia-1536x864.jpg 1536w, https:\/\/hospitaldechillan.cl\/web\/wp-content\/uploads\/2022\/05\/inauguracion-urgencia.jpg 1600w\" sizes=\"auto, (max-width: 1200px) 100vw, 1200px\" \/><\/figure>\n\n\n\n<p>Asimismo, el <strong>Director del Establecimiento, Luis Alberto P\u00e9rez Ojeda<\/strong>, puntualiz\u00f3 que&nbsp; \u201cen el contexto sanitario en el que nos encontramos, con un aumento de consultas por &nbsp;enfermedades respiratorias y tambi\u00e9n una eventual alza proyectada de casos Covid-19 para estos d\u00edas, la conclusi\u00f3n de las obras de mejoramiento nos permite estar plenamente operativos para absorber el incremento de la demanda que ya comenzamos a observar en el \u00faltimo mes, motivo por el cual continuamos atendiendo con flujos diferenciados en el \u00e1rea respiratoria y general para otorgar m\u00e1s seguridad a nuestros usuarios y disminuir la posibilidad de contagios en las salas de espera\u201d.<\/p>\n\n\n\n<p>\u201cSe mejoraron los espacios cl\u00ednicos, los servicios higi\u00e9nicos y se refaccion\u00f3 el ingreso a la Unidad de Emergencia, en general, hay m\u00e1s comodidad para los pacientes que asistan por alguna urgencia m\u00e9dica, con instalaciones y un equipo de primer nivel para entregar atenciones que requieran de un accionar inmediato. Ello incluye accidentes vasculares, infartos al coraz\u00f3n y pacientes politraumatizados\u201d, precis\u00f3 el directivo.<\/p>\n\n\n\n<p>P\u00e9rez Ojeda, adem\u00e1s agradeci\u00f3 al personal de salud por \u201cla organizaci\u00f3n log\u00edstica que requiri\u00f3 mantener la unidad en funcionamiento mientras se realizaban las obras y a la comunidad usuaria por la comprensi\u00f3n, ya que sabemos que trabajos de este tipo generan incomodidades, pero el resultado es satisfactorio\u201d.<\/p>\n\n\n\n<p>La <strong>integrante del Consejo Consultivo de Usuarios, Carmen Gloria Campos<\/strong> y perteneciente al Grupo de Pacientes Esclerosis M\u00faltiple de Chill\u00e1n coment\u00f3 que \u201cpor fin culmin\u00f3 este trabajo en la Unidad de Emergencia, pues era una obra que hac\u00eda mucha falta. Creo que cualquier mejoramiento en salud es excelente\u201d.<\/p>\n\n\n\n<p><strong>Ex\u00e1menes odontol\u00f3gicos de alta precisi\u00f3n<\/strong><\/p>\n\n\n\n<figure class=\"wp-block-image size-large\"><img loading=\"lazy\" decoding=\"async\" width=\"1200\" height=\"675\" src=\"https:\/\/hospitaldechillan.cl\/web\/wp-content_Hos\/uploads\/2022\/05\/conebeam-1200x675.jpg\" alt=\"\" class=\"wp-image-9797\" srcset=\"https:\/\/hospitaldechillan.cl\/web\/wp-content\/uploads\/2022\/05\/conebeam-1200x675.jpg 1200w, https:\/\/hospitaldechillan.cl\/web\/wp-content\/uploads\/2022\/05\/conebeam-640x360.jpg 640w, https:\/\/hospitaldechillan.cl\/web\/wp-content\/uploads\/2022\/05\/conebeam-768x432.jpg 768w, https:\/\/hospitaldechillan.cl\/web\/wp-content\/uploads\/2022\/05\/conebeam-1536x864.jpg 1536w, https:\/\/hospitaldechillan.cl\/web\/wp-content\/uploads\/2022\/05\/conebeam.jpg 1600w\" sizes=\"auto, (max-width: 1200px) 100vw, 1200px\" \/><\/figure>\n\n\n\n<p>M\u00e1s de 2 mil ex\u00e1menes son los que se espera realizar este a\u00f1o con <strong>el moderno esc\u00e1ner maxilofacial en tres dimensiones (3D) o tambi\u00e9n llamado Cone Beam<\/strong>, tecnolog\u00eda de \u00faltima generaci\u00f3n disponible en pocos centros de la red p\u00fablica de salud. Por su precisi\u00f3n diagn\u00f3stica, estas tomograf\u00edas computarizadas son de gran utilidad en todas las especialidades odontol\u00f3gicas, particularmente en las de alta complejidad, como las disponibles en el Hospital de Chill\u00e1n, brindando a los usuarios del sector p\u00fablico el acceso a una atenci\u00f3n odontol\u00f3gica con altos est\u00e1ndares de calidad y seguridad.<\/p>\n\n\n\n<figure class=\"wp-block-image size-large\"><img loading=\"lazy\" decoding=\"async\" width=\"1200\" height=\"675\" src=\"https:\/\/hospitaldechillan.cl\/web\/wp-content_Hos\/uploads\/2022\/05\/inauguracion-cone-beam-1200x675.jpg\" alt=\"\" class=\"wp-image-9798\" srcset=\"https:\/\/hospitaldechillan.cl\/web\/wp-content\/uploads\/2022\/05\/inauguracion-cone-beam-1200x675.jpg 1200w, https:\/\/hospitaldechillan.cl\/web\/wp-content\/uploads\/2022\/05\/inauguracion-cone-beam-640x360.jpg 640w, https:\/\/hospitaldechillan.cl\/web\/wp-content\/uploads\/2022\/05\/inauguracion-cone-beam-768x432.jpg 768w, https:\/\/hospitaldechillan.cl\/web\/wp-content\/uploads\/2022\/05\/inauguracion-cone-beam-1536x864.jpg 1536w, https:\/\/hospitaldechillan.cl\/web\/wp-content\/uploads\/2022\/05\/inauguracion-cone-beam.jpg 1600w\" sizes=\"auto, (max-width: 1200px) 100vw, 1200px\" \/><\/figure>\n\n\n\n<p>El costo de este equipamiento borde\u00f3 los 93 millones de pesos y tambi\u00e9n se concret\u00f3 gracias al Fondo Nacional de Desarrollo Regional.<\/p>\n","protected":false},"excerpt":{"rendered":"<p>Instalaciones m\u00e1s confortables e iluminadas son parte de las mejoras que presenta la unidad, donde se continuar\u00e1 la atenci\u00f3n en \u00e1reas diferenciadas para consultas respiratorias y generales.<br \/>\nAdem\u00e1s, se inaugur\u00f3 un moderno equipo radiol\u00f3gico para ex\u00e1menes odontol\u00f3gicos. <\/p>\n","protected":false},"author":3,"featured_media":9795,"comment_status":"open","ping_status":"closed","sticky":false,"template":"","format":"standard","meta":{"_acf_changed":false,"_monsterinsights_skip_tracking":false,"_monsterinsights_sitenote_active":false,"_monsterinsights_sitenote_note":"","_monsterinsights_sitenote_category":0,"footnotes":""},"categories":[4],"tags":[],"class_list":["post-9792","post","type-post","status-publish","format-standard","has-post-thumbnail","hentry","category-noticias"],"acf":[],"publishpress_future_action":{"enabled":false,"date":"2026-05-05 09:40:57","action":"change-status","newStatus":"draft","terms":[],"taxonomy":"category","extraData":[]},"publishpress_future_workflow_manual_trigger":{"enabledWorkflows":[]},"_links":{"self":[{"href":"https:\/\/hospitaldechillan.cl\/web\/wp-json\/wp\/v2\/posts\/9792","targetHints":{"allow":["GET"]}}],"collection":[{"href":"https:\/\/hospitaldechillan.cl\/web\/wp-json\/wp\/v2\/posts"}],"about":[{"href":"https:\/\/hospitaldechillan.cl\/web\/wp-json\/wp\/v2\/types\/post"}],"author":[{"embeddable":true,"href":"https:\/\/hospitaldechillan.cl\/web\/wp-json\/wp\/v2\/users\/3"}],"replies":[{"embeddable":true,"href":"https:\/\/hospitaldechillan.cl\/web\/wp-json\/wp\/v2\/comments?post=9792"}],"version-history":[{"count":0,"href":"https:\/\/hospitaldechillan.cl\/web\/wp-json\/wp\/v2\/posts\/9792\/revisions"}],"wp:featuredmedia":[{"embeddable":true,"href":"https:\/\/hospitaldechillan.cl\/web\/wp-json\/wp\/v2\/media\/9795"}],"wp:attachment":[{"href":"https:\/\/hospitaldechillan.cl\/web\/wp-json\/wp\/v2\/media?parent=9792"}],"wp:term":[{"taxonomy":"category","embeddable":true,"href":"https:\/\/hospitaldechillan.cl\/web\/wp-json\/wp\/v2\/categories?post=9792"},{"taxonomy":"post_tag","embeddable":true,"href":"https:\/\/hospitaldechillan.cl\/web\/wp-json\/wp\/v2\/tags?post=9792"}],"curies":[{"name":"wp","href":"https:\/\/api.w.org\/{rel}","templated":true}]}}