{"id":9782,"date":"2022-05-13T14:29:00","date_gmt":"2022-05-13T18:29:00","guid":{"rendered":"https:\/\/hospitaldechillan.cl\/web\/?p=9782"},"modified":"2022-05-16T14:28:09","modified_gmt":"2022-05-16T18:28:09","slug":"subsecretario-de-redes-asistenciales-recorrio-el-hospital-de-chillan-en-su-primera-visita-a-nuble","status":"publish","type":"post","link":"https:\/\/hospitaldechillan.cl\/web\/subsecretario-de-redes-asistenciales-recorrio-el-hospital-de-chillan-en-su-primera-visita-a-nuble\/","title":{"rendered":"Subsecretario de Redes Asistenciales recorri\u00f3 el Hospital de Chill\u00e1n en su primera visita a \u00d1uble \u00a0"},"content":{"rendered":"\n<p>En su primera visita a la <strong>Regi\u00f3n de \u00d1uble, el Dr. Fernando Araos, Subsecretario de Redes Asistenciales, conoci\u00f3 el Hospital Cl\u00ednico Herminda Mart\u00edn (HCHM)<\/strong>, donde visit\u00f3 tres servicios: Anestesia y Pabellones, la Unidad de Emergencia y las Unidades de Cuidados Cr\u00edticos Infantiles. En cada una de las dependencias, recibi\u00f3 detalles del funcionamiento, cantidad de atenciones, planes de mejoramiento y de reactivaci\u00f3n asistencial para aumentar el n\u00famero de cirug\u00edas y consultas m\u00e9dicas de especialidades.<\/p>\n\n\n\n<p>Al respecto, el <strong>Dr. Antonio Salinas, Director (s) del HCHM<\/strong>, destac\u00f3 el objetivo de recuperar la actividad quir\u00fargica de la prepandemia \u201clo que significa para nosotros aumentar al menos un 20% las cirug\u00edas electivas a realizar y resolver as\u00ed el problema de salud de las personas que se encuentran en espera de atenci\u00f3n.\u00a0 Para ello, se est\u00e1n desplegando varias estrategias mediante el uso intensivo de los pabellones en horario laboral y prolongado en horario vespertino\u201d<\/p>\n\n\n\n<p>Asimismo, el directivo asegur\u00f3 que a ello se suma \u201cla optimizaci\u00f3n del proceso preoperatorio y de tabla quir\u00fargica para disminuir las suspensiones; potenciar la Cirug\u00eda Mayor Ambulatoria y la gesti\u00f3n de la disponibilidad de camas y recursos de soporte cl\u00ednico, coordinaciones que involucran a distintas \u00e1reas del Hospital.\u201d<\/p>\n\n\n\n<figure class=\"wp-block-image size-large\"><img loading=\"lazy\" decoding=\"async\" width=\"1200\" height=\"675\" src=\"https:\/\/hospitaldechillan.cl\/web\/wp-content_Hos\/uploads\/2022\/05\/pabellones-web-1200x675.jpg\" alt=\"\" class=\"wp-image-9784\" srcset=\"https:\/\/hospitaldechillan.cl\/web\/wp-content\/uploads\/2022\/05\/pabellones-web-1200x675.jpg 1200w, https:\/\/hospitaldechillan.cl\/web\/wp-content\/uploads\/2022\/05\/pabellones-web-640x360.jpg 640w, https:\/\/hospitaldechillan.cl\/web\/wp-content\/uploads\/2022\/05\/pabellones-web-768x432.jpg 768w, https:\/\/hospitaldechillan.cl\/web\/wp-content\/uploads\/2022\/05\/pabellones-web-1536x864.jpg 1536w, https:\/\/hospitaldechillan.cl\/web\/wp-content\/uploads\/2022\/05\/pabellones-web.jpg 1600w\" sizes=\"auto, (max-width: 1200px) 100vw, 1200px\" \/><\/figure>\n\n\n\n<p>Por su parte, el subsecretario<strong> Araos coment\u00f3 que uno de los motivos de la gira en \u00d1uble y su llegada al HCHM<\/strong> fue constatar en terreno c\u00f3mo la red asistencial se prepara para enfrentar el invierno, fortaleciendo a los equipos que diariamente dan lo mejor de s\u00ed para atender y cuidar de la comunidad.<\/p>\n\n\n\n<p>\u201cEste invierno es diferente de los anteriores. Estimamos que vamos a tener m\u00e1s consultas de pacientes pedi\u00e1tricos debido al regreso a clases y a que estamos haciendo una vida m\u00e1s normal, m\u00e1s parecido a lo que era antes, por eso se espera que vuelvan a aparecer el virus sincicial, de la influenza y otros. Entonces esta visita es para revisar c\u00f3mo est\u00e1n funcionando los servicios de Urgencia, las camas hospitalarias y la red de atenci\u00f3n primaria\u201d, asegur\u00f3 el subsecretario.&nbsp;<\/p>\n\n\n\n<p><strong>MEJORAS EN LA UNIDAD DE EMERGENCIA<\/strong><\/p>\n\n\n\n<p>La autoridad de salud destac\u00f3 las mejoras que se est\u00e1n realizando en la Unidad de Emergencia, donde se atienden m\u00e1s de 220 personas diariamente y cuyas obras est\u00e1n en el tramo final. Se trata de un proyecto de conservaci\u00f3n financiado por el GORE \u00d1uble, por 454 millones de pesos.<\/p>\n\n\n\n<p>En la oportunidad resalt\u00f3 la log\u00edstica desplegada por el equipo de la unidad para atender sin interrupciones mientras se realizan los trabajos de mejoramiento.<\/p>\n\n\n\n<p>Al finalizar el recorrido, el Subsecretario Araos, se dirigi\u00f3 a la Unidades de Cuidados Cr\u00edticos Infantiles, para conocer las caracter\u00edsticas de la circulaci\u00f3n de virus respiratorios y c\u00f3mo se preparan para el invierno. Adem\u00e1s, comparti\u00f3 con los usuarios y usuarias m\u00e1s peque\u00f1os del Hospital, sus padres y el equipo a cargo de sus  cuidados.<\/p>\n\n\n\n<figure class=\"wp-block-image size-large\"><img loading=\"lazy\" decoding=\"async\" width=\"1200\" height=\"675\" src=\"https:\/\/hospitaldechillan.cl\/web\/wp-content_Hos\/uploads\/2022\/05\/web-neo-1200x675.jpg\" alt=\"\" class=\"wp-image-9785\" srcset=\"https:\/\/hospitaldechillan.cl\/web\/wp-content\/uploads\/2022\/05\/web-neo-1200x675.jpg 1200w, https:\/\/hospitaldechillan.cl\/web\/wp-content\/uploads\/2022\/05\/web-neo-640x360.jpg 640w, https:\/\/hospitaldechillan.cl\/web\/wp-content\/uploads\/2022\/05\/web-neo-768x432.jpg 768w, https:\/\/hospitaldechillan.cl\/web\/wp-content\/uploads\/2022\/05\/web-neo-1536x864.jpg 1536w, https:\/\/hospitaldechillan.cl\/web\/wp-content\/uploads\/2022\/05\/web-neo.jpg 1600w\" sizes=\"auto, (max-width: 1200px) 100vw, 1200px\" \/><\/figure>\n\n\n\n<p>\u201cEn esta ocasi\u00f3n, quiero hacer un reconocimiento p\u00fablico a las personas que trabajan en salud de \u00d1uble, quienes han hecho un esfuerzo extraordinario para mantener el funcionamiento de todos los servicios y seguir cuidando a la comunidad\u201d, dijo la autoridad. Cabe destacar, que el Subsecretario de Redes Asistenciales tambi\u00e9n se reuni\u00f3 con las asociaciones gremiales del Establecimiento, constat\u00f3 el avance en la construcci\u00f3n del Nuevo Hospital y visit\u00f3 el Hospital de San Carlos.<\/p>\n","protected":false},"excerpt":{"rendered":"<p>Conoci\u00f3 en terreno el trabajo de los equipos en diferentes \u00e1reas y el plan de reactivaci\u00f3n asistencial para disminuir los tiempos de espera para una cirug\u00eda y consultas m\u00e9dicas de especialidades.  <\/p>\n","protected":false},"author":3,"featured_media":9783,"comment_status":"open","ping_status":"closed","sticky":false,"template":"","format":"standard","meta":{"_acf_changed":false,"_monsterinsights_skip_tracking":false,"_monsterinsights_sitenote_active":false,"_monsterinsights_sitenote_note":"","_monsterinsights_sitenote_category":0,"footnotes":""},"categories":[4],"tags":[],"class_list":["post-9782","post","type-post","status-publish","format-standard","has-post-thumbnail","hentry","category-noticias"],"acf":[],"publishpress_future_action":{"enabled":false,"date":"2026-05-09 09:19:09","action":"change-status","newStatus":"draft","terms":[],"taxonomy":"category","extraData":[]},"publishpress_future_workflow_manual_trigger":{"enabledWorkflows":[]},"_links":{"self":[{"href":"https:\/\/hospitaldechillan.cl\/web\/wp-json\/wp\/v2\/posts\/9782","targetHints":{"allow":["GET"]}}],"collection":[{"href":"https:\/\/hospitaldechillan.cl\/web\/wp-json\/wp\/v2\/posts"}],"about":[{"href":"https:\/\/hospitaldechillan.cl\/web\/wp-json\/wp\/v2\/types\/post"}],"author":[{"embeddable":true,"href":"https:\/\/hospitaldechillan.cl\/web\/wp-json\/wp\/v2\/users\/3"}],"replies":[{"embeddable":true,"href":"https:\/\/hospitaldechillan.cl\/web\/wp-json\/wp\/v2\/comments?post=9782"}],"version-history":[{"count":0,"href":"https:\/\/hospitaldechillan.cl\/web\/wp-json\/wp\/v2\/posts\/9782\/revisions"}],"wp:featuredmedia":[{"embeddable":true,"href":"https:\/\/hospitaldechillan.cl\/web\/wp-json\/wp\/v2\/media\/9783"}],"wp:attachment":[{"href":"https:\/\/hospitaldechillan.cl\/web\/wp-json\/wp\/v2\/media?parent=9782"}],"wp:term":[{"taxonomy":"category","embeddable":true,"href":"https:\/\/hospitaldechillan.cl\/web\/wp-json\/wp\/v2\/categories?post=9782"},{"taxonomy":"post_tag","embeddable":true,"href":"https:\/\/hospitaldechillan.cl\/web\/wp-json\/wp\/v2\/tags?post=9782"}],"curies":[{"name":"wp","href":"https:\/\/api.w.org\/{rel}","templated":true}]}}