{"id":9770,"date":"2022-05-03T14:05:14","date_gmt":"2022-05-03T18:05:14","guid":{"rendered":"https:\/\/hospitaldechillan.cl\/web\/?p=9770"},"modified":"2022-05-03T14:06:12","modified_gmt":"2022-05-03T18:06:12","slug":"pediatras-del-hospital-de-chillan-se-preparan-para-enfrentar-la-epoca-invernal","status":"publish","type":"post","link":"https:\/\/hospitaldechillan.cl\/web\/pediatras-del-hospital-de-chillan-se-preparan-para-enfrentar-la-epoca-invernal\/","title":{"rendered":"Pediatras del Hospital de Chill\u00e1n se preparan para enfrentar la \u00e9poca invernal"},"content":{"rendered":"\n<p><strong>\u00bfSab\u00edas qu\u00e9 en Chile 1 de cada 7 ni\u00f1os y ni\u00f1as tiene asma?<\/strong> Seguramente no y lo que sucede es que esta patolog\u00eda pese a ser una enfermedad cr\u00f3nica, puede ser considerada como silenciosa. El primer martes de mayo, se conmemora mundialmente el <strong>D\u00eda del Asma, efem\u00e9ride que el Hospital Cl\u00ednico Herminda Mart\u00edn (HCHM) relev\u00f3 con la visita del Dr. Luis Enrique Vega Brice\u00f1o, especialista pediatra Broncopulmonar de la cl\u00ednica Alemana y docente de la Universidad del Desarrollo<\/strong>, quien particip\u00f3 en la reuni\u00f3n cl\u00ednica del Servicio de Pediatr\u00eda del Establecimiento y tambi\u00e9n en una Jornada de extensi\u00f3n para profesionales de salas IRA (Infecciones respiratorias Agudas de Salud Primaria)&nbsp; en Chill\u00e1n.<\/p>\n\n\n\n<figure class=\"wp-block-image size-large\"><img loading=\"lazy\" decoding=\"async\" width=\"1200\" height=\"675\" src=\"https:\/\/hospitaldechillan.cl\/web\/wp-content_Hos\/uploads\/2022\/05\/medicos-pediatras-1200x675.jpg\" alt=\"\" class=\"wp-image-9772\" srcset=\"https:\/\/hospitaldechillan.cl\/web\/wp-content\/uploads\/2022\/05\/medicos-pediatras-1200x675.jpg 1200w, https:\/\/hospitaldechillan.cl\/web\/wp-content\/uploads\/2022\/05\/medicos-pediatras-640x360.jpg 640w, https:\/\/hospitaldechillan.cl\/web\/wp-content\/uploads\/2022\/05\/medicos-pediatras-768x432.jpg 768w, https:\/\/hospitaldechillan.cl\/web\/wp-content\/uploads\/2022\/05\/medicos-pediatras-1536x864.jpg 1536w, https:\/\/hospitaldechillan.cl\/web\/wp-content\/uploads\/2022\/05\/medicos-pediatras.jpg 1600w\" sizes=\"auto, (max-width: 1200px) 100vw, 1200px\" \/><\/figure>\n\n\n\n<p>El especialista, visit\u00f3 el recinto asistencial y seg\u00fan cont\u00f3 el <strong>Dr. Juan Carlos Parra, m\u00e9dico broncopulmonar del HCHM<\/strong>, su visita tuvo la intenci\u00f3n de retomar las actividades de extensi\u00f3n como reuniones cl\u00ednicas y jornadas que se detuvieron debido a la pandemia.&nbsp; El especialista, explic\u00f3 que esto se enmarca tambi\u00e9n en la posibilidad de intercambiar conocimientos sobre las patolog\u00edas respiratorias adem\u00e1s de permitir \u201cpreparamos para enfrentar de mejor manera la contingencia de una campa\u00f1a de invierno, que nos parece m\u00e1s potente, debido a c\u00f3mo se han manifestado el aumento de cuadros respiratorios en el \u00faltimo tiempo\u201d.<\/p>\n\n\n\n<p>Por su parte, el <strong>Dr. Vega<\/strong> fue enf\u00e1tico en resaltar \u201cque hemos visto una circulaci\u00f3n viral importante y una carga asistencial en los servicios de urgencia y hospitalizaci\u00f3n. Debemos estar preparados porque&nbsp; la enfermedad respiratoria infantil aguda, es la primera causa de consulta en los servicios de urgencia y esto colapsa todos los a\u00f1os los sistemas de salud p\u00fablico y privados. Por eso, es fundamental educar en prevenci\u00f3n y en diagn\u00f3stico temprano, con ello protegemos a los ni\u00f1os que se enfermar\u00e1n. Hay que buscar el alivio temprano de los s\u00edntomas y la carga de complicaciones o la estad\u00eda hospitalaria\u201d.<\/p>\n\n\n\n<p>Adem\u00e1s el facultativo coment\u00f3 que en caso de asma \u201ces fundamental educar en prevenci\u00f3n, reconocimiento y proteger la adherencia al tratamiento\u201d. Mientras que en otras enfermedades respiratorias, el especialista invit\u00f3 a seguir las recomendaciones preventivas:<\/p>\n\n\n\n<ul class=\"wp-block-list\"><li>Aseo de manos<\/li><li>Ventilaci\u00f3n apropiada en hogares<\/li><li>Calefacci\u00f3n con elementos saludables (evitar biomasa e hidrocarburos<\/li><li>Consultar de forma temprana cuando s\u00edntomas afectan la actividad normal de un ni\u00f1o<\/li><\/ul>\n","protected":false},"excerpt":{"rendered":"<p>En el marco del D\u00eda Mundial del Asma, especialistas locales intercambiaron conocimientos y abordaron la importancia de reconocer los s\u00edntomas de las enfermedades respiratorias a tiempo y consultar de forma oportuna.  <\/p>\n","protected":false},"author":3,"featured_media":9771,"comment_status":"open","ping_status":"closed","sticky":false,"template":"","format":"standard","meta":{"_acf_changed":false,"_monsterinsights_skip_tracking":false,"_monsterinsights_sitenote_active":false,"_monsterinsights_sitenote_note":"","_monsterinsights_sitenote_category":0,"footnotes":""},"categories":[4,1],"tags":[],"class_list":["post-9770","post","type-post","status-publish","format-standard","has-post-thumbnail","hentry","category-noticias","category-sin-categoria"],"acf":[],"publishpress_future_action":{"enabled":false,"date":"2026-05-05 09:42:25","action":"change-status","newStatus":"draft","terms":[],"taxonomy":"category","extraData":[]},"publishpress_future_workflow_manual_trigger":{"enabledWorkflows":[]},"_links":{"self":[{"href":"https:\/\/hospitaldechillan.cl\/web\/wp-json\/wp\/v2\/posts\/9770","targetHints":{"allow":["GET"]}}],"collection":[{"href":"https:\/\/hospitaldechillan.cl\/web\/wp-json\/wp\/v2\/posts"}],"about":[{"href":"https:\/\/hospitaldechillan.cl\/web\/wp-json\/wp\/v2\/types\/post"}],"author":[{"embeddable":true,"href":"https:\/\/hospitaldechillan.cl\/web\/wp-json\/wp\/v2\/users\/3"}],"replies":[{"embeddable":true,"href":"https:\/\/hospitaldechillan.cl\/web\/wp-json\/wp\/v2\/comments?post=9770"}],"version-history":[{"count":0,"href":"https:\/\/hospitaldechillan.cl\/web\/wp-json\/wp\/v2\/posts\/9770\/revisions"}],"wp:featuredmedia":[{"embeddable":true,"href":"https:\/\/hospitaldechillan.cl\/web\/wp-json\/wp\/v2\/media\/9771"}],"wp:attachment":[{"href":"https:\/\/hospitaldechillan.cl\/web\/wp-json\/wp\/v2\/media?parent=9770"}],"wp:term":[{"taxonomy":"category","embeddable":true,"href":"https:\/\/hospitaldechillan.cl\/web\/wp-json\/wp\/v2\/categories?post=9770"},{"taxonomy":"post_tag","embeddable":true,"href":"https:\/\/hospitaldechillan.cl\/web\/wp-json\/wp\/v2\/tags?post=9770"}],"curies":[{"name":"wp","href":"https:\/\/api.w.org\/{rel}","templated":true}]}}