{"id":9718,"date":"2022-04-07T09:31:01","date_gmt":"2022-04-07T13:31:01","guid":{"rendered":"http:\/\/hospitaldechillan.cl\/web\/?p=9718"},"modified":"2022-04-07T14:58:35","modified_gmt":"2022-04-07T18:58:35","slug":"hospital-de-chillan-consolida-la-habilitacion-permanente-de-54-camas-criticas-para-adultos","status":"publish","type":"post","link":"https:\/\/hospitaldechillan.cl\/web\/hospital-de-chillan-consolida-la-habilitacion-permanente-de-54-camas-criticas-para-adultos\/","title":{"rendered":"Hospital de Chill\u00e1n consolida la habilitaci\u00f3n permanente de 54 camas cr\u00edticas para adultos"},"content":{"rendered":"\n<p>Pabellones, salas\nde recuperaci\u00f3n y hasta unidades pedi\u00e1tricas, albergaron camas cr\u00edticas\ndurante los per\u00edodos m\u00e1s complejos de la pandemia del Covid-19 en el Hospital Cl\u00ednico Herminda Mart\u00edn, en un esfuerzo institucional in\u00e9dito con exitosos resultados.<\/p>\n\n\n\n<p>A medida que los\nindicadores epidemiol\u00f3gicos mejoraban, se decid\u00eda el desescalamiento de la\ncapacidad instalada, mientras que, frente a un repunte en las tasas de\nocupaci\u00f3n hospitalaria, se pon\u00eda nuevamente en marcha la reconversi\u00f3n\nprogresiva de cupos. <\/p>\n\n\n\n<p>El temprano\nplan de inversi\u00f3n en tecnolog\u00eda y de formaci\u00f3n de equipos cl\u00ednicos para\nsostener esta din\u00e1mica, es lo que hoy permite al principal centro de salud de\nla Regi\u00f3n de \u00d1uble consolidar la habilitaci\u00f3n definitiva de 54 camas cr\u00edticas, intensivas\ne intermedias, para la atenci\u00f3n de adultos, esto es, el doble de la dotaci\u00f3n\nque ten\u00eda antes de la crisis sanitaria y de su capacidad hist\u00f3rica. <\/p>\n\n\n\n<p>A los 26 cupos disponibles\nen la Unidad de Paciente Cr\u00edtico (UPC), ubicada en el tercer piso de la torre\nhospitalaria, con 20 camas de cuidados intensivos y 6 de intermedios, desde hoy\nse agregan, en forma permanente, dos nuevas Unidades de Tratamiento Intermedio\n(TIM), que suman 16 camas y otra Unidad de Paciente Cr\u00edtico (UPC) Quir\u00fargico,\nque incluye 4 camas intensivas y 4 intermedias. <\/p>\n\n\n\n<p>\u201cEste es un\navance hist\u00f3rico que no solo fortalece la capacidad de atenci\u00f3n de nuestro\nhospital, sino que, de toda la red de \u00d1uble, para todas y todos los usuarios de\nla Regi\u00f3n que lo requieran. Lo hicimos a partir de un plan progresivo,\nrespaldado t\u00e9cnica y financieramente por el Ministerio de Salud y que cuenta\ncon la tecnolog\u00eda y personal de alto nivel t\u00e9cnico\u201d, destaca el director Luis\nP\u00e9rez Ojeda. <\/p>\n\n\n\n<p>Con la apertura de estas unidades, expresa el\ndirectivo, el Hospital se pone al d\u00eda para responder a la creciente demanda por\nhospitalizaciones que requieren cuidados cr\u00edticos no solo por Covid-19 sino\nque, en el caso de personas con politraumatismos, accidentes cerebrovasculares\no infartos, cuadros que responden a la carga de enfermedades cr\u00f3nicas de la\npoblaci\u00f3n y a un perfil asociado a los cambios sociales y demogr\u00e1ficos.<\/p>\n\n\n\n<figure class=\"wp-block-image\"><img loading=\"lazy\" decoding=\"async\" width=\"640\" height=\"360\" src=\"https:\/\/hospitaldechillan.cl\/web\/wp-content_Hos\/uploads\/2022\/04\/web2-640x360.jpg\" alt=\"\" class=\"wp-image-9720\" srcset=\"https:\/\/hospitaldechillan.cl\/web\/wp-content\/uploads\/2022\/04\/web2-640x360.jpg 640w, https:\/\/hospitaldechillan.cl\/web\/wp-content\/uploads\/2022\/04\/web2-768x432.jpg 768w, https:\/\/hospitaldechillan.cl\/web\/wp-content\/uploads\/2022\/04\/web2-1200x675.jpg 1200w, https:\/\/hospitaldechillan.cl\/web\/wp-content\/uploads\/2022\/04\/web2.jpg 1600w\" sizes=\"auto, (max-width: 640px) 100vw, 640px\" \/><\/figure>\n\n\n\n<p><strong>El rol clave de los cuidados cr\u00edticos&nbsp; <\/strong><\/p>\n\n\n\n<p>A las unidades de cuidados\ncr\u00edticos ingresan aquellos pacientes con\npron\u00f3stico grave o con alto riesgo de presentar complicaciones y que\nrequieren un manejo especializado desde el punto de vista m\u00e9dico y de\nenfermer\u00eda.<\/p>\n\n\n\n<p>En cuidados intensivos, explica la\nsubdirectora m\u00e9dica (s) del establecimiento, doctora Jimena Vi\u00f1uela \u201cse reciben a los pacientes de mayor\ncomplejidad con requerimientos de soportes vitales como ventilaci\u00f3n mec\u00e1nica\ninvasiva y estabilizaci\u00f3n hemodin\u00e1mica.\nEn el caso de las unidades de cuidados intermedios, ingresan quienes siguen estando graves, pero\nque han logrado estabilizarse y a\u00fan necesitan de monitorizaci\u00f3n y cuidados\navanzados\u201d.<\/p>\n\n\n\n<p>\u201cLos nuevos dispositivos est\u00e1n completamente\nequipados, ya que dotar al hospital con ventiladores mec\u00e1nicos para la atenci\u00f3n de pacientes con altos requerimientos de\nasistencia respiratoria, monitorizaci\u00f3n continua y manejo cl\u00ednico\nespecializado, fue una de las necesidades m\u00e1s apremiantes al inicio de la\npandemia, que en nuestro caso tuvo una r\u00e1pida\ny robusta inversi\u00f3n que super\u00f3 los 3 mil millones de pesos, enfatiz\u00f3 la\nfacultativa. &nbsp;<\/p>\n\n\n\n<p><strong>M\u00e1s de 100 de personas contratadas<\/strong><\/p>\n\n\n\n<p>Las unidades cr\u00edticas requieren de un staff\nmultidisciplinario que aborda las distintas necesidades de las y los pacientes.\nPor ello, su apertura signific\u00f3 la contrataci\u00f3n de 102 personas: 18 m\u00e9dicos, 26\nenfermeras, 11 kinesi\u00f3logos, 34 t\u00e9cnicos en enfermer\u00eda, 8 auxiliares, 3\nfonoaudi\u00f3logos y 2 terapeutas ocupacionales. <\/p>\n\n\n\n<p>\u201cGran parte\nde estas personas trabajaban con nosotros mientras las unidades eran\ntransitorias, en modalidad de reemplazo o de refuerzo durante la pandemia. Para\nconsolidar estas \u00e1reas de atenci\u00f3n cr\u00edtica contamos con los recursos para su\ncontrataci\u00f3n, lo que tambi\u00e9n nos permite avanzar en calidad del empleo y\nequidad para las personas que forman parte de nuestra instituci\u00f3n, lo que se\ntraduce en cobertura previsional, protecci\u00f3n, pago de asignaciones especiales y\nel acceso a la carrera funcionaria\u201d, precis\u00f3 el director del Hospital. <\/p>\n\n\n\n<p>P\u00e9rez Ojeda, dijo que existe un compromiso por continuar mejorando los\nservicios hospitalarios y seguir invirtiendo para atender las actuales\nnecesidades de las personas y as\u00ed transitar en las mejores condiciones hacia el\nnuevo Hospital Regional en construcci\u00f3n. \u201cDuplicar nuestra capacidad de\natenci\u00f3n en el \u00e1rea de cuidados cr\u00edticos es una prueba concreta de ello\u201d,\npuntualiz\u00f3. <\/p>\n","protected":false},"excerpt":{"rendered":"<p>\u2022\tLos nuevos cupos duplican la dotaci\u00f3n de camas de alta complejidad disponibles antes de la pandemia y fortalecen la capacidad de atenci\u00f3n oportuna y especializada para los m\u00e1s de 500 mil habitantes de la Regi\u00f3n.<\/p>\n","protected":false},"author":3,"featured_media":9719,"comment_status":"open","ping_status":"closed","sticky":false,"template":"","format":"standard","meta":{"_acf_changed":false,"_monsterinsights_skip_tracking":false,"_monsterinsights_sitenote_active":false,"_monsterinsights_sitenote_note":"","_monsterinsights_sitenote_category":0,"footnotes":""},"categories":[4],"tags":[],"class_list":["post-9718","post","type-post","status-publish","format-standard","has-post-thumbnail","hentry","category-noticias"],"acf":[],"publishpress_future_action":{"enabled":false,"date":"2026-05-05 10:57:45","action":"change-status","newStatus":"draft","terms":[],"taxonomy":"category","extraData":[]},"publishpress_future_workflow_manual_trigger":{"enabledWorkflows":[]},"_links":{"self":[{"href":"https:\/\/hospitaldechillan.cl\/web\/wp-json\/wp\/v2\/posts\/9718","targetHints":{"allow":["GET"]}}],"collection":[{"href":"https:\/\/hospitaldechillan.cl\/web\/wp-json\/wp\/v2\/posts"}],"about":[{"href":"https:\/\/hospitaldechillan.cl\/web\/wp-json\/wp\/v2\/types\/post"}],"author":[{"embeddable":true,"href":"https:\/\/hospitaldechillan.cl\/web\/wp-json\/wp\/v2\/users\/3"}],"replies":[{"embeddable":true,"href":"https:\/\/hospitaldechillan.cl\/web\/wp-json\/wp\/v2\/comments?post=9718"}],"version-history":[{"count":0,"href":"https:\/\/hospitaldechillan.cl\/web\/wp-json\/wp\/v2\/posts\/9718\/revisions"}],"wp:featuredmedia":[{"embeddable":true,"href":"https:\/\/hospitaldechillan.cl\/web\/wp-json\/wp\/v2\/media\/9719"}],"wp:attachment":[{"href":"https:\/\/hospitaldechillan.cl\/web\/wp-json\/wp\/v2\/media?parent=9718"}],"wp:term":[{"taxonomy":"category","embeddable":true,"href":"https:\/\/hospitaldechillan.cl\/web\/wp-json\/wp\/v2\/categories?post=9718"},{"taxonomy":"post_tag","embeddable":true,"href":"https:\/\/hospitaldechillan.cl\/web\/wp-json\/wp\/v2\/tags?post=9718"}],"curies":[{"name":"wp","href":"https:\/\/api.w.org\/{rel}","templated":true}]}}