{"id":9627,"date":"2022-02-03T11:44:26","date_gmt":"2022-02-03T15:44:26","guid":{"rendered":"http:\/\/hospitaldechillan.cl\/web\/?p=9627"},"modified":"2022-02-03T14:34:38","modified_gmt":"2022-02-03T18:34:38","slug":"en-el-hospital-de-chillan-nacen-las-primeras-trillizas-de-este-ano","status":"publish","type":"post","link":"https:\/\/hospitaldechillan.cl\/web\/en-el-hospital-de-chillan-nacen-las-primeras-trillizas-de-este-ano\/","title":{"rendered":"En el Hospital de Chill\u00e1n nacen las primeras trillizas de este a\u00f1o"},"content":{"rendered":"\n<p>Han transcurrido 7 d\u00edas del exitoso parto m\u00faltiple, atendido por el equipo de <strong>Obstetricia y Ginecolog\u00eda del Hospital Cl\u00ednico Herminda Mart\u00edn<\/strong>, que trajo al mundo a <strong>Dominique Andrea, Pascal Ignacia y a Monserrat Antonia<\/strong>, quienes nacieron por ces\u00e1rea de urgencia y con solo dos minutos de diferencia, para alegrar la vida de una pareja de sancarlinos, su madre <strong>Carmen Olivera y de su padre Javier Bast\u00edas. <\/strong><\/p>\n\n\n\n<p>Las bebitas son prematuras extremas, pues nacieron a las 30 semanas de gestaci\u00f3n, por lo que permanecen en la <strong>Unidad de Tratamiento Intermedio Neonatales, luego de superar todas los primeros d\u00edas de cuidados intensivos<\/strong>. Dominique, quien fue la primera en nacer, pes\u00f3 1 kilo 560 gramos y midi\u00f3 41 cms; Pascal fue la m\u00e1s peque\u00f1a, con 1 kilo 200 gramos y 38 cent\u00edmetros; mientras que Montserrat fue la m\u00e1s grande, midiendo 41 cent\u00edmetros y pesando 1 kilo 650 gramos. <\/p>\n\n\n\n<p>Este evento requiri\u00f3 de un triple equipo de atenci\u00f3n compuesto por matrones, t\u00e9cnicos de enfermer\u00eda, neonat\u00f3logos y ginecoobstetras. \u201cEste a\u00f1o al igual que el 2021, una atenci\u00f3n de urgencia deriv\u00f3 en el nacimiento de trillizas. Un parto m\u00faltiple, siempre requiere de gran coordinaci\u00f3n con otros servicios hospitalarios, como el de neonatolog\u00eda y te exige actuar r\u00e1pido para reunir a los t\u00e9cnicos y profesionales que estar\u00e1n en el procedimiento. Estamos muy orgullosos del desempe\u00f1o de nuestro personal, que como siempre estuvo a la altura de lo que se necesitaba para con \u00e9xito recibir a estas tres peque\u00f1as\u201d, <strong>destac\u00f3 el Dr. Ren\u00e9 Fabbri, jefe (s) de Ginecolog\u00eda y Obstetricia.<\/strong> <\/p>\n\n\n\n<p>De\nacuerdo con el especialista, \u201cla resoluci\u00f3n de parto en un embarazo m\u00faltiple va\na depender de la condici\u00f3n fetal, del n\u00famero de placentas y sacos embrionarios,\nde cu\u00e1ntos fetos sean y la posici\u00f3n en que \u00e9stos se encuentren dentro del \u00fatero.\nEn este caso, eran tres y por eso optamos por una ces\u00e1rea de urgencia. La madre\nse control\u00f3 peri\u00f3dicamente en nuestra Unidad Materno Fetal y tras el parto solo\nestuvo 2 d\u00edas hospitalizada, en los cuales pudo estar con sus hijas, iniciar la\nlactancia y vincularse de forma afectiva con ellas\u201d. <\/p>\n\n\n\n<p>En la\nmayor\u00eda de los casos, los embarazos m\u00faltiples tienen como consecuencia un parto\nprematuro, que requiere la hospitalizaci\u00f3n de los reci\u00e9n nacidos. <\/p>\n\n\n\n<figure class=\"wp-block-image\"><img loading=\"lazy\" decoding=\"async\" width=\"640\" height=\"360\" src=\"https:\/\/hospitaldechillan.cl\/web\/wp-content_Hos\/uploads\/2022\/02\/trillizas-equipo-web-640x360.jpg\" alt=\"\" class=\"wp-image-9631\" srcset=\"https:\/\/hospitaldechillan.cl\/web\/wp-content\/uploads\/2022\/02\/trillizas-equipo-web-640x360.jpg 640w, https:\/\/hospitaldechillan.cl\/web\/wp-content\/uploads\/2022\/02\/trillizas-equipo-web-768x432.jpg 768w, https:\/\/hospitaldechillan.cl\/web\/wp-content\/uploads\/2022\/02\/trillizas-equipo-web-1200x675.jpg 1200w, https:\/\/hospitaldechillan.cl\/web\/wp-content\/uploads\/2022\/02\/trillizas-equipo-web.jpg 1600w\" sizes=\"auto, (max-width: 640px) 100vw, 640px\" \/><\/figure>\n\n\n\n<p>La <strong>enfermera jefa (s) de la Unidad de Neonatolog\u00eda, Jacqueline Bast\u00edas<\/strong>, comenta que \u201clas beb\u00e9s est\u00e1n evolucionando favorablemente. En los primeros d\u00edas, realizamos diversos ex\u00e1menes para evaluar su condici\u00f3n de salud y monitorearlas. En la Unidad, adem\u00e1s, pueden fortalecer el apego con su madre, ya que se mantiene el acompa\u00f1amiento diurno y tambi\u00e9n\nla lactancia materna, aunque no puedan a\u00fan tomar directamente del pecho de la\nmam\u00e1. Actualmente, las tres est\u00e1n en la Unidad de tratamiento Intermedio\u201d. <\/p>\n\n\n\n<p><strong>Confianza y amor de los padres<\/strong><\/p>\n\n\n\n<p>A sus\n28 a\u00f1os, Carmen nunca hab\u00eda vivido una experiencia tan intensa como este parto simult\u00e1neo.\nElla ya es madre de dos ni\u00f1as \u2013de 12 y 9 a\u00f1os- pero en este caso, fue muy\ndif\u00edcil el quedar embarazada nuevamente. Con Javier, su esposo, buscaron el\nembarazo por m\u00e1s de un a\u00f1o y de forma sorpresiva se enteraron que ser\u00edan\nnuevamente padres. <\/p>\n\n\n\n<figure class=\"wp-block-image\"><img loading=\"lazy\" decoding=\"async\" width=\"640\" height=\"360\" src=\"https:\/\/hospitaldechillan.cl\/web\/wp-content_Hos\/uploads\/2022\/02\/beb-2-web-640x360.jpg\" alt=\"\" class=\"wp-image-9632\" srcset=\"https:\/\/hospitaldechillan.cl\/web\/wp-content\/uploads\/2022\/02\/beb-2-web-640x360.jpg 640w, https:\/\/hospitaldechillan.cl\/web\/wp-content\/uploads\/2022\/02\/beb-2-web-768x432.jpg 768w, https:\/\/hospitaldechillan.cl\/web\/wp-content\/uploads\/2022\/02\/beb-2-web-1200x675.jpg 1200w, https:\/\/hospitaldechillan.cl\/web\/wp-content\/uploads\/2022\/02\/beb-2-web.jpg 1600w\" sizes=\"auto, (max-width: 640px) 100vw, 640px\" \/><\/figure>\n\n\n\n<p>\u201cUna\nsemana antes de que mis ni\u00f1as nacieran, estuve hospitalizada para realizar la\nmaduraci\u00f3n pulmonar de ellas. Y luego, el 26 empec\u00e9 con labor de parto y\ncontracciones. Tras acudir a mi control en la Unidad de Alto Riesgo Obst\u00e9trico\ny luego de que me examinaran, la decisi\u00f3n fue que consultara por urgencia y ah\u00ed\nsupe que nacer\u00edan ese d\u00eda\u201d, cont\u00f3. <\/p>\n\n\n\n<figure class=\"wp-block-image\"><img loading=\"lazy\" decoding=\"async\" width=\"640\" height=\"360\" src=\"https:\/\/hospitaldechillan.cl\/web\/wp-content_Hos\/uploads\/2022\/02\/papa-con-domi-640x360.jpg\" alt=\"\" class=\"wp-image-9633\" srcset=\"https:\/\/hospitaldechillan.cl\/web\/wp-content\/uploads\/2022\/02\/papa-con-domi-640x360.jpg 640w, https:\/\/hospitaldechillan.cl\/web\/wp-content\/uploads\/2022\/02\/papa-con-domi-768x432.jpg 768w, https:\/\/hospitaldechillan.cl\/web\/wp-content\/uploads\/2022\/02\/papa-con-domi-1200x675.jpg 1200w, https:\/\/hospitaldechillan.cl\/web\/wp-content\/uploads\/2022\/02\/papa-con-domi.jpg 1600w\" sizes=\"auto, (max-width: 640px) 100vw, 640px\" \/><\/figure>\n\n\n\n<p>En ese\nescenario, hab\u00eda que revisar la disponibilidad de incubadoras en Neonatolog\u00eda y\nprogramar la cirug\u00eda. \u201cEn urgencia, el Dr. Burgos sugiri\u00f3 la preparaci\u00f3n de\npabell\u00f3n para recibir a las ni\u00f1as. Fue agobiante, porque Pascal la m\u00e1s\npeque\u00f1ita hab\u00eda retrocedido en su peso. Ten\u00eda reci\u00e9n 30 semanas, pero definitivamente\nno era posible esperar m\u00e1s\u201d, dijo Carmen. <\/p>\n\n\n\n<figure class=\"wp-block-image\"><img loading=\"lazy\" decoding=\"async\" width=\"640\" height=\"360\" src=\"https:\/\/hospitaldechillan.cl\/web\/wp-content_Hos\/uploads\/2022\/02\/beb\u00e9-1-640x360.jpg\" alt=\"\" class=\"wp-image-9634\" srcset=\"https:\/\/hospitaldechillan.cl\/web\/wp-content\/uploads\/2022\/02\/beb\u00e9-1-640x360.jpg 640w, https:\/\/hospitaldechillan.cl\/web\/wp-content\/uploads\/2022\/02\/beb\u00e9-1-768x432.jpg 768w, https:\/\/hospitaldechillan.cl\/web\/wp-content\/uploads\/2022\/02\/beb\u00e9-1-1200x675.jpg 1200w, https:\/\/hospitaldechillan.cl\/web\/wp-content\/uploads\/2022\/02\/beb\u00e9-1.jpg 1600w\" sizes=\"auto, (max-width: 640px) 100vw, 640px\" \/><\/figure>\n\n\n\n<p>\u201cMis\nhijas m\u00e1s grandes est\u00e1n felices y solo quieren ver a sus hermanitas. Mientras\nque yo estoy con las emociones muy fluctuantes, porque nacieron, pero no las\ntengo conmigo y viajo dos veces al d\u00eda de San Carlos, para verlas y dejarles su\nleche. Estoy muy contenta porque dos de ellas est\u00e1n respirando solitas. Nos han\ndado muchos tips, estoy muy agradecida de la educaci\u00f3n y apoyo que nos han\ndado, el equipo completo se ha portado muy bien con nosotros\u201d, cont\u00f3 Carmen. <\/p>\n\n\n\n<p>El pap\u00e1\ndice que \u201cha sido una bonita experiencia. Desde que supimos que estaba\nembarazada fue todo nuevo, un embarazo at\u00edpico. No fue artificial, sino solo\nfruto del amor. Estoy &nbsp;agradecido del\nequipo completo del hospital. Han tenido la amabilidad de entregarnos la\ninformaci\u00f3n precisa y llamamos cuando lo creemos necesario. Nos da la\ntranquilidad de que est\u00e1n en buenas manos\u201d. <\/p>\n\n\n\n<p>Cabe\ndestacar que \u00e9ste es el segundo parto m\u00faltiple atendido durante la pandemia en\n\u00d1uble. <\/p>\n","protected":false},"excerpt":{"rendered":"<p>En la semana 30 de gestaci\u00f3n nacieron Dominique, Pascal y Monserrat. Son prematuras extremas y desde su nacimiento \u2013el 27 de enero- se mantienen hospitalizadas en la Unidad de Cuidados Intermedios Neonatales, con una evoluci\u00f3n favorable. \u00c9ste es el segundo parto m\u00faltiple ocurrido durante la pandemia en \u00d1uble.<\/p>\n","protected":false},"author":3,"featured_media":9630,"comment_status":"open","ping_status":"closed","sticky":false,"template":"","format":"standard","meta":{"_acf_changed":false,"_monsterinsights_skip_tracking":false,"_monsterinsights_sitenote_active":false,"_monsterinsights_sitenote_note":"","_monsterinsights_sitenote_category":0,"footnotes":""},"categories":[4],"tags":[],"class_list":["post-9627","post","type-post","status-publish","format-standard","has-post-thumbnail","hentry","category-noticias"],"acf":[],"publishpress_future_action":{"enabled":false,"date":"2026-05-08 22:23:13","action":"change-status","newStatus":"draft","terms":[],"taxonomy":"category","extraData":[]},"publishpress_future_workflow_manual_trigger":{"enabledWorkflows":[]},"_links":{"self":[{"href":"https:\/\/hospitaldechillan.cl\/web\/wp-json\/wp\/v2\/posts\/9627","targetHints":{"allow":["GET"]}}],"collection":[{"href":"https:\/\/hospitaldechillan.cl\/web\/wp-json\/wp\/v2\/posts"}],"about":[{"href":"https:\/\/hospitaldechillan.cl\/web\/wp-json\/wp\/v2\/types\/post"}],"author":[{"embeddable":true,"href":"https:\/\/hospitaldechillan.cl\/web\/wp-json\/wp\/v2\/users\/3"}],"replies":[{"embeddable":true,"href":"https:\/\/hospitaldechillan.cl\/web\/wp-json\/wp\/v2\/comments?post=9627"}],"version-history":[{"count":0,"href":"https:\/\/hospitaldechillan.cl\/web\/wp-json\/wp\/v2\/posts\/9627\/revisions"}],"wp:featuredmedia":[{"embeddable":true,"href":"https:\/\/hospitaldechillan.cl\/web\/wp-json\/wp\/v2\/media\/9630"}],"wp:attachment":[{"href":"https:\/\/hospitaldechillan.cl\/web\/wp-json\/wp\/v2\/media?parent=9627"}],"wp:term":[{"taxonomy":"category","embeddable":true,"href":"https:\/\/hospitaldechillan.cl\/web\/wp-json\/wp\/v2\/categories?post=9627"},{"taxonomy":"post_tag","embeddable":true,"href":"https:\/\/hospitaldechillan.cl\/web\/wp-json\/wp\/v2\/tags?post=9627"}],"curies":[{"name":"wp","href":"https:\/\/api.w.org\/{rel}","templated":true}]}}