{"id":962,"date":"2015-01-02T14:30:19","date_gmt":"2015-01-02T18:30:19","guid":{"rendered":"http:\/\/hospitaldechillan.cl\/web\/?p=962"},"modified":"2015-01-02T14:30:53","modified_gmt":"2015-01-02T18:30:53","slug":"agustin-fue-el-primer-recien-nacido-en-chillan","status":"publish","type":"post","link":"https:\/\/hospitaldechillan.cl\/web\/agustin-fue-el-primer-recien-nacido-en-chillan\/","title":{"rendered":"Agust\u00edn fue el primer reci\u00e9n nacido en Chill\u00e1n"},"content":{"rendered":"<p>Durante la madrugada de este jueves, naci\u00f3 Agust\u00edn San Juan Novoa, el primer beb\u00e9 de nuestro Hospital del a\u00f1o 2015. El peque\u00f1o, pes\u00f3 3 kilos 620 gramos, midi\u00f3 50 cent\u00edmetros y es el primer hijo de Jacqueline Novoa, quien desde hace m\u00e1s de siete de a\u00f1os esperaba este emocionante momento. \u201cMe sent\u00ed s\u00faper contenta de que Agust\u00edn haya sido el primer beb\u00e9 en nacer este a\u00f1o en la ciudad, nosotros ten\u00edamos fecha para el 25 diciembre, pero no fue as\u00ed, y finalmente nuestro hijo naci\u00f3 sin complicaciones que es lo m\u00e1s importante, por eso estamos felices de que finalmente este con nosotros\u201d, coment\u00f3 la emocionada madre del ni\u00f1o.<br \/>\nA la llegada de Agust\u00edn se sum\u00f3 el nacimiento de Montserrat Mardones, a las 5:44, quien pes\u00f3 3 kilos 175 gramos y midi\u00f3 49 cent\u00edmetros. Su madre Cindy Mardones, quien reside en Pemuco, fue trasladada al Hospital luego de que en la celebraci\u00f3n hogare\u00f1a comenzara con el trabajo de parto.<\/p>\n<p><a href=\"https:\/\/hospitaldechillan.cl\/web\/wp-content_Hos\/uploads\/2015\/01\/bb-3.jpg\"><img loading=\"lazy\" decoding=\"async\" class=\"alignnone size-medium wp-image-964\" src=\"https:\/\/hospitaldechillan.cl\/web\/wp-content_Hos\/uploads\/2015\/01\/bb-3-640x360.jpg\" alt=\"bb 3\" width=\"640\" height=\"360\" srcset=\"https:\/\/hospitaldechillan.cl\/web\/wp-content\/uploads\/2015\/01\/bb-3-640x360.jpg 640w, https:\/\/hospitaldechillan.cl\/web\/wp-content\/uploads\/2015\/01\/bb-3-1200x675.jpg 1200w, https:\/\/hospitaldechillan.cl\/web\/wp-content\/uploads\/2015\/01\/bb-3.jpg 1600w\" sizes=\"auto, (max-width: 640px) 100vw, 640px\" \/><\/a><br \/>\nAmbos reci\u00e9n nacidos junto a las mujeres hospitalizadas en la maternidad del Hospital, recibieron la visita de la Gobernadora de \u00d1uble, Lorena Vera, quien les entreg\u00f3 un efusivo saludo. \u201cEs hermoso poder visitar a las mujeres que se encuentran ac\u00e1, sobre todo aquellas que tuvieron su hijo en las primeras horas del nuevo a\u00f1o. Creo que es una excelente manera de comenzar el 2015 por eso les compart\u00ed mis mejores deseos, mucho cari\u00f1o y felicidad en todo lo que viene\u201d, expres\u00f3 la gobernadora.<\/p>\n<p><a href=\"https:\/\/hospitaldechillan.cl\/web\/wp-content_Hos\/uploads\/2015\/01\/bb-2.jpg\"><img loading=\"lazy\" decoding=\"async\" class=\"alignnone size-medium wp-image-965\" src=\"https:\/\/hospitaldechillan.cl\/web\/wp-content_Hos\/uploads\/2015\/01\/bb-2-640x360.jpg\" alt=\"bb 2\" width=\"640\" height=\"360\" srcset=\"https:\/\/hospitaldechillan.cl\/web\/wp-content\/uploads\/2015\/01\/bb-2-640x360.jpg 640w, https:\/\/hospitaldechillan.cl\/web\/wp-content\/uploads\/2015\/01\/bb-2-1200x675.jpg 1200w, https:\/\/hospitaldechillan.cl\/web\/wp-content\/uploads\/2015\/01\/bb-2.jpg 1600w\" sizes=\"auto, (max-width: 640px) 100vw, 640px\" \/><\/a><\/p>\n","protected":false},"excerpt":{"rendered":"<p>El ni\u00f1o naci\u00f3 sin complicaciones en el Pabell\u00f3n de Obstetricia y Ginecolog\u00eda a las 04:27 del jueves 01 de enero.  <\/p>\n","protected":false},"author":3,"featured_media":963,"comment_status":"open","ping_status":"closed","sticky":false,"template":"","format":"standard","meta":{"_acf_changed":false,"_monsterinsights_skip_tracking":false,"_monsterinsights_sitenote_active":false,"_monsterinsights_sitenote_note":"","_monsterinsights_sitenote_category":0,"footnotes":""},"categories":[4],"tags":[],"class_list":["post-962","post","type-post","status-publish","format-standard","has-post-thumbnail","hentry","category-noticias"],"acf":[],"publishpress_future_action":{"enabled":false,"date":"2026-05-06 10:38:31","action":"change-status","newStatus":"draft","terms":[],"taxonomy":"category","extraData":[]},"publishpress_future_workflow_manual_trigger":{"enabledWorkflows":[]},"_links":{"self":[{"href":"https:\/\/hospitaldechillan.cl\/web\/wp-json\/wp\/v2\/posts\/962","targetHints":{"allow":["GET"]}}],"collection":[{"href":"https:\/\/hospitaldechillan.cl\/web\/wp-json\/wp\/v2\/posts"}],"about":[{"href":"https:\/\/hospitaldechillan.cl\/web\/wp-json\/wp\/v2\/types\/post"}],"author":[{"embeddable":true,"href":"https:\/\/hospitaldechillan.cl\/web\/wp-json\/wp\/v2\/users\/3"}],"replies":[{"embeddable":true,"href":"https:\/\/hospitaldechillan.cl\/web\/wp-json\/wp\/v2\/comments?post=962"}],"version-history":[{"count":0,"href":"https:\/\/hospitaldechillan.cl\/web\/wp-json\/wp\/v2\/posts\/962\/revisions"}],"wp:featuredmedia":[{"embeddable":true,"href":"https:\/\/hospitaldechillan.cl\/web\/wp-json\/wp\/v2\/media\/963"}],"wp:attachment":[{"href":"https:\/\/hospitaldechillan.cl\/web\/wp-json\/wp\/v2\/media?parent=962"}],"wp:term":[{"taxonomy":"category","embeddable":true,"href":"https:\/\/hospitaldechillan.cl\/web\/wp-json\/wp\/v2\/categories?post=962"},{"taxonomy":"post_tag","embeddable":true,"href":"https:\/\/hospitaldechillan.cl\/web\/wp-json\/wp\/v2\/tags?post=962"}],"curies":[{"name":"wp","href":"https:\/\/api.w.org\/{rel}","templated":true}]}}