{"id":9613,"date":"2022-01-25T11:30:10","date_gmt":"2022-01-25T15:30:10","guid":{"rendered":"http:\/\/hospitaldechillan.cl\/web\/?p=9613"},"modified":"2022-01-25T11:31:37","modified_gmt":"2022-01-25T15:31:37","slug":"hospital-comunica-suspension-de-visitas-por-aumento-de-casos-covid-desde-este-miercoles-26-de-enero","status":"publish","type":"post","link":"https:\/\/hospitaldechillan.cl\/web\/hospital-comunica-suspension-de-visitas-por-aumento-de-casos-covid-desde-este-miercoles-26-de-enero\/","title":{"rendered":"Hospital comunica suspensi\u00f3n de visitas por aumento de casos COVID desde este mi\u00e9rcoles 26 de enero"},"content":{"rendered":"\n<p>Frente\nal alza de casos confirmados de COVID-19 en la Regi\u00f3n y el pa\u00eds, el Hospital\nCl\u00ednico Herminda Mart\u00edn (HCHM) de Chill\u00e1n, suspender\u00e1 temporalmente las visitas\na los pacientes adultos hospitalizados, con el objetivo de proteger su\nrecuperaci\u00f3n, as\u00ed como tambi\u00e9n la salud de su familia y del personal a cargo de\nsu atenci\u00f3n. <\/p>\n\n\n\n<p>El\nacompa\u00f1amiento diurno, de ni\u00f1os y ni\u00f1as, se mantendr\u00e1 de la misma manera como\nse ha preservado durante la pandemia. La compa\u00f1\u00eda nocturna se mantiene\nsuspendida.<\/p>\n\n\n\n<table class=\"wp-block-table\"><tbody><tr><td>\n  <strong>Servicios <\/strong>\n  <\/td><td>\n  <strong>Acompa\u00f1amiento de <\/strong>\n  <\/td><\/tr><tr><td>\n  Pediatr\u00eda\n  y Cirug\u00eda Infantil&nbsp; \n  <\/td><td>\n  Lunes\n  a domingo, de 9 a 20 horas\n  <\/td><\/tr><tr><td>\n  Neonatolog\u00eda\n  <\/td><td>\n  Lunes\n  a domingo, de 9 a 19 horas\n  <\/td><\/tr><tr><td>\n  UCI\n  Y TIM Pedi\u00e1trico\n  <\/td><td>\n  Lunes\n  a domingo, de 10 a 14 horas\n  <\/td><\/tr><\/tbody><\/table>\n\n\n\n<p><strong><br>\n<\/strong>Solange\nJelvez, jefa del Departamento de Gesti\u00f3n y Participaci\u00f3n Usuaria, expres\u00f3 que\n\u201csin duda la compa\u00f1\u00eda de sus familiares favorece la recuperaci\u00f3n de los pacientes,\npero la situaci\u00f3n epidemiol\u00f3gica nos obliga a tomar esta medida, la que\nesperamos revertir prontamente para reanudar los horarios de visitas\u201d. <\/p>\n\n\n\n<p>\u201cA\npesar de esta medida transitoria, se mantiene el programa para contactarse con\nlos pacientes a trav\u00e9s de videollamadas, las que se agendan a trav\u00e9s del sitio\nweb, <a href=\"http:\/\/www.hospitalchillan.cl\">www.hospitalchillan.cl<\/a>. Adem\u00e1s, en el mismo lugar\nse pueden revisar los tel\u00e9fonos de contacto para consultar por el estado de\nsalud de las usuarias y usuarios\u201d, explic\u00f3 la\nprofesional.\n<\/p>\n\n\n\n<p><strong>Atenci\u00f3n en el Centro de\nEspecialidades<\/strong><\/p>\n\n\n\n<p>En\nesta misma l\u00ednea, con el prop\u00f3sito de disminuir la posibilidad de contagios, las\nautoridades hospitalarias reiteraron el llamado para que las personas acudan\nsin acompa\u00f1antes al Centro Ambulatorio de Especialidades (CAE), a menos que se\ntrata de ni\u00f1os, ni\u00f1as, adultos mayores o personas que requieran apoyo. <\/p>\n\n\n\n<p>El\nsubdirector m\u00e9dico, doctor Antonio Salinas, explic\u00f3 que se han adoptado las\nprecauciones para minimizar el riesgo de contagio durante la atenci\u00f3n. \u201cHemos\nrealizado una serie de ajustes en el CAE para\natender de forma m\u00e1s segura, con citaciones diferidas, demarcaci\u00f3n de \u00e1reas de\ncirculaci\u00f3n, pero es muy importante evitar aglomeraciones y para eso tenemos\nque insistir en el control del aforo\u201d. <\/p>\n","protected":false},"excerpt":{"rendered":"<p>La medida busca prevenir contagios en los pacientes y el personal de salud, disminuyendo la circulaci\u00f3n de personas al interior del recinto. En la misma l\u00ednea, el llamado es acudir al centro de especialidades sin acompa\u00f1antes para evitar aglomeraciones.  <\/p>\n","protected":false},"author":3,"featured_media":9614,"comment_status":"open","ping_status":"closed","sticky":false,"template":"","format":"standard","meta":{"_acf_changed":false,"_monsterinsights_skip_tracking":false,"_monsterinsights_sitenote_active":false,"_monsterinsights_sitenote_note":"","_monsterinsights_sitenote_category":0,"footnotes":""},"categories":[4],"tags":[],"class_list":["post-9613","post","type-post","status-publish","format-standard","has-post-thumbnail","hentry","category-noticias"],"acf":[],"publishpress_future_action":{"enabled":false,"date":"2026-05-07 10:35:38","action":"change-status","newStatus":"draft","terms":[],"taxonomy":"category","extraData":[]},"publishpress_future_workflow_manual_trigger":{"enabledWorkflows":[]},"_links":{"self":[{"href":"https:\/\/hospitaldechillan.cl\/web\/wp-json\/wp\/v2\/posts\/9613","targetHints":{"allow":["GET"]}}],"collection":[{"href":"https:\/\/hospitaldechillan.cl\/web\/wp-json\/wp\/v2\/posts"}],"about":[{"href":"https:\/\/hospitaldechillan.cl\/web\/wp-json\/wp\/v2\/types\/post"}],"author":[{"embeddable":true,"href":"https:\/\/hospitaldechillan.cl\/web\/wp-json\/wp\/v2\/users\/3"}],"replies":[{"embeddable":true,"href":"https:\/\/hospitaldechillan.cl\/web\/wp-json\/wp\/v2\/comments?post=9613"}],"version-history":[{"count":0,"href":"https:\/\/hospitaldechillan.cl\/web\/wp-json\/wp\/v2\/posts\/9613\/revisions"}],"wp:featuredmedia":[{"embeddable":true,"href":"https:\/\/hospitaldechillan.cl\/web\/wp-json\/wp\/v2\/media\/9614"}],"wp:attachment":[{"href":"https:\/\/hospitaldechillan.cl\/web\/wp-json\/wp\/v2\/media?parent=9613"}],"wp:term":[{"taxonomy":"category","embeddable":true,"href":"https:\/\/hospitaldechillan.cl\/web\/wp-json\/wp\/v2\/categories?post=9613"},{"taxonomy":"post_tag","embeddable":true,"href":"https:\/\/hospitaldechillan.cl\/web\/wp-json\/wp\/v2\/tags?post=9613"}],"curies":[{"name":"wp","href":"https:\/\/api.w.org\/{rel}","templated":true}]}}