{"id":9486,"date":"2021-11-17T14:39:35","date_gmt":"2021-11-17T18:39:35","guid":{"rendered":"http:\/\/hospitaldechillan.cl\/web\/?p=9486"},"modified":"2021-11-17T14:39:40","modified_gmt":"2021-11-17T18:39:40","slug":"hospital-de-chillan-conmemoro-a-sus-pequenos-heroes-con-emotiva-celebracion","status":"publish","type":"post","link":"https:\/\/hospitaldechillan.cl\/web\/hospital-de-chillan-conmemoro-a-sus-pequenos-heroes-con-emotiva-celebracion\/","title":{"rendered":"Hospital de Chill\u00e1n conmemor\u00f3 a sus peque\u00f1os h\u00e9roes con emotiva celebraci\u00f3n"},"content":{"rendered":"\n<p><em>Familiares y equipos cl\u00ednicos se reencontraron\npara compartir vivencias a la vez agradecer se con quienes en el inicio de la\nvida de sus beb\u00e9s, fueron el apoyo que necesitaban y tambi\u00e9n, todos los\ncuidados especializados para los ni\u00f1os y ni\u00f1as que nacieron antes de completar\nsu gestaci\u00f3n en el vientre materno. <\/em><\/p>\n\n\n\n<p>Con su\ndisfraz favorito, acompa\u00f1ados de sus familiares y derrochando un sinf\u00edn de alegr\u00eda,\nlas ni\u00f1as y los ni\u00f1os prematuros nacidos en el Hospital Cl\u00ednico Herminda Mart\u00edn,\nse congregaron en el frontis del establecimiento para conmemorar el D\u00eda Mundial\nde la Ni\u00f1a y el Ni\u00f1o Prematuro. <\/p>\n\n\n\n<p>La\ntradicional y emotiva conmemoraci\u00f3n, re\u00fane a una especial comunidad integrada\npor quienes comparten la singular experiencia de nacer anticipadamente y\ntambi\u00e9n al equipo cl\u00ednico de neonatolog\u00eda, que los cuid\u00f3 los primeros meses de\nvida.<\/p>\n\n\n\n<figure class=\"wp-block-image\"><img loading=\"lazy\" decoding=\"async\" width=\"640\" height=\"360\" src=\"https:\/\/hospitaldechillan.cl\/web\/wp-content_Hos\/uploads\/2021\/11\/liam-web-640x360.jpg\" alt=\"\" class=\"wp-image-9488\" srcset=\"https:\/\/hospitaldechillan.cl\/web\/wp-content\/uploads\/2021\/11\/liam-web-640x360.jpg 640w, https:\/\/hospitaldechillan.cl\/web\/wp-content\/uploads\/2021\/11\/liam-web-768x432.jpg 768w, https:\/\/hospitaldechillan.cl\/web\/wp-content\/uploads\/2021\/11\/liam-web-1200x675.jpg 1200w, https:\/\/hospitaldechillan.cl\/web\/wp-content\/uploads\/2021\/11\/liam-web.jpg 1600w\" sizes=\"auto, (max-width: 640px) 100vw, 640px\" \/><\/figure>\n\n\n\n<p>John\nAgurto es padre de Liam, quien naci\u00f3 \u2013junto con su gemela Candam- el pasado 6\nde noviembre con 34 semanas de gestaci\u00f3n. Liam permanece hospitalizado, a\ndiferencia de su hermanita, debido a un peso inferior a los 2 kilos. Su pap\u00e1 lo\ncuida en la Unidad de Neonatolog\u00eda desde su nacimiento, entreg\u00e1ndole todo su\nafecto, porque Cristina, su mam\u00e1 est\u00e1 en casa al cuidado de su hermana. <\/p>\n\n\n\n<p>\u201cEstamos\nmuy felices con la llegada de nuestros gemelos, que son los primeros hijos que\ntenemos. Nos dividimos el trabajo, por eso yo cuido a Liam ac\u00e1 en la Unidad, con\ntoda la esperanza de que pronto estaremos en casa junto a su mam\u00e1 y su\nhermana\u201d, comenta con el peque\u00f1o entre sus brazos.&nbsp; <\/p>\n\n\n\n<p>Si bien,\nLiam naci\u00f3 solo 3 semanas antes de las 37 semanas en las que se considera un\nbeb\u00e9 de t\u00e9rmino, es considerado prematuro. No obstante, en la Unidad se\natienden menores a\u00fan m\u00e1s peque\u00f1os que es lo que se conocen como prematuros\nextremos, es decir, que nacen antes de las 32 semanas o pesan menos de 1 kilo y\n500 gramos. Seg\u00fan explica, el Dr. Julio Salas, M\u00e9dico Jefe de la Unidad de\nNeonatolog\u00eda \u201cLos avances m\u00e9dicos y tecnol\u00f3gicos, el\ndesarrollo de las unidades neonatales y de cuidados intensivos en las \u00faltimas\nd\u00e9cadas, han mejorado las expectativas de vida y las condiciones de salud de\nestos reci\u00e9n nacidos, a edades cada vez menores. Sin embargo, por esta\ncondici\u00f3n est\u00e1n expuestos\na enfermar y requieren de atenci\u00f3n especializada y cuidados para sobrevivir,\ncrecer y desarrollarse saludablemente\u201d.<\/p>\n\n\n\n<figure class=\"wp-block-image\"><img loading=\"lazy\" decoding=\"async\" width=\"640\" height=\"360\" src=\"https:\/\/hospitaldechillan.cl\/web\/wp-content_Hos\/uploads\/2021\/11\/disfraces-640x360.jpg\" alt=\"\" class=\"wp-image-9489\" srcset=\"https:\/\/hospitaldechillan.cl\/web\/wp-content\/uploads\/2021\/11\/disfraces-640x360.jpg 640w, https:\/\/hospitaldechillan.cl\/web\/wp-content\/uploads\/2021\/11\/disfraces-768x432.jpg 768w, https:\/\/hospitaldechillan.cl\/web\/wp-content\/uploads\/2021\/11\/disfraces-1200x675.jpg 1200w, https:\/\/hospitaldechillan.cl\/web\/wp-content\/uploads\/2021\/11\/disfraces.jpg 1600w\" sizes=\"auto, (max-width: 640px) 100vw, 640px\" \/><\/figure>\n\n\n\n<p>En el establecimiento en el 2020 hubo 2 mil 321 partos. De esa cantidad, el 16,8% es decir, 389 ni\u00f1os nacieron prematuros extremos. Mientras que en Neonatolog\u00eda se hospitalizaron 75 ni\u00f1os con prematurez extrema, o sea, que nacieron antes de las 32 semanas de gestaci\u00f3n. Ellos requieren cuidados especiales como por ejemplo manejo t\u00e9rmico, intervenci\u00f3n precoz de la madurez pulmonar o el \u00a0uso de tecnolog\u00eda avanzada para proteger su neurodesarrollo.<\/p>\n\n\n\n<p>Posterior\na la hospitalizaci\u00f3n, los ni\u00f1os y ni\u00f1as ingresan a un programa de seguimiento\npara abordar cualquier consecuencia que pueda tener el nacer antes de tiempo y\nen \u00e9l son evaluados por un equipo multidisciplinario hasta su ingreso a la\netapa escolar. <\/p>\n\n\n\n<p><strong>ALEGR\u00cdA DEL REENCUENTRO <\/strong><\/p>\n\n\n\n<p>En los\n\u00faltimos 4 a\u00f1os, se han atendido 296 ni\u00f1os prematuros extremos en la Unidad y un\ntotal de 3 mil 890 ni\u00f1os y ni\u00f1as. Por eso, que el D\u00eda del Prematuro es una\nocasi\u00f3n muy especial, que quiso conmemorarse con la inauguraci\u00f3n del mural\nCampeones del Futuro, que se instal\u00f3 en el pasillo del cuarto piso, para\ndestacar los avances que diariamente tienen estos peque\u00f1os y acoger a sus pap\u00e1s\nen el dif\u00edcil momento que deben sortear, en el que cada minuto y cada avance\npor diminuto que parezca, es un paso adelante que les ayuda a fortalecerse y\nseguir luchando por aferrarse a su vida. &nbsp;<\/p>\n","protected":false},"excerpt":{"rendered":"<p>Ni\u00f1os y ni\u00f1as que nacieron antes de completar su gestaci\u00f3n en el vientre materno, fueron reconocidos por su valent\u00eda, la que hoy les permiti\u00f3 celebrar su d\u00eda en compa\u00f1\u00eda de familiares y el equipo cl\u00ednico que los cuid\u00f3 sus primeros d\u00edas.<\/p>\n","protected":false},"author":3,"featured_media":9487,"comment_status":"open","ping_status":"closed","sticky":false,"template":"","format":"standard","meta":{"_acf_changed":false,"_monsterinsights_skip_tracking":false,"_monsterinsights_sitenote_active":false,"_monsterinsights_sitenote_note":"","_monsterinsights_sitenote_category":0,"footnotes":""},"categories":[4],"tags":[],"class_list":["post-9486","post","type-post","status-publish","format-standard","has-post-thumbnail","hentry","category-noticias"],"acf":[],"publishpress_future_action":{"enabled":false,"date":"2026-05-05 09:40:57","action":"change-status","newStatus":"draft","terms":[],"taxonomy":"category","extraData":[]},"publishpress_future_workflow_manual_trigger":{"enabledWorkflows":[]},"_links":{"self":[{"href":"https:\/\/hospitaldechillan.cl\/web\/wp-json\/wp\/v2\/posts\/9486","targetHints":{"allow":["GET"]}}],"collection":[{"href":"https:\/\/hospitaldechillan.cl\/web\/wp-json\/wp\/v2\/posts"}],"about":[{"href":"https:\/\/hospitaldechillan.cl\/web\/wp-json\/wp\/v2\/types\/post"}],"author":[{"embeddable":true,"href":"https:\/\/hospitaldechillan.cl\/web\/wp-json\/wp\/v2\/users\/3"}],"replies":[{"embeddable":true,"href":"https:\/\/hospitaldechillan.cl\/web\/wp-json\/wp\/v2\/comments?post=9486"}],"version-history":[{"count":0,"href":"https:\/\/hospitaldechillan.cl\/web\/wp-json\/wp\/v2\/posts\/9486\/revisions"}],"wp:featuredmedia":[{"embeddable":true,"href":"https:\/\/hospitaldechillan.cl\/web\/wp-json\/wp\/v2\/media\/9487"}],"wp:attachment":[{"href":"https:\/\/hospitaldechillan.cl\/web\/wp-json\/wp\/v2\/media?parent=9486"}],"wp:term":[{"taxonomy":"category","embeddable":true,"href":"https:\/\/hospitaldechillan.cl\/web\/wp-json\/wp\/v2\/categories?post=9486"},{"taxonomy":"post_tag","embeddable":true,"href":"https:\/\/hospitaldechillan.cl\/web\/wp-json\/wp\/v2\/tags?post=9486"}],"curies":[{"name":"wp","href":"https:\/\/api.w.org\/{rel}","templated":true}]}}