{"id":9311,"date":"2021-08-02T15:03:56","date_gmt":"2021-08-02T19:03:56","guid":{"rendered":"http:\/\/hospitaldechillan.cl\/web\/?p=9311"},"modified":"2021-08-02T16:27:48","modified_gmt":"2021-08-02T20:27:48","slug":"hospital-de-chillan-cuenta-con-acompanamiento-quirurgico-para-personas-con-tea","status":"publish","type":"post","link":"https:\/\/hospitaldechillan.cl\/web\/hospital-de-chillan-cuenta-con-acompanamiento-quirurgico-para-personas-con-tea\/","title":{"rendered":"Hospital de Chill\u00e1n cuenta con acompa\u00f1amiento quir\u00fargico para personas con TEA"},"content":{"rendered":"\n<p>Someterse\na una cirug\u00eda es un evento que genera ansiedad en ni\u00f1os y adultos por igual,\npero este cuadro puede acentuarse en las personas con Trastornos del Espectro\nAutista (TEA), quienes suelen fijar ciertas rutinas en su vida diaria y\ncualquier cambio puede influir negativamente en su comportamiento. <\/p>\n\n\n\n<p>Considerando\nlas necesidades especiales de atenci\u00f3n de estas personas, el Hospital Cl\u00ednico\nHerminda Mart\u00edn, implement\u00f3 un nuevo programa de acompa\u00f1amiento, que busca\nmejorar su experiencia durante el proceso de intervenci\u00f3n quir\u00fargica. <\/p>\n\n\n\n<p>Tal\ncomo explica la Dra. Luz Mor\u00e1n, jefa de Anestesia y Pabellones, con esta\niniciativa \u201cbuscamos que los pacientes, principalmente los ni\u00f1os y ni\u00f1as, est\u00e9n\nacompa\u00f1ados por un familiar, quien puede estar presente durante todo el proceso\nde su intervenci\u00f3n quir\u00fargica, que se puede extender hasta por 8 o 12 horas,\nconsiderando la etapa de ingreso y preparaci\u00f3n en dependencias de Cirug\u00eda Mayor\nAmbulatoria, el traslado a pabell\u00f3n, as\u00ed como tambi\u00e9n cuando despiertan de la\nsedaci\u00f3n\u201d.<\/p>\n\n\n\n<p>\u201cIntentamos\nhacer que sea una experiencia lo menos traum\u00e1tica posible y a la fecha nos ha\ngenerado buenos resultados, pues hemos visto una disminuci\u00f3n de la ansiedad y\nel temor que este proceso puede producir\u201d, precisa la profesional.&nbsp; <\/p>\n\n\n\n<p>Opini\u00f3n\ncompartida por la siquiatra Scarlett Aravena, quien particip\u00f3 en el dise\u00f1o de\neste programa y explica que \u201cel hecho que los pacientes acudan acompa\u00f1ados de\nalguna figura de apego, les genera calma y seguridad, tanto a ellos como a la\nfamilia, disminuyendo tambi\u00e9n la posibilidad de alteraciones en el desarrollo\nde la personalidad de ni\u00f1as, ni\u00f1os y adolescentes\u201d.<\/p>\n\n\n\n<p>Esta\niniciativa, dijo, \u201ces parte de nuestra preocupaci\u00f3n por brindar una atenci\u00f3n\nintegral y cuidar la salud mental de nuestra comunidad, en especial de los\npacientes m\u00e1s peque\u00f1os y aquellos con condiciones neurodiversas, en quienes ha\nimpactado a\u00fan m\u00e1s el aislamiento provocado por el COVID-19\u201d.&nbsp; <\/p>\n\n\n\n<p>Aunque\nla pandemia oblig\u00f3 a restringir las visitas y acompa\u00f1amientos en el hospital,\nambas profesionales coinciden que es posible flexibilizar los protocolos\n-respetando las medidas de prevenci\u00f3n- para hacerse cargo de las necesidades\nespeciales de atenci\u00f3n de una parte de la poblaci\u00f3n. <\/p>\n\n\n\n<p>Durante este a\u00f1o, cuarenta pacientes con diagn\u00f3stico del Trastorno del Espectro Autista (TEA) han sido intervenidos quir\u00fargicamente en el establecimiento de salud regional. <\/p>\n","protected":false},"excerpt":{"rendered":"<p>Iniciativa es fundamental para contener el impacto emocional de la hospitalizaci\u00f3n y brindar una atenci\u00f3n de acuerdo a sus necesidades. <\/p>\n","protected":false},"author":3,"featured_media":9312,"comment_status":"open","ping_status":"closed","sticky":false,"template":"","format":"standard","meta":{"_acf_changed":false,"_monsterinsights_skip_tracking":false,"_monsterinsights_sitenote_active":false,"_monsterinsights_sitenote_note":"","_monsterinsights_sitenote_category":0,"footnotes":""},"categories":[4],"tags":[],"class_list":["post-9311","post","type-post","status-publish","format-standard","has-post-thumbnail","hentry","category-noticias"],"acf":[],"publishpress_future_action":{"enabled":false,"date":"2026-05-05 09:40:51","action":"change-status","newStatus":"draft","terms":[],"taxonomy":"category","extraData":[]},"publishpress_future_workflow_manual_trigger":{"enabledWorkflows":[]},"_links":{"self":[{"href":"https:\/\/hospitaldechillan.cl\/web\/wp-json\/wp\/v2\/posts\/9311","targetHints":{"allow":["GET"]}}],"collection":[{"href":"https:\/\/hospitaldechillan.cl\/web\/wp-json\/wp\/v2\/posts"}],"about":[{"href":"https:\/\/hospitaldechillan.cl\/web\/wp-json\/wp\/v2\/types\/post"}],"author":[{"embeddable":true,"href":"https:\/\/hospitaldechillan.cl\/web\/wp-json\/wp\/v2\/users\/3"}],"replies":[{"embeddable":true,"href":"https:\/\/hospitaldechillan.cl\/web\/wp-json\/wp\/v2\/comments?post=9311"}],"version-history":[{"count":0,"href":"https:\/\/hospitaldechillan.cl\/web\/wp-json\/wp\/v2\/posts\/9311\/revisions"}],"wp:featuredmedia":[{"embeddable":true,"href":"https:\/\/hospitaldechillan.cl\/web\/wp-json\/wp\/v2\/media\/9312"}],"wp:attachment":[{"href":"https:\/\/hospitaldechillan.cl\/web\/wp-json\/wp\/v2\/media?parent=9311"}],"wp:term":[{"taxonomy":"category","embeddable":true,"href":"https:\/\/hospitaldechillan.cl\/web\/wp-json\/wp\/v2\/categories?post=9311"},{"taxonomy":"post_tag","embeddable":true,"href":"https:\/\/hospitaldechillan.cl\/web\/wp-json\/wp\/v2\/tags?post=9311"}],"curies":[{"name":"wp","href":"https:\/\/api.w.org\/{rel}","templated":true}]}}