{"id":9306,"date":"2021-07-23T12:20:21","date_gmt":"2021-07-23T16:20:21","guid":{"rendered":"http:\/\/hospitaldechillan.cl\/web\/?p=9306"},"modified":"2021-07-23T12:56:02","modified_gmt":"2021-07-23T16:56:02","slug":"2-mil-personas-se-han-hospitalizado-por-covid-19-desde-el-inicio-de-la-pandemia","status":"publish","type":"post","link":"https:\/\/hospitaldechillan.cl\/web\/2-mil-personas-se-han-hospitalizado-por-covid-19-desde-el-inicio-de-la-pandemia\/","title":{"rendered":"2 mil personas se han hospitalizado por COVID-19 desde el inicio de la pandemia"},"content":{"rendered":"\n<p>A un a\u00f1o y\ncuatro meses del primer caso de COVID-19 en \u00d1uble, 2 mil personas han requerido\nser hospitalizadas con este diagn\u00f3stico en el principal centro asistencial de\nla regi\u00f3n. Pr\u00e1cticamente todos estos pacientes recibieron su primera atenci\u00f3n\nen la Unidad de Emergencia del Hospital Cl\u00ednico Herminda Mart\u00edn, la puerta de\nentrada al sistema de cuidados hospitalarios tanto para quienes est\u00e1n afectados\npor el coronavirus como aquellos con patolog\u00edas generales. <\/p>\n\n\n\n<p>La unidad,\nal igual que los otros servicios asistenciales, se ha adaptado a los\nrequerimientos impuestos por la pandemia, con la habilitaci\u00f3n de \u00e1reas\ndiferenciadas para personas con sintomatolog\u00eda respiratoria y consultas\ngenerales. <\/p>\n\n\n\n<p>\u201cSe\nredefinieron los espacios para trabajar y atender en forma segura, se\nrestringi\u00f3 la circulaci\u00f3n de personas y hasta hoy se aplican exigentes rutinas\ny protocolos de bioseguridad en las \u00e1reas de mayor exposici\u00f3n\u201d, destac\u00f3 el\ndirector del Hospital, Luis Alberto P\u00e9rez Ojeda. <\/p>\n\n\n\n<p>Espec\u00edficamente el \u00e1rea de urgencias, dijo, \u201ccuenta\ncon accesos diferenciados para las personas que consultan por cuadros respiratorios y\naquellas que lo hacen por otros problemas de salud, tanto en el \u00e1rea\npedi\u00e1trica, de adultos, g\u00edneco-obst\u00e9trica y dental\u201d. <\/p>\n\n\n\n<p>\u201cDe\nesta forma, buscamos disminuir la probabilidad de contagio en salas de espera y\nboxes de atenci\u00f3n, velando por la seguridad de los pacientes y del personal. Es\nun primer filtro, pero cuando el paciente ingresa ac\u00e1 no sabemos todav\u00eda si\nest\u00e1 contagiado, hasta hacer una primera evaluaci\u00f3n y finalmente contar con el\nresultado del laboratorio, por esos los protocolos sanitarios se aplican igual\nen ambas zonas de atenci\u00f3n para evitar contagios cruzados\u201d, explica el jefe de\nla Unidad de Emergencia, Dr. Ricardo V\u00e1squez. <\/p>\n\n\n\n<p>Aunque las\nconsultas han disminuido con respecto al per\u00edodo de prepandemia, ya que las\npersonas optan por evitar la exposici\u00f3n en lugares de alta afluencia de\np\u00fablico, el facultativo se\u00f1ala que se atienden 230 personas en promedio\ndiariamente y que el perfil de pacientes es m\u00e1s complejo. <\/p>\n\n\n\n<p>\u201cPrimero porque acuden personas en riesgo vital, en condici\u00f3n grave o con altas probabilidades de agravar, a diferencia de lo que ocurre en \u00e9pocas normales cuando vemos mucha consulta por patolog\u00edas simples que no requiere atenci\u00f3n prioritaria. En segundo lugar, porque vemos personas con problemas cr\u00f3nicos descompensados \u00a0como hipertensi\u00f3n arterial o diabetes mellitus, debido a que los pacientes no est\u00e1n asistiendo a sus controles de salud en la atenci\u00f3n primaria, han descontinuado sus tratamientos farmacol\u00f3gicos o cambiado sus rutinas de alimentaci\u00f3n o actividad f\u00edsica, que son parte de un manejo integral, pero que a causa de la situaci\u00f3n sanitaria se han alterado\u201d, comenta el Dr. V\u00e1squez. <\/p>\n\n\n\n<p>\u201cDebido a\nesto, si bien hay menos ingresos, el tiempo dedicado a ellos es mayor, as\u00ed como\ntambi\u00e9n los recursos que se destinan, me refiero a ex\u00e1menes y procedimientos\u201d,\npuntualiz\u00f3 el m\u00e9dico. <\/p>\n\n\n\n<p>Asimismo, aumenta\nel tiempo de atenci\u00f3n en los casos con sintomatolog\u00eda respiratoria, ya que es\nnecesario realizar el test PCR para diagnosticar el SARS-Cov2 y en ocasiones deben\nesperar en la unidad hasta que se defina su plan terap\u00e9utico o derivaci\u00f3n a un\nservicio de hospitalizados u otro recinto. <\/p>\n\n\n\n<p>El m\u00e9dico destac\u00f3\nque \u201clas funcionarias y funcionarios de la Unidad, son un baluarte para el hospital\ny la comunidad, pues pese a que hace m\u00e1s de un a\u00f1o, tuvieron que aprender a\nrealizar su trabajo de una forma distinta, reforzando el uso constante de los\nelementos de protecci\u00f3n personal para evitar eventuales contagios con nuestros\npacientes, en jornadas extenuantes, no solo por la cantidad de consultas sino\ntambi\u00e9n por la gravedad de los cuadros y adem\u00e1s enfrentar la incertidumbre\ninicial en la transmisi\u00f3n del virus y el miedo a contagiarse, siguieron\nadelante y hasta ahora han cumplido con su labor de forma admirable\u201d. <\/p>\n\n\n\n<p><strong>Atenci\u00f3n por\ngravedad <\/strong><\/p>\n\n\n\n<p>Tanto en el\n\u00e1rea respiratoria como de consulta general, en la Unidad de Emergencia la atenci\u00f3n se realiza de acuerdo a la gravedad y no por orden de llegada, pues\nmediante una evaluaci\u00f3n preliminar se clasifica al paciente.<\/p>\n\n\n\n<p>Ambas \u00e1reas\ncuentan con salas de reanimaci\u00f3n, equipamiento, insumos y&nbsp;personal\nnecesario para atender las necesidades de salud y desde ah\u00ed se realiza la\ncoordinaci\u00f3n interna con otras dependencias hospitalarias o de la red\nasistencial, para asegurar la continuidad y seguridad en la atenci\u00f3n del\npaciente. <\/p>\n","protected":false},"excerpt":{"rendered":"<p>Cerca de 480 d\u00edas han transcurrido desde la primera hospitalizaci\u00f3n a causa de Coronavirus en \u00d1uble, per\u00edodo en el cual se han internado un promedio de cuatro personas al d\u00eda con ese diagn\u00f3stico.  <\/p>\n","protected":false},"author":3,"featured_media":9307,"comment_status":"open","ping_status":"closed","sticky":false,"template":"","format":"standard","meta":{"_acf_changed":false,"_monsterinsights_skip_tracking":false,"_monsterinsights_sitenote_active":false,"_monsterinsights_sitenote_note":"","_monsterinsights_sitenote_category":0,"footnotes":""},"categories":[4],"tags":[],"class_list":["post-9306","post","type-post","status-publish","format-standard","has-post-thumbnail","hentry","category-noticias"],"acf":[],"publishpress_future_action":{"enabled":false,"date":"2026-05-05 09:41:53","action":"change-status","newStatus":"draft","terms":[],"taxonomy":"category","extraData":[]},"publishpress_future_workflow_manual_trigger":{"enabledWorkflows":[]},"_links":{"self":[{"href":"https:\/\/hospitaldechillan.cl\/web\/wp-json\/wp\/v2\/posts\/9306","targetHints":{"allow":["GET"]}}],"collection":[{"href":"https:\/\/hospitaldechillan.cl\/web\/wp-json\/wp\/v2\/posts"}],"about":[{"href":"https:\/\/hospitaldechillan.cl\/web\/wp-json\/wp\/v2\/types\/post"}],"author":[{"embeddable":true,"href":"https:\/\/hospitaldechillan.cl\/web\/wp-json\/wp\/v2\/users\/3"}],"replies":[{"embeddable":true,"href":"https:\/\/hospitaldechillan.cl\/web\/wp-json\/wp\/v2\/comments?post=9306"}],"version-history":[{"count":0,"href":"https:\/\/hospitaldechillan.cl\/web\/wp-json\/wp\/v2\/posts\/9306\/revisions"}],"wp:featuredmedia":[{"embeddable":true,"href":"https:\/\/hospitaldechillan.cl\/web\/wp-json\/wp\/v2\/media\/9307"}],"wp:attachment":[{"href":"https:\/\/hospitaldechillan.cl\/web\/wp-json\/wp\/v2\/media?parent=9306"}],"wp:term":[{"taxonomy":"category","embeddable":true,"href":"https:\/\/hospitaldechillan.cl\/web\/wp-json\/wp\/v2\/categories?post=9306"},{"taxonomy":"post_tag","embeddable":true,"href":"https:\/\/hospitaldechillan.cl\/web\/wp-json\/wp\/v2\/tags?post=9306"}],"curies":[{"name":"wp","href":"https:\/\/api.w.org\/{rel}","templated":true}]}}