{"id":9285,"date":"2021-06-18T13:02:26","date_gmt":"2021-06-18T17:02:26","guid":{"rendered":"http:\/\/hospitaldechillan.cl\/web\/?p=9285"},"modified":"2021-06-18T13:02:31","modified_gmt":"2021-06-18T17:02:31","slug":"apego-canguro-fortalece-el-vinculo-de-los-padres-con-sus-hijas-e-hijos","status":"publish","type":"post","link":"https:\/\/hospitaldechillan.cl\/web\/apego-canguro-fortalece-el-vinculo-de-los-padres-con-sus-hijas-e-hijos\/","title":{"rendered":"Apego canguro fortalece el v\u00ednculo de los padres con sus hijas e hijos"},"content":{"rendered":"\n<p>Los padres son sin\nduda figuras valiosas para los hijos o hijas. Esto es evidenciado a cada\nmomento por todos quienes han tenido la experiencia de ser pap\u00e1 y de participar\nde forma activa en la crianza y cuidados que las ni\u00f1as y ni\u00f1os necesitan,\ncamino que se inicia tempranamente desde el embarazo de la pareja. <\/p>\n\n\n\n<p>Nicol\u00e1s Figueroa y\nCarlos Guevara &nbsp;tienen en com\u00fan haber\nsido &nbsp;padres en el \u00faltimo mes en el <strong>Servicio\nde Obstetricia y Ginecolog\u00eda del Hospital Cl\u00ednico Herminda Mart\u00edn, <\/strong>experiencia\nque relataron como \u00fanica y ante la cual se sorprendieron, pues a pesar de la pandemia,\npudieron compartir valiosos minutos con las madres de sus hijos y con sus beb\u00e9s,\n&nbsp;teniendo la oportunidad de iniciar la\npaternidad activa, gracias al primer contacto piel a piel con sus hijos,\nmediante la t\u00e9cnica de apego canguro, que consiste en recostar al beb\u00e9 desnudo\nen el pecho de uno de sus padres, generando un momento de intimidad entre ambos.\n<\/p>\n\n\n\n<p><strong>Mar\u00eda Teresa Higuera, Encargada del Subsistema\nChile Crece Contigo, <\/strong>explic\u00f3 que esta t\u00e9cnica tiene m\u00faltiples\nbeneficios pues \u201cpermite que el beb\u00e9 se\ntranquilice al sentir el olor de sus padres y escuchar el latido del coraz\u00f3n, pues\nes algo similar a lo que \u00e9l estaba acostumbrado hasta antes del nacimiento.\nInicialmente se realiza con la madre y luego con su padre\u201d. <\/p>\n\n\n\n<p>Seg\u00fan precis\u00f3 la\nmatrona, esta pr\u00e1ctica disminuye los factores estresantes que debilitan al\nsistema inmunol\u00f3gico, tanto de la madre como del reci\u00e9n nacido, brindando al\nbeb\u00e9 un escenario propicio para su desarrollo neuronal. \u201cPara el padre, que\nhasta ahora establec\u00eda su apego cuando los ni\u00f1os iniciaban el lenguaje, \u00e9sta es\nuna oportunidad para adelantar la relaci\u00f3n desde lo emocional formando un\nv\u00ednculo muy potente entre ambos. Debemos entender que el apego es un\naprendizaje que no tiene tanto que ver con el&nbsp;\n\u2018hacer\u2019 sino&nbsp; m\u00e1s bien con \u2018ser\u2019 y\ntransmitir empat\u00eda de diversas maneras: siendo cuidadosos y atentos; poniendo\nal beb\u00e9 en el primer lugar, siendo abiertos, genuinos y estando disponibles\nemocionalmente\u201d, asegur\u00f3.<\/p>\n\n\n\n<p><strong>Una experiencia que marca para toda la vida <\/strong><\/p>\n\n\n\n<p>Una vivencia para muchos nueva y muy cargada de emoci\u00f3n fue la que experimentaron los padres que pudieron participar en el parto de sus hijos o hijas, como <strong>Nicol\u00e1s, proveniente de Talcahuano<\/strong> y que por motivos del destino vivi\u00f3 el nacimiento de su segundo hijo, Nelson David, en el Hospital de Chill\u00e1n. \u201cPara m\u00ed fue una experiencia muy hermosa, de hecho me puse a llorar luego de cortar el cord\u00f3n y estar piel a piel con mi hijo, algo impresionante y extraordinario. Aunque es mi segundo hijo, antes no lo hab\u00eda experimentado y ahora que \u00e9l ya est\u00e1 de alta estamos moment\u00e1neamente separados pero lo llamo a diario y me sigo emocionando al o\u00edrlo al otro lado del tel\u00e9fono\u201d, cont\u00f3. <\/p>\n\n\n\n<p><\/p>\n\n\n\n<figure class=\"wp-block-image\"><img loading=\"lazy\" decoding=\"async\" width=\"640\" height=\"360\" src=\"https:\/\/hospitaldechillan.cl\/web\/wp-content_Hos\/uploads\/2021\/06\/pap\u00e1-canguro-640x360.jpg\" alt=\"\" class=\"wp-image-9287\" srcset=\"https:\/\/hospitaldechillan.cl\/web\/wp-content\/uploads\/2021\/06\/pap\u00e1-canguro-640x360.jpg 640w, https:\/\/hospitaldechillan.cl\/web\/wp-content\/uploads\/2021\/06\/pap\u00e1-canguro-768x432.jpg 768w, https:\/\/hospitaldechillan.cl\/web\/wp-content\/uploads\/2021\/06\/pap\u00e1-canguro-1200x675.jpg 1200w, https:\/\/hospitaldechillan.cl\/web\/wp-content\/uploads\/2021\/06\/pap\u00e1-canguro.jpg 1600w\" sizes=\"auto, (max-width: 640px) 100vw, 640px\" \/><\/figure>\n\n\n\n<p>Para <strong>Carlos, el nacimiento de Alessandro Valent\u00edn<\/strong> fue inolvidable y \u00fanico, pues pese a ser su segundo hijo, no hab\u00eda conocido antes sobre el apego canguro, pues no lo mencionaron en su pa\u00eds natal, Venezuela donde naci\u00f3 su primog\u00e9nito. \u201cFue muy emocionante esta nueva experiencia. Estoy feliz de haberlo recibido, de haber podido darle su apego al estar reci\u00e9n nacido, ponerlo en mi pecho y sentirlo tan cerca. Si bien no estuve durante todo el parto, si pude cortar el cord\u00f3n umbilical y disfrute al m\u00e1ximo teni\u00e9ndolo cerquita de m\u00ed durante un momento, de hecho me sorprendi\u00f3 que cuando me lo pidieron para vestirlo \u00e9l llor\u00f3 al despegarse de m\u00ed y eso me emocion\u00f3 demasiado. Su nacimiento es mi mejor regalo para este d\u00eda del padre. Estamos muy felices, con mis hijos y mi esposa\u201d, cont\u00f3 este padre venezolano radicado en nuestro pa\u00eds. <\/p>\n\n\n\n<p>Estas figuras\npaternas pudieron participar de los primeros momentos de la vida de sus hijos,\nsiendo acompa\u00f1antes de la etapa final del parto y hasta una hora despu\u00e9s de\neste, de esta forma, est\u00e1n presentes, en el pre parto, en el nacimiento y en el\napego inmediato que se inicia en el pabell\u00f3n, prosigue en el \u00e1rea de atenci\u00f3n donde\nse eval\u00faa el beb\u00e9 y se extiende hasta que finaliza la observaci\u00f3n del puerperio\ninmediato, donde pueden permanecer ambos padres y el o la beb\u00e9. <\/p>\n\n\n\n<p>En el \u00faltimo mes, en el HCHM se produjeron\n159 nacimientos, de los cuales un 76,1% tuvo acompa\u00f1amiento y un 57,8%&nbsp; particip\u00f3 en la secci\u00f3n del cord\u00f3n umbilical\nde sus hijas o hijos. <\/p>\n","protected":false},"excerpt":{"rendered":"<p>En el marco de la conmemoraci\u00f3n del D\u00eda del Pap\u00e1, destacamos que el primer contacto piel al piel, comienza la paternidad activa que es estar presente en los cuidados y necesidades del reci\u00e9n nacido en todas las etapas de su vida, compartiendo el rol con la madre.<\/p>\n","protected":false},"author":3,"featured_media":9286,"comment_status":"open","ping_status":"closed","sticky":false,"template":"","format":"standard","meta":{"_acf_changed":false,"_monsterinsights_skip_tracking":false,"_monsterinsights_sitenote_active":false,"_monsterinsights_sitenote_note":"","_monsterinsights_sitenote_category":0,"footnotes":""},"categories":[4],"tags":[],"class_list":["post-9285","post","type-post","status-publish","format-standard","has-post-thumbnail","hentry","category-noticias"],"acf":[],"publishpress_future_action":{"enabled":false,"date":"2026-05-10 12:29:04","action":"change-status","newStatus":"draft","terms":[],"taxonomy":"category","extraData":[]},"publishpress_future_workflow_manual_trigger":{"enabledWorkflows":[]},"_links":{"self":[{"href":"https:\/\/hospitaldechillan.cl\/web\/wp-json\/wp\/v2\/posts\/9285","targetHints":{"allow":["GET"]}}],"collection":[{"href":"https:\/\/hospitaldechillan.cl\/web\/wp-json\/wp\/v2\/posts"}],"about":[{"href":"https:\/\/hospitaldechillan.cl\/web\/wp-json\/wp\/v2\/types\/post"}],"author":[{"embeddable":true,"href":"https:\/\/hospitaldechillan.cl\/web\/wp-json\/wp\/v2\/users\/3"}],"replies":[{"embeddable":true,"href":"https:\/\/hospitaldechillan.cl\/web\/wp-json\/wp\/v2\/comments?post=9285"}],"version-history":[{"count":0,"href":"https:\/\/hospitaldechillan.cl\/web\/wp-json\/wp\/v2\/posts\/9285\/revisions"}],"wp:featuredmedia":[{"embeddable":true,"href":"https:\/\/hospitaldechillan.cl\/web\/wp-json\/wp\/v2\/media\/9286"}],"wp:attachment":[{"href":"https:\/\/hospitaldechillan.cl\/web\/wp-json\/wp\/v2\/media?parent=9285"}],"wp:term":[{"taxonomy":"category","embeddable":true,"href":"https:\/\/hospitaldechillan.cl\/web\/wp-json\/wp\/v2\/categories?post=9285"},{"taxonomy":"post_tag","embeddable":true,"href":"https:\/\/hospitaldechillan.cl\/web\/wp-json\/wp\/v2\/tags?post=9285"}],"curies":[{"name":"wp","href":"https:\/\/api.w.org\/{rel}","templated":true}]}}