{"id":9257,"date":"2021-06-04T15:48:55","date_gmt":"2021-06-04T19:48:55","guid":{"rendered":"http:\/\/hospitaldechillan.cl\/web\/?p=9257"},"modified":"2021-06-04T15:49:02","modified_gmt":"2021-06-04T19:49:02","slug":"hospital-de-chillan-incorporo-la-atencion-psicologica-para-familiares-y-personas-hospitalizadas-por-covid-19","status":"publish","type":"post","link":"https:\/\/hospitaldechillan.cl\/web\/hospital-de-chillan-incorporo-la-atencion-psicologica-para-familiares-y-personas-hospitalizadas-por-covid-19\/","title":{"rendered":"Hospital de Chill\u00e1n incorpor\u00f3 la atenci\u00f3n psicol\u00f3gica para familiares y personas hospitalizadas por Covid-19"},"content":{"rendered":"\n<p>Una nueva prestaci\u00f3n se incorpor\u00f3 a la red asistencial en el marco de la pandemia. Se trata del <strong>Programa <\/strong><em><strong>\u201cEstamos Contigo\u201d<\/strong><\/em><strong> del Hospital Cl\u00ednico Herminda Mart\u00edn (HCHM)<\/strong>, que desde este mes, contar\u00e1 con una psic\u00f3loga con el prop\u00f3sito de otorgar atenci\u00f3n a las personas internadas por COVID-19 y a sus seres queridos.<\/p>\n\n\n\n<p>As\u00ed lo confirm\u00f3 el <strong>Director del Servicio de Salud \u00d1uble, Ricardo S\u00e1nchez Opazo<\/strong>, durante un recorrido al principal centro sanitario de la Regi\u00f3n. \u201cEstamos muy orgullosos del trabajo que realiza \u00e9ste y todos los establecimientos que componen nuestra red integrada, porque han desarrollado una labor excepcional para resguardar la salud de la comunidad, en esta pandemia que ha representado un gran desaf\u00edo para todos. Esta vez, se suma un nuevo servicio, que permitir\u00e1 brindar atenci\u00f3n psicol\u00f3gica; apoyar a las familias de los pacientes en estas situaciones dif\u00edciles\u201d.<\/p>\n\n\n\n<p>En tanto, el <strong>Director del HCHM, Luis Alberto P\u00e9rez Ojeda<\/strong>, destac\u00f3 el compromiso del equipo de salud en la b\u00fasqueda de una atenci\u00f3n integral. \u00abLes agradezco que pese al\u00a0cansancio f\u00edsico y emocional que experimentan hace m\u00e1s de un a\u00f1o, est\u00e1n innovando con iniciativas para mejorar la atenci\u00f3n y apoyar la comunicaci\u00f3n del equipo tratante, con el paciente y su familia, especialmente en casos cr\u00edticos y de pron\u00f3stico adverso, considerando el desgaste emocional que esto genera en todos\u00bb.<\/p>\n\n\n\n<p>Por su parte, <strong>Solange Jelvez, Jefa del Departamento de Gesti\u00f3n Usuaria y Participaci\u00f3n Social del Hospital<\/strong> indic\u00f3 que \u201cla profesional, atender\u00e1 a los usuarios que necesiten apoyo psicol\u00f3gico y contenci\u00f3n, ya que es sabido que tras una larga hospitalizaci\u00f3n es frecuente que las personas se desorienten y requieren apoyo emocional. Asimismo, la psic\u00f3loga contactar\u00e1 al familiar responsable de su cuidado, considerando el desgaste que provoca en el n\u00facleo de la familia tener a un ser querido hospitalizado, que aumenta cuando el estado es cr\u00edtico\u201d.<\/p>\n\n\n\n<p><strong>Estado\nde la Red Asistencial<\/strong><\/p>\n\n\n\n<p>Respecto\ndel estado de la red de establecimientos de salud, el Director del SS\u00d1, indic\u00f3\nque el d\u00eda de hoy, 112 personas est\u00e1n hospitalizadas; 63 en unidades de\npaciente cr\u00edtico, 43 conectadas a ventilaci\u00f3n mec\u00e1nica y un 9% de\ndisponibilidad de camas cr\u00edticas\u201d.<\/p>\n\n\n\n<p>\u201cEs\nimportante continuar reduciendo los contagios diarios, por lo tanto, siempre el\nllamado es a la prevenci\u00f3n y a seguir disminuyendo la carga de nuestra red\nasistencial. Actualmente, la mayor cantidad de personas en la UCI son pacientes\nj\u00f3venes, por ello, lo principal es seguir cuid\u00e1ndonos, acceder a la vacuna y\nas\u00ed ir avanzando en la contenci\u00f3n de esta pandemia\u201d, recalc\u00f3. <\/p>\n\n\n\n<p>En cuanto a los ex\u00e1menes procesados, se\ninformaron los resultados de 1.678, con un 12% de positividad.<\/p>\n","protected":false},"excerpt":{"rendered":"<p>A trav\u00e9s del Programa \u201cEstamos Contigo\u201d se busca brindar soporte de salud mental a quienes necesiten contenci\u00f3n emocional a causa de la patolog\u00eda, pero tambi\u00e9n apoyar\u00e1 a los equipos cl\u00ednicos en la comunicaci\u00f3n con el usuario\/a y su familia.<\/p>\n","protected":false},"author":3,"featured_media":9260,"comment_status":"open","ping_status":"closed","sticky":false,"template":"","format":"standard","meta":{"_acf_changed":false,"_monsterinsights_skip_tracking":false,"_monsterinsights_sitenote_active":false,"_monsterinsights_sitenote_note":"","_monsterinsights_sitenote_category":0,"footnotes":""},"categories":[4],"tags":[],"class_list":["post-9257","post","type-post","status-publish","format-standard","has-post-thumbnail","hentry","category-noticias"],"acf":[],"publishpress_future_action":{"enabled":false,"date":"2026-05-07 01:37:29","action":"change-status","newStatus":"draft","terms":[],"taxonomy":"category","extraData":[]},"publishpress_future_workflow_manual_trigger":{"enabledWorkflows":[]},"_links":{"self":[{"href":"https:\/\/hospitaldechillan.cl\/web\/wp-json\/wp\/v2\/posts\/9257","targetHints":{"allow":["GET"]}}],"collection":[{"href":"https:\/\/hospitaldechillan.cl\/web\/wp-json\/wp\/v2\/posts"}],"about":[{"href":"https:\/\/hospitaldechillan.cl\/web\/wp-json\/wp\/v2\/types\/post"}],"author":[{"embeddable":true,"href":"https:\/\/hospitaldechillan.cl\/web\/wp-json\/wp\/v2\/users\/3"}],"replies":[{"embeddable":true,"href":"https:\/\/hospitaldechillan.cl\/web\/wp-json\/wp\/v2\/comments?post=9257"}],"version-history":[{"count":0,"href":"https:\/\/hospitaldechillan.cl\/web\/wp-json\/wp\/v2\/posts\/9257\/revisions"}],"wp:featuredmedia":[{"embeddable":true,"href":"https:\/\/hospitaldechillan.cl\/web\/wp-json\/wp\/v2\/media\/9260"}],"wp:attachment":[{"href":"https:\/\/hospitaldechillan.cl\/web\/wp-json\/wp\/v2\/media?parent=9257"}],"wp:term":[{"taxonomy":"category","embeddable":true,"href":"https:\/\/hospitaldechillan.cl\/web\/wp-json\/wp\/v2\/categories?post=9257"},{"taxonomy":"post_tag","embeddable":true,"href":"https:\/\/hospitaldechillan.cl\/web\/wp-json\/wp\/v2\/tags?post=9257"}],"curies":[{"name":"wp","href":"https:\/\/api.w.org\/{rel}","templated":true}]}}