{"id":9190,"date":"2021-05-11T11:52:20","date_gmt":"2021-05-11T15:52:20","guid":{"rendered":"http:\/\/hospitaldechillan.cl\/web\/?p=9190"},"modified":"2021-05-11T11:58:00","modified_gmt":"2021-05-11T15:58:00","slug":"condenan-a-agresor-de-medico-y-una-guardia-del-hospital-clinico-herminda-martin","status":"publish","type":"post","link":"https:\/\/hospitaldechillan.cl\/web\/condenan-a-agresor-de-medico-y-una-guardia-del-hospital-clinico-herminda-martin\/","title":{"rendered":"Condenan a agresor de m\u00e9dico y una guardia del Hospital Cl\u00ednico Herminda Mart\u00edn"},"content":{"rendered":"\n<p><strong>61 d\u00edas de presidio menor, dos penas de 41 d\u00edas de prisi\u00f3n y una multa de un tercio de UTM<\/strong>, recibi\u00f3 como condena la persona que en agosto de 2019, agredi\u00f3 a un m\u00e9dico y una guardia del Hospital de Chill\u00e1n, adem\u00e1s de generar da\u00f1os en la infraestructura en el acceso del establecimiento hospitalario.<\/p>\n\n\n\n<p>El usuario hab\u00eda sido atendido por el mismo facultativo\nen la Unidad de Emergencia. Mientras permanec\u00eda en observaci\u00f3n, el sujeto\ndecidi\u00f3 abandonar el hospital, encontr\u00e1ndose en el acceso del recinto al\ncirujano, y sin mediar di\u00e1logo, lo agredi\u00f3 hasta que fue reducido por los\nguardias de seguridad. El hecho gener\u00f3 la intervenci\u00f3n de personal de\nCarabineros, que detuvo al sujeto.<\/p>\n\n\n\n<p>Al respecto, el <strong>director del Hospital Cl\u00ednico Herminda Mart\u00edn de Chill\u00e1n, Luis Alberto P\u00e9rez Ojeda<\/strong>, precis\u00f3 que esta acci\u00f3n \u201cmarca un claro precedente de que estas situaciones no permanezcan impunes. Siempre hemos condenado y rechazado categ\u00f3ricamente estos actos de violencia contra cualquier persona, con mayor raz\u00f3n si estos afectan a integrantes de nuestra comunidad hospitalaria, y en este caso en particular, utilizamos todas las herramientas administrativas y legales para buscar sancionar al responsable, lo que finalmente fue determinado por la justicia, esta es una sanci\u00f3n concreta y ejemplificadora\u201d<\/p>\n\n\n\n<p>La autoridad record\u00f3 que desde el a\u00f1o 2019, existe una\nley que endurece las sanciones&nbsp; contra\nquienes agredan a profesionales que presten servicios en establecimientos de\nsalud, entregando a los jefes de los establecimientos la obligaci\u00f3n de\ndenunciar los delitos cometidos al interior de las instituciones, facult\u00e1ndolos\npara adoptar medidas extraordinarias en resguardo de la seguridad,&nbsp; garantizando adem\u00e1s,&nbsp; el acceso a defensa jur\u00eddica para quienes\nsean v\u00edctimas de&nbsp; agresiones durante el\ndesempe\u00f1o de su trabajo.<\/p>\n\n\n\n<p>El Hospital cuenta actualmente con un Protocolo de\nAgresi\u00f3n a los Funcionarios de la Salud, que establece un marco de acci\u00f3n\nfrente a situaciones de violencia, el cual busca asegurar el desarrollo de las\nlabores al interior del establecimiento de salud en un ambiente que garantice\nel resguardo de sus funcionarios.<\/p>\n","protected":false},"excerpt":{"rendered":"<p>Juzgado de Garant\u00eda chillanejo determin\u00f3 ejemplificadora sanci\u00f3n ante hechos de violencia contra personal sanitario. <\/p>\n","protected":false},"author":3,"featured_media":9191,"comment_status":"open","ping_status":"closed","sticky":false,"template":"","format":"standard","meta":{"_acf_changed":false,"_monsterinsights_skip_tracking":false,"_monsterinsights_sitenote_active":false,"_monsterinsights_sitenote_note":"","_monsterinsights_sitenote_category":0,"footnotes":""},"categories":[4],"tags":[],"class_list":["post-9190","post","type-post","status-publish","format-standard","has-post-thumbnail","hentry","category-noticias"],"acf":[],"publishpress_future_action":{"enabled":false,"date":"2026-05-08 00:29:04","action":"change-status","newStatus":"draft","terms":[],"taxonomy":"category","extraData":[]},"publishpress_future_workflow_manual_trigger":{"enabledWorkflows":[]},"_links":{"self":[{"href":"https:\/\/hospitaldechillan.cl\/web\/wp-json\/wp\/v2\/posts\/9190","targetHints":{"allow":["GET"]}}],"collection":[{"href":"https:\/\/hospitaldechillan.cl\/web\/wp-json\/wp\/v2\/posts"}],"about":[{"href":"https:\/\/hospitaldechillan.cl\/web\/wp-json\/wp\/v2\/types\/post"}],"author":[{"embeddable":true,"href":"https:\/\/hospitaldechillan.cl\/web\/wp-json\/wp\/v2\/users\/3"}],"replies":[{"embeddable":true,"href":"https:\/\/hospitaldechillan.cl\/web\/wp-json\/wp\/v2\/comments?post=9190"}],"version-history":[{"count":0,"href":"https:\/\/hospitaldechillan.cl\/web\/wp-json\/wp\/v2\/posts\/9190\/revisions"}],"wp:featuredmedia":[{"embeddable":true,"href":"https:\/\/hospitaldechillan.cl\/web\/wp-json\/wp\/v2\/media\/9191"}],"wp:attachment":[{"href":"https:\/\/hospitaldechillan.cl\/web\/wp-json\/wp\/v2\/media?parent=9190"}],"wp:term":[{"taxonomy":"category","embeddable":true,"href":"https:\/\/hospitaldechillan.cl\/web\/wp-json\/wp\/v2\/categories?post=9190"},{"taxonomy":"post_tag","embeddable":true,"href":"https:\/\/hospitaldechillan.cl\/web\/wp-json\/wp\/v2\/tags?post=9190"}],"curies":[{"name":"wp","href":"https:\/\/api.w.org\/{rel}","templated":true}]}}