{"id":9144,"date":"2021-04-05T17:55:43","date_gmt":"2021-04-05T21:55:43","guid":{"rendered":"http:\/\/hospitaldechillan.cl\/web\/?p=9144"},"modified":"2021-04-05T17:55:50","modified_gmt":"2021-04-05T21:55:50","slug":"personal-del-hospital-de-chillan-se-protege-contra-la-influenza","status":"publish","type":"post","link":"https:\/\/hospitaldechillan.cl\/web\/personal-del-hospital-de-chillan-se-protege-contra-la-influenza\/","title":{"rendered":"Personal del Hospital de Chill\u00e1n se protege contra la influenza"},"content":{"rendered":"\n<p>Con el\nprop\u00f3sito de proteger la salud del personal que est\u00e1 en la primera l\u00ednea del\ncuidado de la poblaci\u00f3n en la pandemia y as\u00ed asegurar la continuidad de la\natenci\u00f3n asistencial, el Hospital Cl\u00ednico Herminda Mart\u00edn ha vacunado contra la\ninfluenza al 74% de las funcionarios y funcionarios del establecimiento. <\/p>\n\n\n\n<p>Con este plan\nde inmunizaci\u00f3n, que oficialmente se inici\u00f3 hoy en todo el pa\u00eds, se espera\nvacunar a 3 mil funcionarios tanto de las \u00e1reas cl\u00ednicas como administrativas. <\/p>\n\n\n\n<p>El personal y\nlos estudiantes que trabajan en los centros de salud tienen probabilidades de contraer\ninfluenza o transmitir el virus a los&nbsp;pacientes y a otras personas, por\nello est\u00e1n incluidos en los grupos prioritarios, para proteger su salud y la de\nquienes necesitan sus cuidados. <\/p>\n\n\n\n<p>Hasta ahora, siete de cada diez trabajadores que se desempe\u00f1an en el\nprincipal hospital de la regi\u00f3n, ya sean han inoculado contra el virus de la influenza.&nbsp;\n\u201cSu actitud hacia esta vacunaci\u00f3n as\u00ed como antes lo hicieron frente a vacuna\ncontra el COVID-19, es un ejemplo de responsabilidad para la ciudadan\u00eda y de\nsolidaridad con otras personas que no pueden vacunarse\u201d, dijo el director del\nestablecimiento hospitalario, Luis Alberto P\u00e9rez Ojeda. <\/p>\n\n\n\n<figure class=\"wp-block-image\"><img loading=\"lazy\" decoding=\"async\" width=\"640\" height=\"360\" src=\"https:\/\/hospitaldechillan.cl\/web\/wp-content_Hos\/uploads\/2021\/04\/web2-640x360.jpg\" alt=\"\" class=\"wp-image-9147\" srcset=\"https:\/\/hospitaldechillan.cl\/web\/wp-content\/uploads\/2021\/04\/web2-640x360.jpg 640w, https:\/\/hospitaldechillan.cl\/web\/wp-content\/uploads\/2021\/04\/web2-768x432.jpg 768w, https:\/\/hospitaldechillan.cl\/web\/wp-content\/uploads\/2021\/04\/web2-1200x675.jpg 1200w, https:\/\/hospitaldechillan.cl\/web\/wp-content\/uploads\/2021\/04\/web2.jpg 1600w\" sizes=\"auto, (max-width: 640px) 100vw, 640px\" \/><\/figure>\n\n\n\n<p>El directivo,\nse\u00f1al\u00f3 que \u201cesperamos lograr que la gran mayor\u00eda de nuestra comunidad se\nvacune, para evitar la circulaci\u00f3n de otros virus que se sumen al SARS-CoV-2 complicando\nde este modo el escenario epidemiol\u00f3gico y la capacidad de respuesta\nasistencial\u201d.<\/p>\n\n\n\n<p>En pocos\nd\u00edas, dijo, \u201chemos notado una gran adherencia de las funcionarias y\nfuncionarios a la campa\u00f1a, por eso queremos invitar a la comunidad que tambi\u00e9n\nse sume y pueda inmunizarse, &nbsp;seg\u00fan el\ncalendario de vacunaci\u00f3n determinado por el Ministerio de Salud\u201d . <\/p>\n","protected":false},"excerpt":{"rendered":"<p>Con esta inmunizaci\u00f3n no solo se cuida la salud de los equipos asistenciales sino que tambi\u00e9n se asegura la continuidad de la atenci\u00f3n. <\/p>\n","protected":false},"author":3,"featured_media":9145,"comment_status":"open","ping_status":"closed","sticky":false,"template":"","format":"standard","meta":{"_acf_changed":false,"_monsterinsights_skip_tracking":false,"_monsterinsights_sitenote_active":false,"_monsterinsights_sitenote_note":"","_monsterinsights_sitenote_category":0,"footnotes":""},"categories":[4],"tags":[],"class_list":["post-9144","post","type-post","status-publish","format-standard","has-post-thumbnail","hentry","category-noticias"],"acf":[],"publishpress_future_action":{"enabled":false,"date":"2026-05-05 09:41:53","action":"change-status","newStatus":"draft","terms":[],"taxonomy":"category","extraData":[]},"publishpress_future_workflow_manual_trigger":{"enabledWorkflows":[]},"_links":{"self":[{"href":"https:\/\/hospitaldechillan.cl\/web\/wp-json\/wp\/v2\/posts\/9144","targetHints":{"allow":["GET"]}}],"collection":[{"href":"https:\/\/hospitaldechillan.cl\/web\/wp-json\/wp\/v2\/posts"}],"about":[{"href":"https:\/\/hospitaldechillan.cl\/web\/wp-json\/wp\/v2\/types\/post"}],"author":[{"embeddable":true,"href":"https:\/\/hospitaldechillan.cl\/web\/wp-json\/wp\/v2\/users\/3"}],"replies":[{"embeddable":true,"href":"https:\/\/hospitaldechillan.cl\/web\/wp-json\/wp\/v2\/comments?post=9144"}],"version-history":[{"count":0,"href":"https:\/\/hospitaldechillan.cl\/web\/wp-json\/wp\/v2\/posts\/9144\/revisions"}],"wp:featuredmedia":[{"embeddable":true,"href":"https:\/\/hospitaldechillan.cl\/web\/wp-json\/wp\/v2\/media\/9145"}],"wp:attachment":[{"href":"https:\/\/hospitaldechillan.cl\/web\/wp-json\/wp\/v2\/media?parent=9144"}],"wp:term":[{"taxonomy":"category","embeddable":true,"href":"https:\/\/hospitaldechillan.cl\/web\/wp-json\/wp\/v2\/categories?post=9144"},{"taxonomy":"post_tag","embeddable":true,"href":"https:\/\/hospitaldechillan.cl\/web\/wp-json\/wp\/v2\/tags?post=9144"}],"curies":[{"name":"wp","href":"https:\/\/api.w.org\/{rel}","templated":true}]}}