{"id":882,"date":"2014-11-20T15:51:03","date_gmt":"2014-11-20T19:51:03","guid":{"rendered":"http:\/\/hospitaldechillan.cl\/web\/?p=882"},"modified":"2014-11-21T15:54:05","modified_gmt":"2014-11-21T19:54:05","slug":"comenzo-funcionamiento-de-la-torre-hospitalaria-del-hchm","status":"publish","type":"post","link":"https:\/\/hospitaldechillan.cl\/web\/comenzo-funcionamiento-de-la-torre-hospitalaria-del-hchm\/","title":{"rendered":"Comenz\u00f3 funcionamiento de la Torre Hospitalaria del HCHM"},"content":{"rendered":"<p>Un importante hito vivi\u00f3 nuestro Hospital durante la ma\u00f1ana de este jueves, pues luego de rigurosas reparaciones y readecuaciones, la Torre Hospitalaria ubicada a un costado de la Unidad de Emergencia, entr\u00f3 nuevamente en funcionamiento.<\/p>\n<p>En esta ocasi\u00f3n, se traslad\u00f3 la Unidad de Pacientes Cr\u00edticos Adultos (UPCA), la que gracias al apoyo del personal cl\u00ednico y el equipo t\u00e9cnico de funcionarios de otras \u00e1reas del Hospital, se logr\u00f3 habilitar sin complicaciones en las nuevas dependencias. <\/p>\n<p>Tal como lo expres\u00f3 el Jefe de la UPCA, Cristian Carmona Concha, este cambio era muy esperado por todos, ya que \u201ces la culminaci\u00f3n de un gran anhelo, sobre todo despu\u00e9s del terremoto que nos afect\u00f3 como familia hospitalaria. El volver a este lugar, fue un motivo de emoci\u00f3n para los funcionarios y satisfacci\u00f3n tambi\u00e9n para nuestros usuarios que se mostraron muy contentos con el cambio. Es un aliciente para seguir trabajando con la misma dedicaci\u00f3n y entrega para recuperar la salud de nuestros pacientes\u201d. <\/p>\n<p>En ese contexto agreg\u00f3 que se espera poder ampliar la cantidad de camas disponibles que actualmente son diez en Tratamientos Intermedios (TIM) y ocho en la unidad de Cuidados Intensivos (UCI).<\/p>\n<p>Los pacientes fueron trasladados antes del horario de visitas, por eso sus familiares junto con ingresar por el nuevo acceso de visitas ubicado en el primer piso de la Torre Hospitalaria conocieron los nuevos espacios y se manifestaron conformes con la nueva construcci\u00f3n. \u201cLa implementaci\u00f3n es fant\u00e1stica, nada que decir, espero que las personas sigan haciendo bien su trabajo hasta ahora como lo ha sido mi experiencia con mi madre, quien desde que ingres\u00f3 ha recibido  una muy buena atenci\u00f3n del equipo m\u00e9dico\u201d, manifest\u00f3 Mauricio Aburto, familiar de una paciente de UCI. <\/p>\n<p>Por su parte, el Director Dr. Rodrigo Avenda\u00f1o Brandeis, calific\u00f3 como exitoso este primer traslado pues se desarrollo en completa normalidad y sin complicaciones. \u201cEste cambio es de vital importancia, pues con la puesta en marcha de la Torre, podremos descomprimir espacios f\u00edsicos de nuestro Hospital y habilitar nuevas dependencias que nos permitir\u00e1n seguir entregando una atenci\u00f3n de calidad a todos nuestros usuarios, junto con brindar espacios de trabajo acordes para nuestros funcionarios\u201d.<\/p>\n","protected":false},"excerpt":{"rendered":"<p>Durante las pr\u00f3ximas semanas continuar\u00e1n los traslados de otras unidades como Cirug\u00eda Infantil y Pediatr\u00eda junto a sus \u00e1reas de cuidados intensivos.  <\/p>\n","protected":false},"author":3,"featured_media":883,"comment_status":"open","ping_status":"closed","sticky":false,"template":"","format":"standard","meta":{"_acf_changed":false,"_monsterinsights_skip_tracking":false,"_monsterinsights_sitenote_active":false,"_monsterinsights_sitenote_note":"","_monsterinsights_sitenote_category":0,"footnotes":""},"categories":[4],"tags":[],"class_list":["post-882","post","type-post","status-publish","format-standard","has-post-thumbnail","hentry","category-noticias"],"acf":[],"publishpress_future_action":{"enabled":false,"date":"2026-05-07 20:46:35","action":"change-status","newStatus":"draft","terms":[],"taxonomy":"category","extraData":[]},"publishpress_future_workflow_manual_trigger":{"enabledWorkflows":[]},"_links":{"self":[{"href":"https:\/\/hospitaldechillan.cl\/web\/wp-json\/wp\/v2\/posts\/882","targetHints":{"allow":["GET"]}}],"collection":[{"href":"https:\/\/hospitaldechillan.cl\/web\/wp-json\/wp\/v2\/posts"}],"about":[{"href":"https:\/\/hospitaldechillan.cl\/web\/wp-json\/wp\/v2\/types\/post"}],"author":[{"embeddable":true,"href":"https:\/\/hospitaldechillan.cl\/web\/wp-json\/wp\/v2\/users\/3"}],"replies":[{"embeddable":true,"href":"https:\/\/hospitaldechillan.cl\/web\/wp-json\/wp\/v2\/comments?post=882"}],"version-history":[{"count":0,"href":"https:\/\/hospitaldechillan.cl\/web\/wp-json\/wp\/v2\/posts\/882\/revisions"}],"wp:featuredmedia":[{"embeddable":true,"href":"https:\/\/hospitaldechillan.cl\/web\/wp-json\/wp\/v2\/media\/883"}],"wp:attachment":[{"href":"https:\/\/hospitaldechillan.cl\/web\/wp-json\/wp\/v2\/media?parent=882"}],"wp:term":[{"taxonomy":"category","embeddable":true,"href":"https:\/\/hospitaldechillan.cl\/web\/wp-json\/wp\/v2\/categories?post=882"},{"taxonomy":"post_tag","embeddable":true,"href":"https:\/\/hospitaldechillan.cl\/web\/wp-json\/wp\/v2\/tags?post=882"}],"curies":[{"name":"wp","href":"https:\/\/api.w.org\/{rel}","templated":true}]}}