{"id":876,"date":"2014-11-11T07:32:12","date_gmt":"2014-11-11T11:32:12","guid":{"rendered":"http:\/\/hospitaldechillan.cl\/web\/?p=876"},"modified":"2014-11-14T07:40:43","modified_gmt":"2014-11-14T11:40:43","slug":"destacada-odontopediatra-expuso-sobre-traumatismos-dentoalveares-en-viii-jornadas-de-odontologia-de-nuble","status":"publish","type":"post","link":"https:\/\/hospitaldechillan.cl\/web\/destacada-odontopediatra-expuso-sobre-traumatismos-dentoalveares-en-viii-jornadas-de-odontologia-de-nuble\/","title":{"rendered":"Destacada odontopediatra expuso sobre Traumatismos Dentoalveares en VIII Jornadas de Odontolog\u00eda de \u00d1uble"},"content":{"rendered":"<p>Con la presencia de destacados expositores de diferentes zonas del pa\u00eds, se desarroll\u00f3 en el Hospital Cl\u00ednico Herminda Mart\u00edn de Chill\u00e1n la octava versi\u00f3n de las Jornadas de Odontolog\u00eda, las que permitieron compartir experiencias sobre diversas patolog\u00edas de pacientes locales y nacionales.<\/p>\n<p>En esta oportunidad, si bien se analizaron variadas ponencias, se profundiz\u00f3 en la problem\u00e1tica de los Traumatismos Dentoalveares, dada la alta prevalencia que posee a nivel nacional y local.<\/p>\n<p>La Dra. Ingrid Campos Sep\u00falveda, Odontopediatra del Servicio de Salud de Valpara\u00edso &#8211; San Antonio, fue la encargada de compartir con los asistentes su experiencia sobre la patolog\u00eda junto con analizar el manejo de urgencia, tratamiento y seguimiento que \u00e9sta requiere.<\/p>\n<p>\u201cEste es un problema importante en la vida diaria de la poblaci\u00f3n, por eso nosotros consideramos que hay que socializar el tema, para que la gente pueda reconocerla. Esto es muy importante, ya que su tratamiento considera una terapia transversal que involucra a todas las especialidades dado el manejo de urgencia que requiere\u201d.<\/p>\n<p>Seg\u00fan manifest\u00f3, cualquier persona puede sufrir un trauma de este tipo, siendo m\u00e1s frecuente en los ni\u00f1os, debido a las constantes ca\u00eddas que sufren producto de su aprendizaje para caminar y tambi\u00e9n en los adolescentes debido los diversos deportes de contacto que practican, lo cual dependiendo de la gravedad de la lesi\u00f3n, podr\u00eda generar secuelas en las piezas dentales definitivas.<\/p>\n<p>La patolog\u00eda se incluye en las Garant\u00edas Expl\u00edcitas en Salud desde el 2007, oportunidad en la que se consider\u00f3 dentro de las urgencias odontol\u00f3gicas ambulatorias. Parte de las recomendaciones entregadas por la Dra. Campos para prevenir estos accidentes, se relacionan con el uso de protectores bucales en pr\u00e1cticas deportivas, evitar golpes fuertes en la dentadura junto con una detecci\u00f3n temprana de la patolog\u00eda para facilitar su posterior recuperaci\u00f3n.<\/p>\n<p>Durante el desarrollo de las Jornadas Odontol\u00f3gicas, tambi\u00e9n expusieron los expertos de la Unidad de Especialidades Odontol\u00f3gicas del Hospital, como el ortodoncista Jaime Venegas, quien present\u00f3 \u201coportunidad en el tratamiento de ortodoncia\u201d; la endodoncista Cecilia Capetillo con \u201cfistulas faciales odontog\u00e9nicas\u201d; la rehabilitadora oral Alejandra Molina y el \u201cuso de postes de base org\u00e1nica reforzados con fibras\u201d; la cirujano maxilofacial Natalia Jara, con \u201caccidentes en exodoncias\u201d y el periodoncista Luis Mart\u00ednez compartiendo su visi\u00f3n sobre \u201calargamiento coronario\u201d.<\/p>\n","protected":false},"excerpt":{"rendered":"<p>La prevalencia de la patolog\u00eda a nivel nacional y local, junto a la importancia de que la sociedad  sepa c\u00f3mo enfrentarla, hacen relevante hablar de ella. <\/p>\n","protected":false},"author":3,"featured_media":877,"comment_status":"open","ping_status":"closed","sticky":false,"template":"","format":"standard","meta":{"_acf_changed":false,"_monsterinsights_skip_tracking":false,"_monsterinsights_sitenote_active":false,"_monsterinsights_sitenote_note":"","_monsterinsights_sitenote_category":0,"footnotes":""},"categories":[4],"tags":[],"class_list":["post-876","post","type-post","status-publish","format-standard","has-post-thumbnail","hentry","category-noticias"],"acf":[],"publishpress_future_action":{"enabled":false,"date":"2026-05-05 09:48:16","action":"change-status","newStatus":"draft","terms":[],"taxonomy":"category","extraData":[]},"publishpress_future_workflow_manual_trigger":{"enabledWorkflows":[]},"_links":{"self":[{"href":"https:\/\/hospitaldechillan.cl\/web\/wp-json\/wp\/v2\/posts\/876","targetHints":{"allow":["GET"]}}],"collection":[{"href":"https:\/\/hospitaldechillan.cl\/web\/wp-json\/wp\/v2\/posts"}],"about":[{"href":"https:\/\/hospitaldechillan.cl\/web\/wp-json\/wp\/v2\/types\/post"}],"author":[{"embeddable":true,"href":"https:\/\/hospitaldechillan.cl\/web\/wp-json\/wp\/v2\/users\/3"}],"replies":[{"embeddable":true,"href":"https:\/\/hospitaldechillan.cl\/web\/wp-json\/wp\/v2\/comments?post=876"}],"version-history":[{"count":0,"href":"https:\/\/hospitaldechillan.cl\/web\/wp-json\/wp\/v2\/posts\/876\/revisions"}],"wp:featuredmedia":[{"embeddable":true,"href":"https:\/\/hospitaldechillan.cl\/web\/wp-json\/wp\/v2\/media\/877"}],"wp:attachment":[{"href":"https:\/\/hospitaldechillan.cl\/web\/wp-json\/wp\/v2\/media?parent=876"}],"wp:term":[{"taxonomy":"category","embeddable":true,"href":"https:\/\/hospitaldechillan.cl\/web\/wp-json\/wp\/v2\/categories?post=876"},{"taxonomy":"post_tag","embeddable":true,"href":"https:\/\/hospitaldechillan.cl\/web\/wp-json\/wp\/v2\/tags?post=876"}],"curies":[{"name":"wp","href":"https:\/\/api.w.org\/{rel}","templated":true}]}}