{"id":834,"date":"2014-10-23T07:53:58","date_gmt":"2014-10-23T11:53:58","guid":{"rendered":"http:\/\/hospitaldechillan.cl\/web\/?p=834"},"modified":"2014-10-23T08:00:41","modified_gmt":"2014-10-23T12:00:41","slug":"hospital-queda-a-la-vanguardia-en-procedimientos-de-instalacion-de-via-aerea-dificil-tras-recibir-equipamiento-donado-por-la-ucsc","status":"publish","type":"post","link":"https:\/\/hospitaldechillan.cl\/web\/hospital-queda-a-la-vanguardia-en-procedimientos-de-instalacion-de-via-aerea-dificil-tras-recibir-equipamiento-donado-por-la-ucsc\/","title":{"rendered":"Hospital queda a la vanguardia en procedimientos de instalaci\u00f3n de v\u00eda a\u00e9rea dif\u00edcil tras recibir equipamiento donado por la UCSC"},"content":{"rendered":"<p>\u201cCon la recepci\u00f3n de los equipos para la instalaci\u00f3n de la v\u00eda a\u00e9rea dif\u00edcil donados por la Universidad Cat\u00f3lica de la Sant\u00edsima Concepci\u00f3n, el Hospital Cl\u00ednico Herminda Mart\u00edn se posiciona como un centro asistencial de vanguardia nacional en el tema\u201d, acot\u00f3 el Director del HCHM, Dr. Rodrigo Avenda\u00f1o Brandeis, luego de firmar el Acta de entrega de los recursos con la Instituci\u00f3n de Educaci\u00f3n Superior.<br \/>\nLa ceremonia se realiz\u00f3 en el M\u00f3dulo de la Universidad, y cont\u00f3 con la presencia del Director del Servicio de Salud \u00d1uble, Dr. Iv\u00e1n Paul, adem\u00e1s de la jefa de carrera de Medicina de la UCSC, Dra. Andrea Meyer, el Director de finanzas de la UCSC Eduardo Rozas, as\u00f3 como tambi\u00e9n el coordinador del programa de postgrado de Reanimaci\u00f3n y Anestesiolog\u00eda, Dr. Juan Carlos G\u00f3mez y la jefa del CR Anestesia y Pabell\u00f3n del HCHM, Dra. Luz Mor\u00e1n.<\/p>\n<p>En concreto, el convenio contempl\u00f3 la compra de equipamiento de alta tecnolog\u00eda para el manejo, visualizaci\u00f3n y registro de todos los procedimientos anestesia que se realizan por la v\u00eda a\u00e9rea, la que puede ser normal o dif\u00edcil, compuesto principalmente por un Videolaringoscopio y un Nasofibroendoscopio, los que permiten visualizar en tiempo real la manipulaci\u00f3n y acercamiento la v\u00eda a\u00e9rea.<\/p>\n<p>El costo total de los equipamientos borde\u00f3 los 30 millones de pesos y tiene como antecedente el inicio del Programa de Postgrado de Reanimaci\u00f3n y Anestesiolog\u00eda, en marzo del presente a\u00f1o, puesto que la nueva implementaci\u00f3n otorgar\u00e1 un valor agregado a la preparaci\u00f3n de los 3 becados y a los que se sumen en a\u00f1os posteriores. No obstante, tambi\u00e9n tiene valor asistencial, ya que estar\u00e1 al servicio de los usuarios que as\u00ed lo requieran.<\/p>\n<p>El Director del Servicio de Salud \u00d1uble, Dr. Iv\u00e1n Paul, resalt\u00f3 la concreci\u00f3n de esta donaci\u00f3n \u201ces una muestra m\u00e1s de la adecuada decisi\u00f3n que se tom\u00f3 hace 15 a\u00f1os atr\u00e1s, cuando entablamos la alianza con la UCSC, donde claramente se han potenciado las tres Instituciones: La Universidad, el Servicio de Salud \u00d1uble y el Hospital, siendo prueba de esto el campo cl\u00ednico, el inicio del programa de postgrado y acciones como la donaci\u00f3n de equipos que hoy concretamos, estableciendo tambi\u00e9n nuevos desaf\u00edos como por ejemplo ampliar el programa a otras especialidades\u201d.<\/p>\n<p><a href=\"https:\/\/hospitaldechillan.cl\/web\/wp-content_Hos\/uploads\/2014\/10\/web3.jpg\"><img loading=\"lazy\" decoding=\"async\" src=\"https:\/\/hospitaldechillan.cl\/web\/wp-content_Hos\/uploads\/2014\/10\/web3-640x360.jpg\" alt=\"web3\" width=\"640\" height=\"360\" class=\"alignnone size-medium wp-image-838\" srcset=\"https:\/\/hospitaldechillan.cl\/web\/wp-content\/uploads\/2014\/10\/web3-640x360.jpg 640w, https:\/\/hospitaldechillan.cl\/web\/wp-content\/uploads\/2014\/10\/web3-1200x675.jpg 1200w, https:\/\/hospitaldechillan.cl\/web\/wp-content\/uploads\/2014\/10\/web3.jpg 1600w\" sizes=\"auto, (max-width: 640px) 100vw, 640px\" \/><\/a><\/p>\n<p>El Dr. Juan Carlos G\u00f3mez explic\u00f3 que \u201clos equipos donado viene a complementar el ya existente en la Unidad, y con \u00e9l se facilita tanto el manejo de los pacientes como las labores docentes con la formaci\u00f3n de postgrado y con formaci\u00f3n de pregrado para los estudiantes de medicina y enfermer\u00eda\u201d<br \/>\nEn tanto, la Jefa del CR Anestesia y pabell\u00f3n, Luz Mor\u00e1n coment\u00f3 que los equipos recibidos, tanto el Nasofiboendoscopio como el Videolaringoscopio, son \u00fatiles en diferentes tipos de intervenciones. \u201cEl primero, puede ser utilizado en procedimientos electivos o programados, cuando la evaluaci\u00f3n preanest\u00e9sica hecha al pacientes indica que el manejo de la v\u00eda a\u00e9rea se puede complicar, mientras que el segundo, es infalible en casos de Urgencia, cuando el chequeo preanest\u00e9sico no ha dado indicio de una v\u00eda compleja\u201d<\/p>\n","protected":false},"excerpt":{"rendered":"<p>Un Nasofibroendoscopio y un Videolaringoscopio es parte del equipamiento donado por la casa de estudios superiores. Este instrumental permitir\u00e1 facilitar tanto el manejo de los pacientes como la labor docente del establecimiento enfocada en el Programa de postgrado de Reanimaci\u00f3n y Anestesiolog\u00eda y tambi\u00e9n de pregrado con estudiantes de Medicina y Enfermer\u00eda. <\/p>\n","protected":false},"author":3,"featured_media":837,"comment_status":"open","ping_status":"closed","sticky":false,"template":"","format":"standard","meta":{"_acf_changed":false,"_monsterinsights_skip_tracking":false,"_monsterinsights_sitenote_active":false,"_monsterinsights_sitenote_note":"","_monsterinsights_sitenote_category":0,"footnotes":""},"categories":[4],"tags":[],"class_list":["post-834","post","type-post","status-publish","format-standard","has-post-thumbnail","hentry","category-noticias"],"acf":[],"publishpress_future_action":{"enabled":false,"date":"2026-05-05 09:46:59","action":"change-status","newStatus":"draft","terms":[],"taxonomy":"category","extraData":[]},"publishpress_future_workflow_manual_trigger":{"enabledWorkflows":[]},"_links":{"self":[{"href":"https:\/\/hospitaldechillan.cl\/web\/wp-json\/wp\/v2\/posts\/834","targetHints":{"allow":["GET"]}}],"collection":[{"href":"https:\/\/hospitaldechillan.cl\/web\/wp-json\/wp\/v2\/posts"}],"about":[{"href":"https:\/\/hospitaldechillan.cl\/web\/wp-json\/wp\/v2\/types\/post"}],"author":[{"embeddable":true,"href":"https:\/\/hospitaldechillan.cl\/web\/wp-json\/wp\/v2\/users\/3"}],"replies":[{"embeddable":true,"href":"https:\/\/hospitaldechillan.cl\/web\/wp-json\/wp\/v2\/comments?post=834"}],"version-history":[{"count":0,"href":"https:\/\/hospitaldechillan.cl\/web\/wp-json\/wp\/v2\/posts\/834\/revisions"}],"wp:featuredmedia":[{"embeddable":true,"href":"https:\/\/hospitaldechillan.cl\/web\/wp-json\/wp\/v2\/media\/837"}],"wp:attachment":[{"href":"https:\/\/hospitaldechillan.cl\/web\/wp-json\/wp\/v2\/media?parent=834"}],"wp:term":[{"taxonomy":"category","embeddable":true,"href":"https:\/\/hospitaldechillan.cl\/web\/wp-json\/wp\/v2\/categories?post=834"},{"taxonomy":"post_tag","embeddable":true,"href":"https:\/\/hospitaldechillan.cl\/web\/wp-json\/wp\/v2\/tags?post=834"}],"curies":[{"name":"wp","href":"https:\/\/api.w.org\/{rel}","templated":true}]}}