{"id":795,"date":"2014-10-04T11:02:03","date_gmt":"2014-10-04T15:02:03","guid":{"rendered":"http:\/\/hospitaldechillan.cl\/web\/?p=795"},"modified":"2014-10-04T11:18:26","modified_gmt":"2014-10-04T15:18:26","slug":"con-saludo-a-usuarias-y-usuarios-se-conmemoro-el-dia-del-hospital","status":"publish","type":"post","link":"https:\/\/hospitaldechillan.cl\/web\/con-saludo-a-usuarias-y-usuarios-se-conmemoro-el-dia-del-hospital\/","title":{"rendered":"Con saludo a Usuarias y Usuarios se conmemor\u00f3 el D\u00eda del Hospital"},"content":{"rendered":"<p>Como ya es tradici\u00f3n cada 3 de octubre, el Director junto a parte de su equipo directivo, conmemoran el D\u00eda del Hospital y el Aniversario, recorriendo las distintas unidades y servicios cl\u00ednicos del recinto, entregando un saludo a las usuar\u00edas y usuarios hospitalizados, como una forma de integrar a la comunidad a esta festividad.<\/p>\n<p>\u201cHoy tenemos motivos para celebrar y quisimos hacerlo junto a nuestros usuarios\u201d, se\u00f1al\u00f3 el Dr. Rodrigo Avenda\u00f1o quien junto a la Subdirectora de Gesti\u00f3n de los Cuidados, Magali Palma, fueron los encargados de distribuir este mensaje entre los m\u00e1s de 400 pacientes internados en el recinto asistencial, destacando en este saludo la entrega de buenas noticias como la Acreditaci\u00f3n en Calidad obtenida en agosto y la pronta puesta en marcha de la Torre que result\u00f3 da\u00f1ada con el terremoto de 2010, la que est\u00e1 pr\u00f3xima a comenzar su funcionamiento, hecho que permitir\u00e1 ofrecer espacios m\u00e1s c\u00f3modos y confortables tanto para usuarios como para los funcionarios del recinto asistencial.<\/p>\n<p><img loading=\"lazy\" decoding=\"async\" src=\"https:\/\/hospitaldechillan.cl\/web\/wp-content_Hos\/uploads\/2014\/10\/Saludo-2-640x426.jpg\" alt=\"Saludo 2\" width=\"640\" height=\"426\" class=\"alignleft size-medium wp-image-801\" \/><\/p>\n<h3>Antecedentes Hist\u00f3ricos<\/h3>\n<p>El primer hospital en Chile comenz\u00f3 a funcionar en Santiago el 3 de octubre de 1552, al final del Gobierno de Pedro de Valdivia, bajo el nombre de Hospital de Nuestra Se\u00f1ora del Socoro. En 1617 comenz\u00f3 a llamarse Hospital San Juan de Dios.<\/p>\n<p>En la Provincia de \u00d1uble hay siete hospitales dependientes del Servicio de Salud: El Hospital Cl\u00ednico Herminda Mart\u00edn, El Hospital de San Carlos y cinco Hospitales Comunitarios de Salud Familiar ubicados en las comunas de Bulnes, El Carmen, Quirihue, Coelemu y Yungay.<\/p>\n","protected":false},"excerpt":{"rendered":"<p>Actividad form\u00f3 parte adem\u00e1s del programa de Conmemoraci\u00f3n de los 69 a\u00f1os del principal Centro Asistencial de \u00d1uble.<\/p>\n","protected":false},"author":2,"featured_media":796,"comment_status":"open","ping_status":"closed","sticky":false,"template":"","format":"standard","meta":{"_acf_changed":false,"_monsterinsights_skip_tracking":false,"_monsterinsights_sitenote_active":false,"_monsterinsights_sitenote_note":"","_monsterinsights_sitenote_category":0,"footnotes":""},"categories":[4],"tags":[],"class_list":["post-795","post","type-post","status-publish","format-standard","has-post-thumbnail","hentry","category-noticias"],"acf":[],"publishpress_future_action":{"enabled":false,"date":"2026-05-03 13:44:26","action":"change-status","newStatus":"draft","terms":[],"taxonomy":"category","extraData":[]},"publishpress_future_workflow_manual_trigger":{"enabledWorkflows":[]},"_links":{"self":[{"href":"https:\/\/hospitaldechillan.cl\/web\/wp-json\/wp\/v2\/posts\/795","targetHints":{"allow":["GET"]}}],"collection":[{"href":"https:\/\/hospitaldechillan.cl\/web\/wp-json\/wp\/v2\/posts"}],"about":[{"href":"https:\/\/hospitaldechillan.cl\/web\/wp-json\/wp\/v2\/types\/post"}],"author":[{"embeddable":true,"href":"https:\/\/hospitaldechillan.cl\/web\/wp-json\/wp\/v2\/users\/2"}],"replies":[{"embeddable":true,"href":"https:\/\/hospitaldechillan.cl\/web\/wp-json\/wp\/v2\/comments?post=795"}],"version-history":[{"count":0,"href":"https:\/\/hospitaldechillan.cl\/web\/wp-json\/wp\/v2\/posts\/795\/revisions"}],"wp:featuredmedia":[{"embeddable":true,"href":"https:\/\/hospitaldechillan.cl\/web\/wp-json\/wp\/v2\/media\/796"}],"wp:attachment":[{"href":"https:\/\/hospitaldechillan.cl\/web\/wp-json\/wp\/v2\/media?parent=795"}],"wp:term":[{"taxonomy":"category","embeddable":true,"href":"https:\/\/hospitaldechillan.cl\/web\/wp-json\/wp\/v2\/categories?post=795"},{"taxonomy":"post_tag","embeddable":true,"href":"https:\/\/hospitaldechillan.cl\/web\/wp-json\/wp\/v2\/tags?post=795"}],"curies":[{"name":"wp","href":"https:\/\/api.w.org\/{rel}","templated":true}]}}