{"id":7924,"date":"2020-09-23T13:37:29","date_gmt":"2020-09-23T17:37:29","guid":{"rendered":"http:\/\/hospitaldechillan.cl\/web\/?p=7924"},"modified":"2020-09-25T15:23:04","modified_gmt":"2020-09-25T19:23:04","slug":"comite-etico-cientifico-inicia-conversatorio-en-tiempos-de-pandemia","status":"publish","type":"post","link":"https:\/\/hospitaldechillan.cl\/web\/comite-etico-cientifico-inicia-conversatorio-en-tiempos-de-pandemia\/","title":{"rendered":"Comit\u00e9 \u00c9tico Cient\u00edfico inicia Conversatorio \u00abEn Tiempos de Pandemia\u00bb"},"content":{"rendered":"\n<p>Un <strong>ciclo de 6 charlas virtuales<\/strong>, relativas a la pandemia de Covid-19 y a las experiencias y trabajos cient\u00edficos a los que est\u00e1n abocados los especialistas y profesionales de la Regi\u00f3n de \u00d1uble, es la actividad propuesta por el <strong>Comit\u00e9 \u00c9tico Cient\u00edfico de nuestro Establecimiento, que comienzan hoy 23 de septiembre. <\/strong><\/p>\n\n\n\n<p>El primer invitado ser\u00e1 el <strong>director del Servicio de Salud \u00d1uble, Ricardo S\u00e1nchez<\/strong>, quien hablar\u00e1 sobre su vivencia respecto a esta compleja patolog\u00eda y c\u00f3mo ha sido su evoluci\u00f3n despu\u00e9s de haber cursado este cuadro cl\u00ednico que lo tuvo internado en la Unidad de Paciente Cr\u00edtico Covid del Hospital Regional de \u00d1uble. <\/p>\n\n\n\n<p>El <strong>Dr. Carlos Escudero, presidente del Comit\u00e9 \u00c9tico Cient\u00edfico<\/strong> coment\u00f3 que el objetivo de estos di\u00e1logos es \u201cproponer un espacio de reflexi\u00f3n sobre la importancia de la investigaci\u00f3n en salud para la toma de decisiones, lo que se realza en tiempos de pandemia y socializar la investigaci\u00f3n que se realiza en el HCHM\u201d. <\/p>\n\n\n\n<p>La invitaci\u00f3n es abierta a todo el p\u00fablico. S\u00f3lo se requiere la inscripci\u00f3n en el enlace habilitado https:\/\/docs.google.com\/forms\/d\/e\/1FAIpQLSeasSNsBoQAzusekI2Y6tmOqxh5P1IOjtHmSoSq45Tl0xamKQ\/viewform<\/p>\n","protected":false},"excerpt":{"rendered":"<p>Esta tarde, entre las 18 y las 19 horas se realizar\u00e1 la primera charla online. <\/p>\n","protected":false},"author":3,"featured_media":7964,"comment_status":"open","ping_status":"closed","sticky":false,"template":"","format":"standard","meta":{"_acf_changed":false,"_monsterinsights_skip_tracking":false,"_monsterinsights_sitenote_active":false,"_monsterinsights_sitenote_note":"","_monsterinsights_sitenote_category":0,"footnotes":""},"categories":[20,16],"tags":[31],"class_list":["post-7924","post","type-post","status-publish","format-standard","has-post-thumbnail","hentry","category-estandar-boletin","category-boletin","tag-31"],"acf":[],"publishpress_future_action":{"enabled":false,"date":"2026-05-04 15:10:51","action":"change-status","newStatus":"draft","terms":[],"taxonomy":"category","extraData":[]},"publishpress_future_workflow_manual_trigger":{"enabledWorkflows":[]},"_links":{"self":[{"href":"https:\/\/hospitaldechillan.cl\/web\/wp-json\/wp\/v2\/posts\/7924","targetHints":{"allow":["GET"]}}],"collection":[{"href":"https:\/\/hospitaldechillan.cl\/web\/wp-json\/wp\/v2\/posts"}],"about":[{"href":"https:\/\/hospitaldechillan.cl\/web\/wp-json\/wp\/v2\/types\/post"}],"author":[{"embeddable":true,"href":"https:\/\/hospitaldechillan.cl\/web\/wp-json\/wp\/v2\/users\/3"}],"replies":[{"embeddable":true,"href":"https:\/\/hospitaldechillan.cl\/web\/wp-json\/wp\/v2\/comments?post=7924"}],"version-history":[{"count":0,"href":"https:\/\/hospitaldechillan.cl\/web\/wp-json\/wp\/v2\/posts\/7924\/revisions"}],"wp:featuredmedia":[{"embeddable":true,"href":"https:\/\/hospitaldechillan.cl\/web\/wp-json\/wp\/v2\/media\/7964"}],"wp:attachment":[{"href":"https:\/\/hospitaldechillan.cl\/web\/wp-json\/wp\/v2\/media?parent=7924"}],"wp:term":[{"taxonomy":"category","embeddable":true,"href":"https:\/\/hospitaldechillan.cl\/web\/wp-json\/wp\/v2\/categories?post=7924"},{"taxonomy":"post_tag","embeddable":true,"href":"https:\/\/hospitaldechillan.cl\/web\/wp-json\/wp\/v2\/tags?post=7924"}],"curies":[{"name":"wp","href":"https:\/\/api.w.org\/{rel}","templated":true}]}}