{"id":781,"date":"2014-09-30T14:37:21","date_gmt":"2014-09-30T18:37:21","guid":{"rendered":"http:\/\/hospitaldechillan.cl\/web\/?p=781"},"modified":"2014-09-30T14:39:59","modified_gmt":"2014-09-30T18:39:59","slug":"jardin-simboliza-agradecimientos-a-familias-de-donantes-en-nuble","status":"publish","type":"post","link":"https:\/\/hospitaldechillan.cl\/web\/jardin-simboliza-agradecimientos-a-familias-de-donantes-en-nuble\/","title":{"rendered":"Jard\u00edn simboliza agradecimientos a familias de donantes en \u00d1uble"},"content":{"rendered":"<p>Con la Inauguraci\u00f3n del Jard\u00edn del Donante se conmemor\u00f3 este a\u00f1o en el Hospital Cl\u00ednico Herminda Mart\u00edn, el D\u00eda del Donante de \u00f3rganos que se celebra anualmente el 27 de septiembre.<br \/>\nEl Jard\u00edn del donante, es un \u00e1rea verde que se construy\u00f3 en conjunto con alumnos de diferentes casas de estudio, gremios y voluntariados que hicieron su aporte para concretar esta idea, que simboliza el agradecimiento de la comunidad y del Hospital a las 21 familias \u00f1ublensinas que en los \u00faltimos 5 a\u00f1os han decidido entregar vida, en un momento de m\u00e1ximo dolor como ocurre cuando fallece un ser querido.<br \/>\nPor esa raz\u00f3n, familiares de los donantes efectivos de \u00d1uble estuvieron presentes en la ceremonia, para a trav\u00e9s de una planta, graficar lo que signific\u00f3 para ellos contribuir en una cruzada tan esencial como resulta la donaci\u00f3n de \u00f3rganos de forma especial para quienes esperan un trasplante.<br \/>\nEn la ocasi\u00f3n, el Dr. Rodrigo Avenda\u00f1o coment\u00f3 que \u201cestamos orgullos de la conducta generosa de la comunidad de nuestra provincia, ya que este a\u00f1o nuestro Hospital lleva ya 5 procuraciones realizadas, posicionando una tasa que sobrepasa la media nacional y que ha permitido dar vida a quienes lo necesitan, lo que es fruto de un trabajo coordinado de una unidad especializada, pero adem\u00e1s refleja la generosidad de familias que en medio de su dolor, deciden donar vida\u201d.<br \/>\nDurante los 5 a\u00f1os de existencia de la unidad, 22 pacientes del Hospital han sido trasplantados de ri\u00f1\u00f3n, la mayor\u00eda en el Hospital Las Higueras de Talcahuano y dos ni\u00f1os en el Calvo Mackenna. No obstante esto, hay 70 pacientes que integran la Lista de espera nacional y otros 200 que postulan a ingresar a ella.<\/p>\n<p>El Director del Servicio de Salud \u00d1uble, Dr. Iv\u00e1n Paul, agreg\u00f3 que \u201cen \u00d1uble somos testigos de una alianza virtuosa en relaci\u00f3n a la donaci\u00f3n de \u00f3rganos. Por un lado, el coraz\u00f3n generoso de la comunidad y especialmente de las familias que han decidido respetar la voluntad de sus seres queridos donando sus \u00f3rganos, en un acto de profunda entrega y solidaridad. Por otro lado, esto es posible gracias al compromiso de los tres profesionales a cargo de la Procuraci\u00f3n de \u00f3rganos en el Hospital Cl\u00ednico Herminda Mart\u00edn. Sin horario y en momentos de profundo dolor, ellos son capaces de comprender el duelo y al mismo tiempo, ayudar a vivir a quien no tiene otra opci\u00f3n que el trasplante\u201d.<br \/>\nLa Unidad de Donaci\u00f3n de \u00f3rganos y tejidos, est\u00e1 compuesta por dos enfermeras y un m\u00e9dico, quienes cumplen una misi\u00f3n dif\u00edcil en el proceso de donaci\u00f3n de un \u00f3rgano. Dicho proceso se divide en 5 etapas principales:<br \/>\n1. Pesquisa de un eventual donante de \u00f3rganos: El posible donante debe ser una persona que est\u00e9 en muerte cerebral, confirmada por m\u00e9dicos de los cuales, al menos uno debe ser neur\u00f3logo o neurocirujano.<br \/>\n2. Certificaci\u00f3n de la muerte Una vez diagnosticada la muerte cerebral, el coordinador de centro hospitalario informa a la Coordinaci\u00f3n Nacional de trasplantes que alerta a todos los centros para identificar posibles receptores.<\/p>\n<p>3. Entrevista familiar El equipo de procuramiento de \u00f3rganos solicita la donaci\u00f3n a la familia para validar la decisi\u00f3n que el fallecido manifest\u00f3 en vida.<br \/>\n4. Mantenci\u00f3n: La coordinaci\u00f3n nacional del trasplante re\u00fane antecedentes del donante como edad, peso, talla, y grupo sangu\u00edneo. El ISP eval\u00faa la compatibilidad de los posibles receptores.<br \/>\n5. Procuraci\u00f3n: Se realiza la extracci\u00f3n de los \u00f3rganos, los deben trasplantados antes de las 24 horas siguientes a este procedimiento.<\/p>\n<p><strong>Familiares de donantes dieron m\u00e1s lecciones de amor<\/strong><br \/>\nLa ceremonia cont\u00f3 con 14 grupos familiares de donantes de nuestra provincia, quienes dejaron una planta en el jard\u00edn que simboliza vida. Dentro del acto, Mart\u00edn Veliz Aravena, de 9 a\u00f1os, ley\u00f3 una carta que recordaba a su madre fallecida el pasado abril. Su abuela, Mafalda Reyes coment\u00f3 que \u201cmi hija falleci\u00f3 el pasado abril, y dej\u00f3 tres hijos, si bien nosotros nunca antes hab\u00edamos hablado de la donaci\u00f3n de \u00f3rganos, cuando a m\u00ed me hicieron la pregunta despu\u00e9s de 10 minutos de haberme comunicado el fallecimiento de mi hija, acept\u00e9 de inmediato, porque conociendo a mi Doris, es lo que ella hubiese querido\u201d.<br \/>\nOtra familia que quiso participar de la reuni\u00f3n fue la encabezada por Genoveva Manterola, esposa de un donante de \u00f3rganos que falleci\u00f3 ya hace dos a\u00f1os y medio. Ella resalt\u00f3 que \u201ceste tipo de actividades se debieran realizar m\u00ednimo una vez al a\u00f1o, para concientizar a la poblaci\u00f3n para que sean donantes. Las personas fallecen y no pueden decidir y para eso estamos los familiares, si bien es un momento fuerte y duro, tambi\u00e9n es bonito porque est\u00e1s prolongando la vida de otras personas, mi esposo fue multidonante y estoy muy orgullosa de eso, y ahora todos como familia somos donantes\u201d.<\/p>\n<p>&nbsp;<\/p>\n","protected":false},"excerpt":{"rendered":"<p>Emocionante ceremonia de inauguraci\u00f3n se realiz\u00f3 en el frontis de la Unidad de Emergencia del Hospital Cl\u00ednico Herminda Mart\u00edn, a un costado de la remozada Torre. <\/p>\n","protected":false},"author":3,"featured_media":782,"comment_status":"open","ping_status":"closed","sticky":false,"template":"","format":"standard","meta":{"_acf_changed":false,"_monsterinsights_skip_tracking":false,"_monsterinsights_sitenote_active":false,"_monsterinsights_sitenote_note":"","_monsterinsights_sitenote_category":0,"footnotes":""},"categories":[4],"tags":[],"class_list":["post-781","post","type-post","status-publish","format-standard","has-post-thumbnail","hentry","category-noticias"],"acf":[],"publishpress_future_action":{"enabled":false,"date":"2026-05-06 10:41:36","action":"change-status","newStatus":"draft","terms":[],"taxonomy":"category","extraData":[]},"publishpress_future_workflow_manual_trigger":{"enabledWorkflows":[]},"_links":{"self":[{"href":"https:\/\/hospitaldechillan.cl\/web\/wp-json\/wp\/v2\/posts\/781","targetHints":{"allow":["GET"]}}],"collection":[{"href":"https:\/\/hospitaldechillan.cl\/web\/wp-json\/wp\/v2\/posts"}],"about":[{"href":"https:\/\/hospitaldechillan.cl\/web\/wp-json\/wp\/v2\/types\/post"}],"author":[{"embeddable":true,"href":"https:\/\/hospitaldechillan.cl\/web\/wp-json\/wp\/v2\/users\/3"}],"replies":[{"embeddable":true,"href":"https:\/\/hospitaldechillan.cl\/web\/wp-json\/wp\/v2\/comments?post=781"}],"version-history":[{"count":0,"href":"https:\/\/hospitaldechillan.cl\/web\/wp-json\/wp\/v2\/posts\/781\/revisions"}],"wp:featuredmedia":[{"embeddable":true,"href":"https:\/\/hospitaldechillan.cl\/web\/wp-json\/wp\/v2\/media\/782"}],"wp:attachment":[{"href":"https:\/\/hospitaldechillan.cl\/web\/wp-json\/wp\/v2\/media?parent=781"}],"wp:term":[{"taxonomy":"category","embeddable":true,"href":"https:\/\/hospitaldechillan.cl\/web\/wp-json\/wp\/v2\/categories?post=781"},{"taxonomy":"post_tag","embeddable":true,"href":"https:\/\/hospitaldechillan.cl\/web\/wp-json\/wp\/v2\/tags?post=781"}],"curies":[{"name":"wp","href":"https:\/\/api.w.org\/{rel}","templated":true}]}}