{"id":7742,"date":"2020-09-07T15:19:48","date_gmt":"2020-09-07T19:19:48","guid":{"rendered":"http:\/\/hospitaldechillan.cl\/web\/?p=7742"},"modified":"2020-09-08T07:45:07","modified_gmt":"2020-09-08T11:45:07","slug":"los-cinco-meses-de-la-uci-que-trata-a-los-pacientes-sin-covid","status":"publish","type":"post","link":"https:\/\/hospitaldechillan.cl\/web\/los-cinco-meses-de-la-uci-que-trata-a-los-pacientes-sin-covid\/","title":{"rendered":"Los cinco meses de la UCI que trata a los pacientes sin Covid"},"content":{"rendered":"\n<p><em>La gran\npreocupaci\u00f3n al incio de la pandemia <\/em>era\ncontar con camas cr\u00edticas en cantidad suficiente para atender los casos m\u00e1s\ncomplejos con el Sars Cov-2 y el Hospital Cl\u00ednico Herminda Mart\u00edn cumpli\u00f3\npr\u00e1cticamente triplicando la cantidad de ventiladores mec\u00e1nicos. No obstante,\nlos pacientes con patolog\u00edas graves, que requer\u00edan cuidados intensivos, segu\u00edan\npresent\u00e1ndose d\u00eda a d\u00eda, por lo que el Servicio de Anestesia y Pabellones,\nasumi\u00f3 el desaf\u00edo de implementar en las dependencias de la sala de recuperaci\u00f3n\nanest\u00e9sica, la primera UCI No Covid del Hospital, que entr\u00f3 en funcionamiento el\npasado 2 de abril. <\/p>\n\n\n\n<p>La Jefa de esa Unidad, la Dra. Luz Mar\u00eda Mor\u00e1n, cont\u00f3\nque si bien fue un cambio importante en el funcionamiento, \u201ccomo anestesistas\nest\u00e1bamos preparados para cuidar a los pacientes cr\u00edticos, ya que en nuestra\nformaci\u00f3n contamos con esos conocimientos, adem\u00e1s confi\u00e1bamos en nuestro\npersonal, pues por la complejidad de la unidad ya hab\u00edamos atendido a usuarios\nde este tipo. Para reforzar los conocimientos, nos capacitamos en ventilaci\u00f3n\nmec\u00e1nica, drogas vasoactivas y el funcionamiento de las m\u00e1quinas de anestesia\ncomo ventiladores\u201d. <\/p>\n\n\n\n<p>En medio de las readecuaciones hospitalarias, la Dra.\nMor\u00e1n ofreci\u00f3 su unidad para ser la primera UCI No COVID. \u201cDespu\u00e9s del comit\u00e9 de\ncrisis, supimos de la necesidad de apertura para recibir a los pacientes cr\u00edticos,\nllegu\u00e9 a mi servicio y les dije \u2018la UCI va y va ahora\u2019, as\u00ed es que en dos horas\nla armamos, trasladamos nuestros pacientes, ordenamos los muebles, los\nfuncionarios que iban a tener el primer turno fueron a sus hogares a buscar sus\ncosas para enfrentar las siguientes 24 horas, y a las 14 horas ya est\u00e1bamos\nrecibiendo a los primeras personas derivadas de la Unidad de Cuidados\nCr\u00edticos\u201d. <\/p>\n\n\n\n<p>Durante los meses que ha estado en funcionamiento un\ntotal de 154 personas han sido hospitalizados en alguno de los 9 cupos\ndisponibles. Los diagn\u00f3sticos m\u00e1s fecuentes: insuficiencias renales, card\u00edacas,\npost infartos, politraumatismos y neuroquir\u00fargicos. <\/p>\n\n\n\n<p><strong>TRABAJO EN\nEQUIPO Y SINCRON\u00cdA<\/strong><\/p>\n\n\n\n<figure class=\"wp-block-image\"><img loading=\"lazy\" decoding=\"async\" width=\"640\" height=\"360\" src=\"https:\/\/hospitaldechillan.cl\/web\/wp-content_Hos\/uploads\/2020\/09\/1-640x360.jpg\" alt=\"\" class=\"wp-image-7747\" srcset=\"https:\/\/hospitaldechillan.cl\/web\/wp-content\/uploads\/2020\/09\/1-640x360.jpg 640w, https:\/\/hospitaldechillan.cl\/web\/wp-content\/uploads\/2020\/09\/1-768x432.jpg 768w, https:\/\/hospitaldechillan.cl\/web\/wp-content\/uploads\/2020\/09\/1-1200x675.jpg 1200w, https:\/\/hospitaldechillan.cl\/web\/wp-content\/uploads\/2020\/09\/1.jpg 1600w\" sizes=\"auto, (max-width: 640px) 100vw, 640px\" \/><\/figure>\n\n\n\n<p>Actualmente, la doctora Mor\u00e1n asegura que &nbsp;\u201cestoy muy orgullosa de mi Unidad porque esto result\u00f3\ngracias a que todos se subieron al carro, &nbsp;todos trabajaron en conjunto, como un gran\nequipo de aproximadamente 37 personas\u201d. <\/p>\n\n\n\n<p>Uno de ellos, fue el enfermero Patricio Mu\u00f1oz, quien lleva\n3 a\u00f1os en el servicio, realizando un trabajo que describe como de gesti\u00f3n. \u00c9l\ndetall\u00f3 que \u201cal asumir funciones en la nueva UCI, &nbsp;hubo un cambio total, porque el trabajo era\nm\u00e1s cl\u00ednico, adem\u00e1s que hacer turnos de 24 horas y estar al cuidado de una\npersona en estado cr\u00edtico es extenuante. Para m\u00ed fue una noticia repentina, que\nme sac\u00f3 de mi zona de confort y me motiv\u00f3 a reforzar mis conocimientos, para\ndejar los sentimientos como el temor a lo desconocido de lado y aperrar, porque\nfuimos el segundo turno y est\u00e1bamos en pandemia, era lo que ten\u00edamos qu\u00e9\nhacer\u201d. <\/p>\n\n\n\n<p>El v\u00ednculo con los colegas y los pacientes es una de\nlas grandes diferencias con el rol que desempe\u00f1ana antes. \u201cEn pabellones \u00e9stos\nsolo permanecen mientras se extiende la cirug\u00eda y se recuperan de la anestesia.\nEn cambio, en la UCI las estad\u00edas son prolongadas y eso lleva a los usuarios de\nalta y recuperados a mantener la comunicaci\u00f3n con nosotros mediante correos\nelectr\u00f3nicos, con fotos y comentarios de su bienestar, algo que te reconforta\ncomo profesional y persona\u201d, cont\u00f3 Mu\u00f1oz. <\/p>\n\n\n\n<p><strong>DESAF\u00cdOS Y\nAPRENDIZAJES NUEVOS<\/strong><\/p>\n\n\n\n<p>Para el anestesista Dr. Alejandro Beltr\u00e1n,&nbsp; jefe t\u00e9cnico de la UCI No Covid, ha sido una\nexperiencia satisfactoria porque se refuerza el v\u00ednculo con el paciente. \u201cVer a\nlos usuarios evolucionando de manera positiva es reconfortante para el equipo\ncompleto, saber que superan la gravedad y que luego pueden ir a sus casas\ncaminando, es muy grato y distinto a la experiencia que ten\u00edamos en nuestra\nespecialidad\u201d, coment\u00f3 el Dr. Beltr\u00e1n. <\/p>\n\n\n\n<p>El m\u00e9dico describi\u00f3 c\u00f3mo fue el primer d\u00eda de turno\n\u2013segundo d\u00eda de funcionamiento UCI- \u201crecuerdo detalles tan simples como el\nlugar para ubicar los medicamentos o los implementos para la evaluaci\u00f3n cl\u00ednica\nse diferenciaba de c\u00f3mo acostumbr\u00e1bamos en la Recuperaci\u00f3n y al cabo de dos\nsemanas ya hab\u00edamos sintonizado con la forma adecuada: una unidad para cada\npaciente con todo lo necesario, fonendo, alcohol, t\u00f3rulas, guantes,\nreorganiz\u00e1ndonos y entrenando en equipo, gracias a la colaboraci\u00f3n de los\nm\u00e9dicos intensivistas de la UCI, de las enfermeras y t\u00e9cnicos que nos retroalimentaban\nen nuestras falencias\u201d. <\/p>\n\n\n\n<p>Asimismo el Dr. Beltr\u00e1n asegur\u00f3 que otro proceso\ndistinto fue la entrega informaci\u00f3n a los familiares, pues como anestesista son\nmuy pocas las veces que interact\u00faan con familiares, siendo normalmente el\ncirujano el encargado de ello. Esto se hace cada d\u00eda telef\u00f3nicamente debido a\nla restricci\u00f3n de visitas por la pandemia. El especialista sostuvo que \u201ctratar\na pacientes graves e intentar comunicar el estado de salud a un interlocutor\ndesconocido, es muy dif\u00edcil e impersonal, pero es necesario porque es la \u00fanica\nmanera en que los familiares conocen la realidad del hospitalizado\u201d. <\/p>\n\n\n\n<p>Si bien, hubo inconvenientes como en todo nuevo\nproceso y aprendizaje, la UCI No Covid dej\u00f3 lecciones positivas para el equipo\nasistencial protagonista y permiti\u00f3 tratar a m\u00e1s de un centenar de personas.\nAdem\u00e1s, ampli\u00f3 la capacidad instalada del HCHM, lo que deja como objetivo a\nlargo plazo, la mantenci\u00f3n de esta Unidad Intensiva, como una quir\u00fargica, que\nfavorezca a quienes requieren una intervenci\u00f3n y posterior a ello, un cupo UCI.<\/p>\n","protected":false},"excerpt":{"rendered":"<p>De recuperaci\u00f3n anest\u00e9sica a unidad de paciente cr\u00edtico, los funcionarios cuentan c\u00f3mo se reconvirtieron para atender a pacientes graves por traumatismos, infartos al coraz\u00f3n o insuficiencia renal.<br \/>\nSe habilitaron nueve cupos transformando m\u00e1quinas de anestesia en ventiladores mec\u00e1nicos. <\/p>\n","protected":false},"author":3,"featured_media":7743,"comment_status":"open","ping_status":"closed","sticky":false,"template":"","format":"standard","meta":{"_acf_changed":false,"_monsterinsights_skip_tracking":false,"_monsterinsights_sitenote_active":false,"_monsterinsights_sitenote_note":"","_monsterinsights_sitenote_category":0,"footnotes":""},"categories":[20,4],"tags":[],"class_list":["post-7742","post","type-post","status-publish","format-standard","has-post-thumbnail","hentry","category-estandar-boletin","category-noticias"],"acf":[],"publishpress_future_action":{"enabled":false,"date":"2026-05-09 06:38:13","action":"change-status","newStatus":"draft","terms":[],"taxonomy":"category","extraData":[]},"publishpress_future_workflow_manual_trigger":{"enabledWorkflows":[]},"_links":{"self":[{"href":"https:\/\/hospitaldechillan.cl\/web\/wp-json\/wp\/v2\/posts\/7742","targetHints":{"allow":["GET"]}}],"collection":[{"href":"https:\/\/hospitaldechillan.cl\/web\/wp-json\/wp\/v2\/posts"}],"about":[{"href":"https:\/\/hospitaldechillan.cl\/web\/wp-json\/wp\/v2\/types\/post"}],"author":[{"embeddable":true,"href":"https:\/\/hospitaldechillan.cl\/web\/wp-json\/wp\/v2\/users\/3"}],"replies":[{"embeddable":true,"href":"https:\/\/hospitaldechillan.cl\/web\/wp-json\/wp\/v2\/comments?post=7742"}],"version-history":[{"count":0,"href":"https:\/\/hospitaldechillan.cl\/web\/wp-json\/wp\/v2\/posts\/7742\/revisions"}],"wp:featuredmedia":[{"embeddable":true,"href":"https:\/\/hospitaldechillan.cl\/web\/wp-json\/wp\/v2\/media\/7743"}],"wp:attachment":[{"href":"https:\/\/hospitaldechillan.cl\/web\/wp-json\/wp\/v2\/media?parent=7742"}],"wp:term":[{"taxonomy":"category","embeddable":true,"href":"https:\/\/hospitaldechillan.cl\/web\/wp-json\/wp\/v2\/categories?post=7742"},{"taxonomy":"post_tag","embeddable":true,"href":"https:\/\/hospitaldechillan.cl\/web\/wp-json\/wp\/v2\/tags?post=7742"}],"curies":[{"name":"wp","href":"https:\/\/api.w.org\/{rel}","templated":true}]}}