{"id":7440,"date":"2020-08-15T10:00:13","date_gmt":"2020-08-15T14:00:13","guid":{"rendered":"http:\/\/hospitaldechillan.cl\/web\/?p=7440"},"modified":"2020-08-14T14:25:43","modified_gmt":"2020-08-14T18:25:43","slug":"como-ensenar-a-los-ninos-y-ninas-a-protegerse-del-coronavirus","status":"publish","type":"post","link":"https:\/\/hospitaldechillan.cl\/web\/como-ensenar-a-los-ninos-y-ninas-a-protegerse-del-coronavirus\/","title":{"rendered":"\u00bfC\u00f3mo ense\u00f1ar a los ni\u00f1os y ni\u00f1as a protegerse del Coronavirus?"},"content":{"rendered":"\n<p>Este fin de semana se conmemora el <strong>D\u00eda del Ni\u00f1o y de la Ni\u00f1a<\/strong>, un grupo importante de nuestra poblaci\u00f3n que ha debido cambiar dr\u00e1sticamente sus h\u00e1bitos y conductas, pues han tenido que reducir su movilidad, permanecer en casa, evitar las visitas a sus abuelos y amigos, entre otras acciones propias de su edad, que en este caso tienen como fin evitar contagios por el Coronavirus. <\/p>\n\n\n\n<p>Es en ese contexto,\nque durante esta semana, autoridades de Gobierno anunciaron permisos especiales\npara ni\u00f1os y adolescentes que residan en lugares en cuarentena \u2013etapa inicial\ndel Plan Paso a Paso-, medidas que permiten a los menores salir de su hogar a\nuna distancia m\u00e1xima de hasta un kil\u00f3metro, durante tres d\u00edas de la semana por\nun tiempo que no exceda los 90 minutos. <\/p>\n\n\n\n<p>Pese a que la Regi\u00f3n de \u00d1uble est\u00e1 en etapa de preparaci\u00f3n, que permite una movilidad m\u00e1s amplia de las personas, especialistas del <strong>Hospital Cl\u00ednico Herminda Mart\u00edn (HCHM)<\/strong>, resaltaron los consejos de la <strong><a href=\"https:\/\/www.minsal.cl\/wp-content\/uploads\/2020\/08\/20200812_Gu%C3%ADa-de-autocuidado-en-ni%C3%B1os_versi%C3%B3n-web.pdf\">Gu\u00eda de Autocuidado para este grupo et\u00e1re<\/a><\/strong><a href=\"https:\/\/www.minsal.cl\/wp-content\/uploads\/2020\/08\/20200812_Gu%C3%ADa-de-autocuidado-en-ni%C3%B1os_versi%C3%B3n-web.pdf\"><\/a><strong><a href=\"https:\/\/www.minsal.cl\/wp-content\/uploads\/2020\/08\/20200812_Gu%C3%ADa-de-autocuidado-en-ni%C3%B1os_versi%C3%B3n-web.pdf\">o<\/a><\/strong>, que van destinados principalmente a los padres y cuidadores buscando promover h\u00e1bitos prevenir frente a los contagios. <\/p>\n\n\n\n<p>El<strong> jefe del Servicio de Pediatr\u00eda del HCHM, el infect\u00f3logo Dr. Enzo Tassara<\/strong>, resalt\u00f3 la importancia de este documento y de educar a los m\u00e1s peque\u00f1os en h\u00e1bitos que ayuden a evitar que se enfermen. \u201cLos padres o cuidadores de ni\u00f1os y ni\u00f1as, deben ense\u00f1ar con el ejemplo, tanto el correcto lavado de manos, que pueden hacerlo junto a ellos, contando hasta 10, 20 o 30 dependiendo de su edad antes de enjuagarse las manos o a usar la mascarilla correctamente cubriendo boca, nariz y ment\u00f3n, evitando manipularla durante su uso, pues estas sencillas pr\u00e1cticas nos ayudan a hacerlo part\u00edcipe junto con ense\u00f1arle\u201d, acot\u00f3. <\/p>\n\n\n\n<p>Otras medidas\nincorporadas en esta gu\u00eda, se centran en disminuir los temores o ansiedades que\npuedan tener respecto al salir al exterior despu\u00e9s de estos meses dentro de sus\nhogares, m\u00e1s si se considera que la gran mayor\u00eda de las personas tiene gran\nparte de su rostro cubierto, impidiendo&nbsp;\nver los gestos que transmiten confianza, como la sonrisa. <\/p>\n\n\n\n<p>El especialista\ndestac\u00f3 que para aumentar la seguridad es preciso que \u201cse les explique, con\npalabras sencillas, las razones que motivan el uso de mascarillas y el\nsignificado de t\u00e9rminos que se han hecho comunes como \u2018pandemia\u2019 o\n\u2018coronavirus\u2019, d\u00e1ndoles confianza. Es necesario generar espacios amenos de\nconversaci\u00f3n, donde se les transmita calma y validen&nbsp; los temores que puedan sentir, entregando al\nmismo tiempo, estrategias para que controlen esta situaci\u00f3n, con medidas\npr\u00e1cticas como que ellos porten su propio alcohol gel, para cuando sientan que\nnecesitan utilizarlo\u201d. <\/p>\n\n\n\n<p><strong>Planificaci\u00f3n, cambios y regreso a casa<\/strong><\/p>\n\n\n\n<p>Otro punto que se\ndestaca en la gu\u00eda, es la planificaci\u00f3n de las salidas, clarificando lo que van\na hacer durante el paseo y lo que no se puede hacer. Llevar los elementos de\nseguridad necesarios y pedirle que vaya al ba\u00f1o antes de salir para evitar uso\nde los p\u00fablicos, son algunas consideraciones importantes.<\/p>\n\n\n\n<p>En ese mismo\ncontexto, durante la salida es importante que los ni\u00f1os y ni\u00f1as tengan claro\nque \u201cdeben evitar el contacto con el mobiliario urbano como bancas,\nparqu\u00edmetros y juegos. Llevar sus propios juguetes, no acercarse a otras\npersonas y de hacerlo mantener la distancia f\u00edsica de al menos un metro. Tambi\u00e9n\nes importante inculcar que el regreso a casa debe tener una rutina de\nseguridad, que comienza dejando los zapatos en un espacio determinado y luego\ndesinfectarlos, quitarse la ropa con la que salieron para luego lavarla y asear\nsus manos de manera rigurosa. Tambi\u00e9n es necesario que los juguetes sean\ndesinfectados al igual que las superficies de bolsos y mochilas\u201d, asegur\u00f3 el\nDr. Tassara. <\/p>\n\n\n\n<p>Cabe destacar que el documento oficial incluye juegos para que los padres refuercen las medidas de autocuidado con sus hijos y de esta manera que ellos lo incorporen y practiquen siempre. <\/p>\n\n\n\n<p><a href=\"https:\/\/www.minsal.cl\/wp-content\/uploads\/2020\/08\/20200812_Gu%C3%ADa-de-autocuidado-en-ni%C3%B1os_versi%C3%B3n-web.pdf\" target=\"_blank\" rel=\"noreferrer noopener\" aria-label=\"Gu\u00eda de Autocuidado para ni\u00f1os y ni\u00f1as (abre en una nueva pesta\u00f1a)\">Gu\u00eda de Autocuidado para ni\u00f1os y ni\u00f1as<\/a><\/p>\n","protected":false},"excerpt":{"rendered":"<p>Los consejos de la Gu\u00eda de Autocuidado van desde educar en un correcto lavado de manos y uso de mascarillas, hasta consejos pr\u00e1cticos para que padres y cuidadores planifiquen las salidas tomando todos los resguardos para evitar contagios y disminuir en los menores la ansiedad y los temores. <\/p>\n","protected":false},"author":3,"featured_media":7442,"comment_status":"open","ping_status":"closed","sticky":false,"template":"","format":"standard","meta":{"_acf_changed":false,"_monsterinsights_skip_tracking":false,"_monsterinsights_sitenote_active":false,"_monsterinsights_sitenote_note":"","_monsterinsights_sitenote_category":0,"footnotes":""},"categories":[4],"tags":[],"class_list":["post-7440","post","type-post","status-publish","format-standard","has-post-thumbnail","hentry","category-noticias"],"acf":[],"publishpress_future_action":{"enabled":false,"date":"2026-05-09 06:42:23","action":"change-status","newStatus":"draft","terms":[],"taxonomy":"category","extraData":[]},"publishpress_future_workflow_manual_trigger":{"enabledWorkflows":[]},"_links":{"self":[{"href":"https:\/\/hospitaldechillan.cl\/web\/wp-json\/wp\/v2\/posts\/7440","targetHints":{"allow":["GET"]}}],"collection":[{"href":"https:\/\/hospitaldechillan.cl\/web\/wp-json\/wp\/v2\/posts"}],"about":[{"href":"https:\/\/hospitaldechillan.cl\/web\/wp-json\/wp\/v2\/types\/post"}],"author":[{"embeddable":true,"href":"https:\/\/hospitaldechillan.cl\/web\/wp-json\/wp\/v2\/users\/3"}],"replies":[{"embeddable":true,"href":"https:\/\/hospitaldechillan.cl\/web\/wp-json\/wp\/v2\/comments?post=7440"}],"version-history":[{"count":0,"href":"https:\/\/hospitaldechillan.cl\/web\/wp-json\/wp\/v2\/posts\/7440\/revisions"}],"wp:featuredmedia":[{"embeddable":true,"href":"https:\/\/hospitaldechillan.cl\/web\/wp-json\/wp\/v2\/media\/7442"}],"wp:attachment":[{"href":"https:\/\/hospitaldechillan.cl\/web\/wp-json\/wp\/v2\/media?parent=7440"}],"wp:term":[{"taxonomy":"category","embeddable":true,"href":"https:\/\/hospitaldechillan.cl\/web\/wp-json\/wp\/v2\/categories?post=7440"},{"taxonomy":"post_tag","embeddable":true,"href":"https:\/\/hospitaldechillan.cl\/web\/wp-json\/wp\/v2\/tags?post=7440"}],"curies":[{"name":"wp","href":"https:\/\/api.w.org\/{rel}","templated":true}]}}