{"id":7354,"date":"2020-07-15T14:33:00","date_gmt":"2020-07-15T18:33:00","guid":{"rendered":"http:\/\/hospitaldechillan.cl\/web\/?p=7354"},"modified":"2020-07-15T14:33:01","modified_gmt":"2020-07-15T18:33:01","slug":"instalan-la-primera-grua-pluma-en-la-obra-del-nuevo-hospital-regional","status":"publish","type":"post","link":"https:\/\/hospitaldechillan.cl\/web\/instalan-la-primera-grua-pluma-en-la-obra-del-nuevo-hospital-regional\/","title":{"rendered":"Instalan la primera gr\u00faa pluma en la obra del nuevo Hospital Regional"},"content":{"rendered":"\n<p>La primera gr\u00faa pluma se\ninstal\u00f3 en el terreno donde se edifica el nuevo Hospital de \u00d1uble. As\u00ed lo\ninformaron autoridades de la Regi\u00f3n, quienes llegaron hasta la obra para\nliderar este nuevo hito del mega proyecto de salud que da inicio a la fase de\nfundaciones.<\/p>\n\n\n\n<p>En el lugar, el Intendente\nMart\u00edn Arrau, expres\u00f3 su conformidad con el progreso de las faenas, que no se\nhan detenido a pesar de la pandemia del Covid 19. \u201cNuevamente vemos c\u00f3mo\navanza, gracias al trabajo incesante de todos los hombres y mujeres que laboran\nen esta obra, los ingenieros, el personal del Servicio de Salud, todos quienes\nhan hecho esto posible; as\u00ed que felicitarlos, agradecer su compromiso porque en\nunos a\u00f1os tendremos una nueva cara de nuestra salud regional, con esta tremenda\nobra que hemos logrado poner en marcha\u201d.<\/p>\n\n\n\n<p>En la misma l\u00ednea, el director\ndel Servicio de Salud \u00d1uble, Ricardo S\u00e1nchez, explic\u00f3 los detalles de este\nnuevo hito: \u201cLlegamos a este lugar para ver c\u00f3mo la empresa contin\u00faa desarrollando\nlos trabajos a muy buen ritmo. Hoy la obra entra en fase de preparaci\u00f3n para la\nejecuci\u00f3n de fundaciones, por ello, se pondr\u00e1n 6 gr\u00faas plumas en ubicaciones\nestrat\u00e9gicas del lugar, con el objetivo de garantizar la eficiencia en t\u00e9rminos\nde log\u00edstica y distribuci\u00f3n de los materiales en la medida de su demanda\u201d.<\/p>\n\n\n\n<p>\u201cActualmente los trabajos se\nencuentran en la ejecuci\u00f3n de micropilotes, que son estructuras similares a\npilares circulares de hormig\u00f3n armado que van insertos en el terreno y que permiten\nafianzar el edificio en t\u00e9rminos estructurales. Seguido de esto, se ejecuta el\nemplantillado que materializa el sello de la excavaci\u00f3n y permite la\ninstalaci\u00f3n estructural siguiente\u201d, detall\u00f3 S\u00e1nchez.<\/p>\n\n\n\n<p>Con esto, es posible dar otros pasos\ncomo el avance en la impermeabilizaci\u00f3n de la estructura, que permitir\u00e1 luego se\npoder iniciar la instalaci\u00f3n de la enfierradura de las fundaciones, en donde la\nnueva gr\u00faa en terreno ser\u00e1 de mucha ayuda para el avance de la obra.<\/p>\n\n\n\n<p>El directivo record\u00f3 que el\nedificio tendr\u00e1 128 mil metros cuadrados, con una inversi\u00f3n superior a los 204\nmil millones, financiados por el Ministerio de Salud. <\/p>\n\n\n\n<p>Desde que comenzaron las\nfaenas, la obra no ha detenido su ejecuci\u00f3n, para ello, cerca de 300 personas\ntrabajan en el lugar adoptando todas las medidas de seguridad recomendadas por\nla autoridad sanitaria, para resguardar la salud de quienes all\u00ed se desempe\u00f1an.<\/p>\n","protected":false},"excerpt":{"rendered":"<p>Este hito marca el inicio de la etapa de fundaciones de la construcci\u00f3n que ha continuado su ejecuci\u00f3n sin interrupciones a pesar de la pandemia.<\/p>\n","protected":false},"author":3,"featured_media":7356,"comment_status":"open","ping_status":"closed","sticky":false,"template":"","format":"standard","meta":{"_acf_changed":false,"_monsterinsights_skip_tracking":false,"_monsterinsights_sitenote_active":false,"_monsterinsights_sitenote_note":"","_monsterinsights_sitenote_category":0,"footnotes":""},"categories":[4],"tags":[],"class_list":["post-7354","post","type-post","status-publish","format-standard","has-post-thumbnail","hentry","category-noticias"],"acf":[],"publishpress_future_action":{"enabled":false,"date":"2026-05-09 07:56:43","action":"change-status","newStatus":"draft","terms":[],"taxonomy":"category","extraData":[]},"publishpress_future_workflow_manual_trigger":{"enabledWorkflows":[]},"_links":{"self":[{"href":"https:\/\/hospitaldechillan.cl\/web\/wp-json\/wp\/v2\/posts\/7354","targetHints":{"allow":["GET"]}}],"collection":[{"href":"https:\/\/hospitaldechillan.cl\/web\/wp-json\/wp\/v2\/posts"}],"about":[{"href":"https:\/\/hospitaldechillan.cl\/web\/wp-json\/wp\/v2\/types\/post"}],"author":[{"embeddable":true,"href":"https:\/\/hospitaldechillan.cl\/web\/wp-json\/wp\/v2\/users\/3"}],"replies":[{"embeddable":true,"href":"https:\/\/hospitaldechillan.cl\/web\/wp-json\/wp\/v2\/comments?post=7354"}],"version-history":[{"count":0,"href":"https:\/\/hospitaldechillan.cl\/web\/wp-json\/wp\/v2\/posts\/7354\/revisions"}],"wp:featuredmedia":[{"embeddable":true,"href":"https:\/\/hospitaldechillan.cl\/web\/wp-json\/wp\/v2\/media\/7356"}],"wp:attachment":[{"href":"https:\/\/hospitaldechillan.cl\/web\/wp-json\/wp\/v2\/media?parent=7354"}],"wp:term":[{"taxonomy":"category","embeddable":true,"href":"https:\/\/hospitaldechillan.cl\/web\/wp-json\/wp\/v2\/categories?post=7354"},{"taxonomy":"post_tag","embeddable":true,"href":"https:\/\/hospitaldechillan.cl\/web\/wp-json\/wp\/v2\/tags?post=7354"}],"curies":[{"name":"wp","href":"https:\/\/api.w.org\/{rel}","templated":true}]}}