{"id":7349,"date":"2020-07-14T17:33:34","date_gmt":"2020-07-14T21:33:34","guid":{"rendered":"http:\/\/hospitaldechillan.cl\/web\/?p=7349"},"modified":"2020-07-14T17:33:35","modified_gmt":"2020-07-14T21:33:35","slug":"a-traves-de-videollamada-todos-los-hospitales-de-nuble-conectaran-a-los-pacientes-y-sus-familiares","status":"publish","type":"post","link":"https:\/\/hospitaldechillan.cl\/web\/a-traves-de-videollamada-todos-los-hospitales-de-nuble-conectaran-a-los-pacientes-y-sus-familiares\/","title":{"rendered":"A trav\u00e9s de videollamada todos los hospitales de \u00d1uble conectar\u00e1n a los pacientes y sus familiares"},"content":{"rendered":"\n<p>La pandemia del coronavirus oblig\u00f3 a los establecimientos de la red asistencial a restringir las visitas a los pacientes hospitalizados, con el prop\u00f3sito de evitar los contagios de <strong>Covid- 19<\/strong>.<\/p>\n\n\n\n<p>Esta medida plante\u00f3 un nuevo desaf\u00edo para los equipos de salud, buscar la forma de mantener la comunicaci\u00f3n entre las personas y sus familiares. Justamente, con el objetivo de promover y estrechar este v\u00ednculo, a trav\u00e9s de un programa de la Presidencia y del Ministerio de Salud, el <strong>Servicio de Salud \u00d1uble (SS\u00d1)<\/strong> distribuy\u00f3 en los distintos hospitales de la Regi\u00f3n, tel\u00e9fonos m\u00f3viles para conectar a las personas internadas con sus seres queridos.<\/p>\n\n\n\n<p>Para materializar la entrega, el <strong>Intendente Mart\u00edn Arrau<\/strong> junto al director del SS\u00d1, Ricardo S\u00e1nchez, llegaron hasta el <strong>Hospital Cl\u00ednico Herminda Mart\u00edn<\/strong>. <\/p>\n\n\n\n<p>En la oportunidad, la m\u00e1xima\nautoridad regional reconoci\u00f3 el trabajo del recinto durante la pandemia:\n\u201cNuevamente estamos en este establecimiento, no s\u00f3lo para destacar la gran labor\nque realizan en el \u00e1mbito cl\u00ednico, sino porque se preocupan tambi\u00e9n de estos\naspectos claves en la recuperaci\u00f3n, como es promover un trato digno y humano\ncon los usuarios. Por ello hoy, disponemos de estos 8 equipos para que puedan\ncontinuar facilitando el contacto entre los pacientes y sus familias\u201d.<\/p>\n\n\n\n<p>Por su parte, el <strong>director del SS\u00d1, Ricardo S\u00e1nchez<\/strong>, expres\u00f3 que \u201csabemos que escuchar a nuestros seres queridos en momentos de enfermedad, es un aspecto clave en la recuperaci\u00f3n de la salud, por ello, nuestros equipos han dado lo mejor de s\u00ed para facilitar este contacto y mejorar la calidad de la atenci\u00f3n en estos momentos tan duros\u201d.<\/p>\n\n\n\n<p>\u201cEste plan, viene a robustecer\ndiversas iniciativas locales y que con mucho compromiso y vocaci\u00f3n de servicio\nhan puesto en marcha los funcionarios de la red asistencial y que en la misma\nl\u00ednea de brindar este soporte emocional\u201d, a\u00f1adi\u00f3 el directivo.<\/p>\n\n\n\n<figure class=\"wp-block-image\"><img loading=\"lazy\" decoding=\"async\" width=\"640\" height=\"360\" src=\"https:\/\/hospitaldechillan.cl\/web\/wp-content_Hos\/uploads\/2020\/07\/tel\u00e9fonos-para-video-llamadas-640x360.jpg\" alt=\"\" class=\"wp-image-7352\" srcset=\"https:\/\/hospitaldechillan.cl\/web\/wp-content\/uploads\/2020\/07\/tel\u00e9fonos-para-video-llamadas-640x360.jpg 640w, https:\/\/hospitaldechillan.cl\/web\/wp-content\/uploads\/2020\/07\/tel\u00e9fonos-para-video-llamadas-768x432.jpg 768w, https:\/\/hospitaldechillan.cl\/web\/wp-content\/uploads\/2020\/07\/tel\u00e9fonos-para-video-llamadas-1200x675.jpg 1200w, https:\/\/hospitaldechillan.cl\/web\/wp-content\/uploads\/2020\/07\/tel\u00e9fonos-para-video-llamadas.jpg 1600w\" sizes=\"auto, (max-width: 640px) 100vw, 640px\" \/><\/figure>\n\n\n\n<p><strong>Estrategia que refuerza el\ntrabajo del Hospital<\/strong><\/p>\n\n\n\n<p>El director del Hospital de Chill\u00e1n, <strong>Luis Alberto P\u00e9rez Ojeda <\/strong>explic\u00f3 que la llegada de estos equipos, fortalece la iniciativa local \u201cEstamos Contigo\u201d, que comenz\u00f3 hace m\u00e1s de un mes, mediante la cual, nuestros usuarios ya han recibido m\u00e1s de mil cartas y saludos de \u00e1nimo a trav\u00e9s de la web del Hospital.<\/p>\n\n\n\n<p>\u201cCon esta estrategia\npresidencial se refuerza el trabajo iniciado por el Departamento de Gesti\u00f3n de\nUsuarios y Participaci\u00f3n Social, con la derivaci\u00f3n de mensajes escritos en el\nsitio Estamos Contigo, humanizando la atenci\u00f3n y apoyando mediante la\ncomunicaci\u00f3n de los pacientes y sus seres queridos pese a la distancia y a la\nrestricci\u00f3n de visitas establecida en nuestro Hospital en el marco de la\npandemia\u201d, se\u00f1al\u00f3 P\u00e9rez Ojeda.<\/p>\n\n\n\n<p><strong>Usuarios agradecen la medida<\/strong><\/p>\n\n\n\n<p><strong>Juan Vargas Vargas a sus 72 a\u00f1os<\/strong>, ha pasado casi los dos meses de hospitalizaci\u00f3n alejado de su familia, motivo por el cual esta estrategia le pone muy feliz. Ingres\u00f3 el 16 de mayo a la Unidad de Paciente Cr\u00edtico Adulto y posteriormente fue derivado a Medicina, tras superar la neumon\u00eda grave por Covid-19. Hoy, est\u00e1 interno en el pasillo C del M\u00f3dulo Quir\u00fargico, para resolver una Nefropat\u00eda que ya est\u00e1 en tratamiento. Hoy recibi\u00f3 el llamado de su nieta Karime Vargas, quien se emocion\u00f3 con la posibilidad de hablar y ver de nuevo a su abuelo. <\/p>\n\n\n\n<p>\u201cEstoy muy agradecido del\nHospital, por la atenci\u00f3n que he recibido y me siento feliz de hablar con una\nde mis nietas, Karime, que va a ser quien me va a recibir cuando me den el alta\nm\u00e9dica\u201d, sostuvo.&nbsp; <\/p>\n\n\n\n<p>Don Juan ser\u00e1 intervenido\nquir\u00fargicamente en un d\u00eda m\u00e1s, tras lo que, si todo evoluciona de manera\nfavorable, podr\u00e1 volver a reunirse con su familia. <\/p>\n\n\n\n<p>Los dispositivos m\u00f3viles ser\u00e1n\ndistribuidos en las distintas unidades y servicios del hospital base de la\nRegi\u00f3n.<\/p>\n","protected":false},"excerpt":{"rendered":"<p>El Hospital Cl\u00ednico Herminda Mart\u00edn recibi\u00f3 los primeros ocho m\u00f3viles que ser\u00e1n distribuidos en la red asistencial, como parte de una iniciativa de la Presidencia junto al Ministerio de Salud, que busca promover el contacto entre los pacientes hospitalizados y sus seres queridos.<\/p>\n","protected":false},"author":3,"featured_media":7351,"comment_status":"open","ping_status":"closed","sticky":false,"template":"","format":"standard","meta":{"_acf_changed":false,"_monsterinsights_skip_tracking":false,"_monsterinsights_sitenote_active":false,"_monsterinsights_sitenote_note":"","_monsterinsights_sitenote_category":0,"footnotes":""},"categories":[4,1],"tags":[],"class_list":["post-7349","post","type-post","status-publish","format-standard","has-post-thumbnail","hentry","category-noticias","category-sin-categoria"],"acf":[],"publishpress_future_action":{"enabled":false,"date":"2026-05-09 07:51:01","action":"change-status","newStatus":"draft","terms":[],"taxonomy":"category","extraData":[]},"publishpress_future_workflow_manual_trigger":{"enabledWorkflows":[]},"_links":{"self":[{"href":"https:\/\/hospitaldechillan.cl\/web\/wp-json\/wp\/v2\/posts\/7349","targetHints":{"allow":["GET"]}}],"collection":[{"href":"https:\/\/hospitaldechillan.cl\/web\/wp-json\/wp\/v2\/posts"}],"about":[{"href":"https:\/\/hospitaldechillan.cl\/web\/wp-json\/wp\/v2\/types\/post"}],"author":[{"embeddable":true,"href":"https:\/\/hospitaldechillan.cl\/web\/wp-json\/wp\/v2\/users\/3"}],"replies":[{"embeddable":true,"href":"https:\/\/hospitaldechillan.cl\/web\/wp-json\/wp\/v2\/comments?post=7349"}],"version-history":[{"count":0,"href":"https:\/\/hospitaldechillan.cl\/web\/wp-json\/wp\/v2\/posts\/7349\/revisions"}],"wp:featuredmedia":[{"embeddable":true,"href":"https:\/\/hospitaldechillan.cl\/web\/wp-json\/wp\/v2\/media\/7351"}],"wp:attachment":[{"href":"https:\/\/hospitaldechillan.cl\/web\/wp-json\/wp\/v2\/media?parent=7349"}],"wp:term":[{"taxonomy":"category","embeddable":true,"href":"https:\/\/hospitaldechillan.cl\/web\/wp-json\/wp\/v2\/categories?post=7349"},{"taxonomy":"post_tag","embeddable":true,"href":"https:\/\/hospitaldechillan.cl\/web\/wp-json\/wp\/v2\/tags?post=7349"}],"curies":[{"name":"wp","href":"https:\/\/api.w.org\/{rel}","templated":true}]}}