{"id":7272,"date":"2020-06-25T15:16:53","date_gmt":"2020-06-25T19:16:53","guid":{"rendered":"http:\/\/hospitaldechillan.cl\/web\/?p=7272"},"modified":"2020-06-25T16:36:54","modified_gmt":"2020-06-25T20:36:54","slug":"hospital-de-chillan-monitoreara-en-linea-a-pacientes-conectados-a-ventilacion-mecanica","status":"publish","type":"post","link":"https:\/\/hospitaldechillan.cl\/web\/hospital-de-chillan-monitoreara-en-linea-a-pacientes-conectados-a-ventilacion-mecanica\/","title":{"rendered":"Hospital de Chill\u00e1n monitorear\u00e1 en l\u00ednea a pacientes conectados a ventilaci\u00f3n mec\u00e1nica"},"content":{"rendered":"\n<p>Una innovadora soluci\u00f3n para apoyar a las unidades de pacientes cr\u00edticos comenz\u00f3 a implementar en modalidad de piloto el <strong>Hospital Cl\u00ednico Herminda Mart\u00edn<\/strong>. Se trata de la Tele-UCI, tecnolog\u00eda que permite disponer en l\u00ednea de la informaci\u00f3n de un ventilador mec\u00e1nico invasivo, para que personal capacitado pueda, remotamente, colaborar con el equipo en sala en el manejo del paciente.<\/p>\n\n\n\n<figure class=\"wp-block-image\"><img loading=\"lazy\" decoding=\"async\" width=\"640\" height=\"360\" src=\"https:\/\/hospitaldechillan.cl\/web\/wp-content_Hos\/uploads\/2020\/06\/VIDEO-WEB-640x360.jpg\" alt=\"\" class=\"wp-image-7276\" srcset=\"https:\/\/hospitaldechillan.cl\/web\/wp-content\/uploads\/2020\/06\/VIDEO-WEB-640x360.jpg 640w, https:\/\/hospitaldechillan.cl\/web\/wp-content\/uploads\/2020\/06\/VIDEO-WEB-768x432.jpg 768w, https:\/\/hospitaldechillan.cl\/web\/wp-content\/uploads\/2020\/06\/VIDEO-WEB-1200x675.jpg 1200w, https:\/\/hospitaldechillan.cl\/web\/wp-content\/uploads\/2020\/06\/VIDEO-WEB.jpg 1600w\" sizes=\"auto, (max-width: 640px) 100vw, 640px\" \/><\/figure>\n\n\n\n<p>La iniciativa, fue desarrollada por el <strong>Instituto Sistemas Complejos de Ingenier\u00eda y el Consorcio Dadneo<\/strong>, que entregaron gratuitamente el hardware y software al centro asistencial y fue presentada hoy por la <strong>Seremi de Ciencia, Tecnolog\u00eda, Conocimiento e Innovaci\u00f3n de la zona Centro Sur, Paulina Assmann<\/strong>, junto al <strong>Intendente de \u00d1uble, Mart\u00edn Arrau<\/strong>. <\/p>\n\n\n\n<p>La Seremi de CTCI, se\u00f1al\u00f3 que\nen este proyecto piloto \u201chemos visto como el rol colaborativo ha sido\nimportante para apoyar en medio de la pandemia de Covid-19. A trav\u00e9s del\npilotaje Tele Uci, apoyamos que m\u00e9dicos expertos monitoreen a los pacientes\nconectados a ventilaci\u00f3n mec\u00e1nica. Con esto, nuevamente \u00d1uble se posiciona en\nlo que es ciencia y vanguardia, utilizando la tecnolog\u00eda y la innovaci\u00f3n\ndisponible en medio de una crisis\u201d.<\/p>\n\n\n\n<p><strong>VENTILADORES\nEN L\u00cdNEA<\/strong><\/p>\n\n\n\n<p>\u201cActualmente hay dos ventiladores mec\u00e1nicos conectados y se est\u00e1n realizando los ajustes y mejorando la funcionalidad del programa para extender a otros dispositivos\u201d, comenta el <strong>doctor Marco Concha, m\u00e9dico residente de la UCI y coordinador local de la iniciativa<\/strong>.&nbsp; <\/p>\n\n\n\n<figure class=\"wp-block-image\"><img loading=\"lazy\" decoding=\"async\" width=\"640\" height=\"360\" src=\"https:\/\/hospitaldechillan.cl\/web\/wp-content_Hos\/uploads\/2020\/06\/dr-concha-1-640x360.jpg\" alt=\"\" class=\"wp-image-7278\" srcset=\"https:\/\/hospitaldechillan.cl\/web\/wp-content\/uploads\/2020\/06\/dr-concha-1-640x360.jpg 640w, https:\/\/hospitaldechillan.cl\/web\/wp-content\/uploads\/2020\/06\/dr-concha-1-768x432.jpg 768w, https:\/\/hospitaldechillan.cl\/web\/wp-content\/uploads\/2020\/06\/dr-concha-1-1200x675.jpg 1200w, https:\/\/hospitaldechillan.cl\/web\/wp-content\/uploads\/2020\/06\/dr-concha-1.jpg 1600w\" sizes=\"auto, (max-width: 640px) 100vw, 640px\" \/><\/figure>\n\n\n\n<p>\u201cEs una gran herramienta porque\na trav\u00e9s de una plataforma web podemos monitorizar los par\u00e1metros vitales del\npaciente conectado a un ventilador e indicar los ajustes necesarios,\nindependientemente de d\u00f3nde se encuentre el m\u00e9dico intensivista, lo que ayuda a\noptimizar la calidad de la atenci\u00f3n considerando que los profesionales se\npueden contagiar de Covid-19 e iniciar un per\u00edodo de cuarentena, pero aun as\u00ed pueden seguir\napoyando en l\u00ednea al personal que est\u00e1 in situ\u201d, explica el facultativo.&nbsp; <\/p>\n\n\n\n<p>Sin embargo, sus posibilidades\nvan mucho m\u00e1s all\u00e1 de la crisis sanitaria si se considera que las unidades de\ncuidados intensivos son un componente cr\u00edtico de la atenci\u00f3n m\u00e9dica que\naumentar\u00e1 a medida que la poblaci\u00f3n envejezca y la incidencia de enfermedades\ncr\u00f3nicas aumente. <\/p>\n\n\n\n<p>El <strong>Intendente Mart\u00edn Arrau<\/strong>, destac\u00f3 las potencialidades de la iniciativa se\u00f1alando que \u201ctenemos que copiar ejemplos de otros pa\u00edses donde han tomado problemas particulares, los han&nbsp; desarrollado,&nbsp; colaborando&nbsp; y han&nbsp; generado soluciones que se aplican&nbsp; despu\u00e9s a escala mundial y que han&nbsp; sido&nbsp; ejemplo\u201d. \u201cEn tecnolog\u00eda las barreras geogr\u00e1ficas son medias irrelevantes en este siglo, ac\u00e1 tenemos el potencial, el conocimiento, y la capacidad de trabajar, por eso creo que hay que seguir avanzando, innovando, y quiero felicitarlos porque es una herramienta que permite ver en tiempo real a los pacientes y considera las posibles dificultades que podemos tener con las cuarentenas de los equipos m\u00e9dicos\u201d, precis\u00f3 la autoridad regional. <\/p>\n\n\n\n<p><strong>\u00bfPOR\nQU\u00c9 SE REQUIERE MANEJO ESPECIALIZADO? <\/strong><\/p>\n\n\n\n<p>El ventilador mec\u00e1nico tiene la\nfunci\u00f3n vital de reemplazar el trabajo de los pulmones, permitiendo el ingreso\nde aire oxigenado a trav\u00e9s de un tubo a las v\u00edas respiratorias. <\/p>\n\n\n\n<p>Interpretar todas las variables\nque este complejo equipo proporciona requiere de personal capacitado y con\nexperiencia.<\/p>\n\n\n\n<p>El respirador artificial cuenta con tecnolog\u00eda para ajustar sus par\u00e1metros, de acuerdo al peso, altura y patolog\u00eda pulmonar del paciente. \u201cPor lo tanto, cada persona tiene requerimientos espec\u00edficos y el an\u00e1lisis de una serie de variables antes de la conducta terap\u00e9utica a seguir. Tambi\u00e9n cuenta con un sistema de alerta ante situaciones de riesgo, como, por ejemplo, alza de presi\u00f3n o la desconexi\u00f3n del circuito\u201d, explica el <strong>doctor Concha.&nbsp;<\/strong> <\/p>\n","protected":false},"excerpt":{"rendered":"<p>A trav\u00e9s de una plataforma web se puede acceder a informaci\u00f3n en tiempo real de los pacientes asistidos con terapia ventilatoria invasiva, conducir las decisiones terap\u00e9uticas a distancia y respaldar al personal que se encuentra brindando la atenci\u00f3n presencial. <\/p>\n","protected":false},"author":3,"featured_media":7274,"comment_status":"open","ping_status":"closed","sticky":false,"template":"","format":"standard","meta":{"_acf_changed":false,"_monsterinsights_skip_tracking":false,"_monsterinsights_sitenote_active":false,"_monsterinsights_sitenote_note":"","_monsterinsights_sitenote_category":0,"footnotes":""},"categories":[4],"tags":[],"class_list":["post-7272","post","type-post","status-publish","format-standard","has-post-thumbnail","hentry","category-noticias"],"acf":[],"publishpress_future_action":{"enabled":false,"date":"2026-05-09 07:47:07","action":"change-status","newStatus":"draft","terms":[],"taxonomy":"category","extraData":[]},"publishpress_future_workflow_manual_trigger":{"enabledWorkflows":[]},"_links":{"self":[{"href":"https:\/\/hospitaldechillan.cl\/web\/wp-json\/wp\/v2\/posts\/7272","targetHints":{"allow":["GET"]}}],"collection":[{"href":"https:\/\/hospitaldechillan.cl\/web\/wp-json\/wp\/v2\/posts"}],"about":[{"href":"https:\/\/hospitaldechillan.cl\/web\/wp-json\/wp\/v2\/types\/post"}],"author":[{"embeddable":true,"href":"https:\/\/hospitaldechillan.cl\/web\/wp-json\/wp\/v2\/users\/3"}],"replies":[{"embeddable":true,"href":"https:\/\/hospitaldechillan.cl\/web\/wp-json\/wp\/v2\/comments?post=7272"}],"version-history":[{"count":0,"href":"https:\/\/hospitaldechillan.cl\/web\/wp-json\/wp\/v2\/posts\/7272\/revisions"}],"wp:featuredmedia":[{"embeddable":true,"href":"https:\/\/hospitaldechillan.cl\/web\/wp-json\/wp\/v2\/media\/7274"}],"wp:attachment":[{"href":"https:\/\/hospitaldechillan.cl\/web\/wp-json\/wp\/v2\/media?parent=7272"}],"wp:term":[{"taxonomy":"category","embeddable":true,"href":"https:\/\/hospitaldechillan.cl\/web\/wp-json\/wp\/v2\/categories?post=7272"},{"taxonomy":"post_tag","embeddable":true,"href":"https:\/\/hospitaldechillan.cl\/web\/wp-json\/wp\/v2\/tags?post=7272"}],"curies":[{"name":"wp","href":"https:\/\/api.w.org\/{rel}","templated":true}]}}