{"id":7266,"date":"2020-06-23T16:20:38","date_gmt":"2020-06-23T20:20:38","guid":{"rendered":"http:\/\/hospitaldechillan.cl\/web\/?p=7266"},"modified":"2020-06-23T16:59:31","modified_gmt":"2020-06-23T20:59:31","slug":"unidad-de-paciente-critico-adulto-ha-tratado-a-87-personas-por-covid-19","status":"publish","type":"post","link":"https:\/\/hospitaldechillan.cl\/web\/unidad-de-paciente-critico-adulto-ha-tratado-a-87-personas-por-covid-19\/","title":{"rendered":"Unidad de Paciente Cr\u00edtico Adulto ha tratado a 87 personas por Covid-19"},"content":{"rendered":"\n<p><strong>Han pasado 90 d\u00edas<\/strong> desde el ingreso del primer paciente con <strong>Covid-19 a la Unidad de Paciente Cr\u00edtico Adulto&nbsp; (UPCA) del Hospital Cl\u00ednico Herminda Mart\u00edn (HCHM)<\/strong>, dependencia cl\u00ednica que durante los meses de pandemia tuvo que reorganizarse tanto en sus procesos como en los espacios que ocupaba. Desde el 23 de marzo, que se concret\u00f3 el primer ingreso a la Unidad, han recibido a 87 personas, quienes en un 66% por ciento han sido hombres, cuyas edades se concentran entre los 31 y 75 a\u00f1os o m\u00e1s. <\/p>\n\n\n\n<p><strong>Este servicio inicialmente contaba con 12 camas de Cuidados Intensivos (UCI) y 14 de Tratamiento Intermedio<\/strong>, pero tras la emergencia sanitaria, todas se transformaron en camas UCI,<strong> sumando 26 en total<\/strong>, exclusivamente para pacientes con Covid-19. <\/p>\n\n\n\n<p>Al cumplirse este hito, las autoridades hospitalarias, encabezadas por su <strong>Director, Luis Alberto P\u00e9rez Ojeda<\/strong>, reconocieron el arduo trabajo de los 134 funcionarios de UPCA, entreg\u00e1ndoles un saludo especial para destacar que \u201cdurante este per\u00edodo de pandemia, que significa un gran desaf\u00edo para nosotros como instituci\u00f3n de salud, ustedes m\u00e9dicos, enfermeros\/as, t\u00e9cnicos, kinesi\u00f3logos\/as, y auxiliares, han demostrado con creces su calidad profesional y humana, dando cada d\u00eda lo mejor de s\u00ed para la recuperaci\u00f3n de los usuarios, por eso les agradecemos su capacidad t\u00e9cnica, vocaci\u00f3n y empat\u00eda con los pacientes que les ha valido en reconocimiento de la comunidad\u201d. <\/p>\n\n\n\n<figure class=\"wp-block-image\"><img loading=\"lazy\" decoding=\"async\" width=\"640\" height=\"360\" src=\"https:\/\/hospitaldechillan.cl\/web\/wp-content_Hos\/uploads\/2020\/06\/web-upca-640x360.jpg\" alt=\"\" class=\"wp-image-7270\" srcset=\"https:\/\/hospitaldechillan.cl\/web\/wp-content\/uploads\/2020\/06\/web-upca-640x360.jpg 640w, https:\/\/hospitaldechillan.cl\/web\/wp-content\/uploads\/2020\/06\/web-upca-768x432.jpg 768w, https:\/\/hospitaldechillan.cl\/web\/wp-content\/uploads\/2020\/06\/web-upca-1200x675.jpg 1200w, https:\/\/hospitaldechillan.cl\/web\/wp-content\/uploads\/2020\/06\/web-upca.jpg 1600w\" sizes=\"auto, (max-width: 640px) 100vw, 640px\" \/><\/figure>\n\n\n\n<p>El Directivo, adem\u00e1s recalc\u00f3 tal como muchos lo han se\u00f1alado, en esta\netapa de contagio del Covid-19 lo m\u00e1s importante es que la poblaci\u00f3n refuerce\nlas medidas preventivas, como el frecuente lavado de manos (cada dos horas y al\nmenos por 30 segundos), el uso adecuado de mascarilla en todo momento y lugar,\nmantener la distancia m\u00ednima de un metro entre las dem\u00e1s personas y si es\nposible, quedarse en casa. <\/p>\n","protected":false},"excerpt":{"rendered":"<p>Una labor inagotable que busca recuperar a los enfermos m\u00e1s graves de la pandemia, se concentra en el equipo hospitalario compuesto por m\u00e1s de un centenar de personas, que desde sus distintas funciones laborales (m\u00e9dicos, kinesi\u00f3logos, t\u00e9cnicos, enfermeros y auxiliares) contribuyen a estabilizar a los pacientes y en lo posible lograr su recuperaci\u00f3n. <\/p>\n","protected":false},"author":3,"featured_media":7267,"comment_status":"open","ping_status":"closed","sticky":false,"template":"","format":"standard","meta":{"_acf_changed":false,"_monsterinsights_skip_tracking":false,"_monsterinsights_sitenote_active":false,"_monsterinsights_sitenote_note":"","_monsterinsights_sitenote_category":0,"footnotes":""},"categories":[4],"tags":[],"class_list":["post-7266","post","type-post","status-publish","format-standard","has-post-thumbnail","hentry","category-noticias"],"acf":[],"publishpress_future_action":{"enabled":false,"date":"2026-05-09 09:23:02","action":"change-status","newStatus":"draft","terms":[],"taxonomy":"category","extraData":[]},"publishpress_future_workflow_manual_trigger":{"enabledWorkflows":[]},"_links":{"self":[{"href":"https:\/\/hospitaldechillan.cl\/web\/wp-json\/wp\/v2\/posts\/7266","targetHints":{"allow":["GET"]}}],"collection":[{"href":"https:\/\/hospitaldechillan.cl\/web\/wp-json\/wp\/v2\/posts"}],"about":[{"href":"https:\/\/hospitaldechillan.cl\/web\/wp-json\/wp\/v2\/types\/post"}],"author":[{"embeddable":true,"href":"https:\/\/hospitaldechillan.cl\/web\/wp-json\/wp\/v2\/users\/3"}],"replies":[{"embeddable":true,"href":"https:\/\/hospitaldechillan.cl\/web\/wp-json\/wp\/v2\/comments?post=7266"}],"version-history":[{"count":0,"href":"https:\/\/hospitaldechillan.cl\/web\/wp-json\/wp\/v2\/posts\/7266\/revisions"}],"wp:featuredmedia":[{"embeddable":true,"href":"https:\/\/hospitaldechillan.cl\/web\/wp-json\/wp\/v2\/media\/7267"}],"wp:attachment":[{"href":"https:\/\/hospitaldechillan.cl\/web\/wp-json\/wp\/v2\/media?parent=7266"}],"wp:term":[{"taxonomy":"category","embeddable":true,"href":"https:\/\/hospitaldechillan.cl\/web\/wp-json\/wp\/v2\/categories?post=7266"},{"taxonomy":"post_tag","embeddable":true,"href":"https:\/\/hospitaldechillan.cl\/web\/wp-json\/wp\/v2\/tags?post=7266"}],"curies":[{"name":"wp","href":"https:\/\/api.w.org\/{rel}","templated":true}]}}