{"id":7236,"date":"2020-06-02T12:10:48","date_gmt":"2020-06-02T16:10:48","guid":{"rendered":"http:\/\/hospitaldechillan.cl\/web\/?p=7236"},"modified":"2020-06-02T12:10:50","modified_gmt":"2020-06-02T16:10:50","slug":"el-importante-rol-de-la-telemedicina-durante-la-pandemia","status":"publish","type":"post","link":"https:\/\/hospitaldechillan.cl\/web\/el-importante-rol-de-la-telemedicina-durante-la-pandemia\/","title":{"rendered":"El importante rol de la telemedicina durante la pandemia"},"content":{"rendered":"\n<p>Buscando asegurar la continuidad de las atenciones de los cientos de \u00f1ublensinos y \u00f1ublensinas que a diario acud\u00edan hasta el <strong>Hospital Cl\u00ednico Herminda Mart\u00edn de Chill\u00e1n<\/strong>, la Unidad de Telemedicina ampli\u00f3 la cantidad de prestaciones adem\u00e1s de reformular los procedimientos, lo que ha permitido triplicar la cantidad de consultas mensuales adem\u00e1s de evitar que la personas tengan que trasladarse al principal centro asistencial de la Regi\u00f3n.<\/p>\n\n\n\n<p>El <strong>Dr. Claudio Medina, Jefe de la Unidad<\/strong>, explic\u00f3 que la pandemia que estamos viviendo\u00a0 nos oblig\u00f3 a \u201cadaptar la forma en la que hac\u00edamos el trabajo. En muchos centros de salud, incluyendo el nuestro, se priorizaron \u00a0las atenciones ambulatorias para los casos m\u00e1s urgentes y graves, por lo que adaptamos nuestra red de contactos, involucrando a los distintos funcionarios de nuestro hospital y de la red asistencial del Servicio de Salud \u00d1uble\u201d. <\/p>\n\n\n\n<p><strong>Fonoaudiolog\u00eda por videollamada<\/strong><\/p>\n\n\n\n<p>Estos cambios generaron un\naumento de los profesionales que &nbsp;realizan teleconsultas as\u00ed como tambi\u00e9n de los\ncentros de salud de atenci\u00f3n primaria conectados adem\u00e1s de la incorporaci\u00f3n de\notras prestaciones, como fonoaudiolog\u00eda. Esto se ha traducido en un incremento\nde las consultas semanales, que hoy fluct\u00faan entre las entre 70 y 80,\nalcanzando un total de 573 atenciones efectuadas hasta abril, las cuales en un\n68% se realizaron durante el tercer y cuarto mes de este a\u00f1o. <\/p>\n\n\n\n<p>Al respecto, el doctor\nMedina destac\u00f3 la manera de realizar la terapia a distancia en esta\nespecialidad, pues&nbsp; \u201clos profesionales se\ncomunican directamente con los usuarios mediante videollamada. Esto nos ha\npermitido tener un seguimiento de los pacientes que estuvieron hospitalizados,\negresaron a su domicilio y que requieren continuar con su rehabilitaci\u00f3n sin\ntener que desplazarse de su hogar. Ha sido muy satisfactorio ver la evoluci\u00f3n\nque han tenido durante las sesiones\u201d. <\/p>\n\n\n\n<p><strong>Red m\u00e1s conectada<\/strong><\/p>\n\n\n\n<p>Adem\u00e1s, hubo un notorio aumento en la cantidad de establecimientos de Salud se sumaron a la estrategia. Antes de la contingencia <strong>participaban seis centros de salud familiar, y actualmente el n\u00famero alcanza los 17<\/strong>, incorpor\u00e1ndose de zonas tan apartadas como Cobquecura y\nPortezuelo, lo que fue incentivado por las medidas que limitaron el\ndesplazamiento en la regi\u00f3n. <\/p>\n\n\n\n<p>Sobre los procedimientos que\nse realizan presencialmente en el Hospital, como los ecocardiogramas, el\nespecialista explic\u00f3 que se han establecido los resguardos necesarios: uso de\nelementos de protecci\u00f3n personal y sanitizaci\u00f3n del box entre cada paciente,\npara disminuir el riesgo de contagio del coronavirus y evitar su\ndiseminaci\u00f3n.&nbsp; <\/p>\n\n\n\n<p>Finalmente, el facultativo destac\u00f3\nque \u201cestos logros han sido posibles gracias a la coordinaci\u00f3n de los recursos\nhumanos disponibles, la iniciativa y compromiso de los equipos de salud, y la\nparticipaci\u00f3n destacada de la atenci\u00f3n primaria, lo que finalmente permite\notorgar una atenci\u00f3n oportuna a nuestros usuarios pese a la crisis\u201d. <\/p>\n","protected":false},"excerpt":{"rendered":"<p>En los \u00faltimos meses, el Hospital ha triplicado la cantidad de consultas a distancia, lo que ha favorecido las atenciones de los usuarios junto con evitar su desplazamiento. Actualmente la Unidad funciona con un calendario din\u00e1mico semanal con las distintas especialidades.   <\/p>\n","protected":false},"author":3,"featured_media":7237,"comment_status":"open","ping_status":"closed","sticky":false,"template":"","format":"standard","meta":{"_acf_changed":false,"_monsterinsights_skip_tracking":false,"_monsterinsights_sitenote_active":false,"_monsterinsights_sitenote_note":"","_monsterinsights_sitenote_category":0,"footnotes":""},"categories":[4],"tags":[],"class_list":["post-7236","post","type-post","status-publish","format-standard","has-post-thumbnail","hentry","category-noticias"],"acf":[],"publishpress_future_action":{"enabled":false,"date":"2026-05-07 00:44:37","action":"change-status","newStatus":"draft","terms":[],"taxonomy":"category","extraData":[]},"publishpress_future_workflow_manual_trigger":{"enabledWorkflows":[]},"_links":{"self":[{"href":"https:\/\/hospitaldechillan.cl\/web\/wp-json\/wp\/v2\/posts\/7236","targetHints":{"allow":["GET"]}}],"collection":[{"href":"https:\/\/hospitaldechillan.cl\/web\/wp-json\/wp\/v2\/posts"}],"about":[{"href":"https:\/\/hospitaldechillan.cl\/web\/wp-json\/wp\/v2\/types\/post"}],"author":[{"embeddable":true,"href":"https:\/\/hospitaldechillan.cl\/web\/wp-json\/wp\/v2\/users\/3"}],"replies":[{"embeddable":true,"href":"https:\/\/hospitaldechillan.cl\/web\/wp-json\/wp\/v2\/comments?post=7236"}],"version-history":[{"count":0,"href":"https:\/\/hospitaldechillan.cl\/web\/wp-json\/wp\/v2\/posts\/7236\/revisions"}],"wp:featuredmedia":[{"embeddable":true,"href":"https:\/\/hospitaldechillan.cl\/web\/wp-json\/wp\/v2\/media\/7237"}],"wp:attachment":[{"href":"https:\/\/hospitaldechillan.cl\/web\/wp-json\/wp\/v2\/media?parent=7236"}],"wp:term":[{"taxonomy":"category","embeddable":true,"href":"https:\/\/hospitaldechillan.cl\/web\/wp-json\/wp\/v2\/categories?post=7236"},{"taxonomy":"post_tag","embeddable":true,"href":"https:\/\/hospitaldechillan.cl\/web\/wp-json\/wp\/v2\/tags?post=7236"}],"curies":[{"name":"wp","href":"https:\/\/api.w.org\/{rel}","templated":true}]}}