{"id":7222,"date":"2020-06-01T17:11:50","date_gmt":"2020-06-01T21:11:50","guid":{"rendered":"http:\/\/hospitaldechillan.cl\/web\/?p=7222"},"modified":"2020-06-01T17:11:52","modified_gmt":"2020-06-01T21:11:52","slug":"se-concreto-tercer-traslado-de-paciente-desde-la-region-metropolitana-a-nuble","status":"publish","type":"post","link":"https:\/\/hospitaldechillan.cl\/web\/se-concreto-tercer-traslado-de-paciente-desde-la-region-metropolitana-a-nuble\/","title":{"rendered":"Se concret\u00f3 tercer traslado de paciente desde la Regi\u00f3n Metropolitana a \u00d1uble"},"content":{"rendered":"\n<p>Un tercer vuelo arrib\u00f3 pasado el mediod\u00eda hasta el aer\u00f3dromo Bernardo O\u2019Higgins de Chill\u00e1n, para concretar la llegada de un hombre de 58 a\u00f1os, proveniente del Hospital S\u00f3tero del R\u00edo de Puente Alto, quien fue internado en la U<strong>nidad de Cuidados Intensivos del Hospital Cl\u00ednico Herminda Mart\u00edn <\/strong>para continuar su tratamiento por Covid 19.<\/p>\n\n\n\n<p>El procedimiento cont\u00f3 con el trabajo de los\nequipos de los recintos asistenciales, quienes en todo momento monitorearon el\nestado de salud del paciente.<\/p>\n\n\n\n<p>Seg\u00fan explic\u00f3 el Director (s) del <strong>Servicio de Salud \u00d1uble, Ricardo S\u00e1nchez Opazo<\/strong>, esta nueva llegada desde la Regi\u00f3n Metropolitana a Chill\u00e1n, da cuenta que la red integrada COVID 19 est\u00e1 funcionando con todas las coordinaciones y resguardos correspondientes, con el prop\u00f3sito de garantizar la atenci\u00f3n de salud y el acceso a una Unidad de Cuidados Intensivo (UCI), a toda persona que lo requiera, no importando en el lugar del pa\u00eds en el que se encuentre\u201d.<\/p>\n\n\n\n<figure class=\"wp-block-image\"><img loading=\"lazy\" decoding=\"async\" width=\"640\" height=\"360\" src=\"https:\/\/hospitaldechillan.cl\/web\/wp-content_Hos\/uploads\/2020\/06\/paciente-trasladado-covid-19--640x360.jpg\" alt=\"\" class=\"wp-image-7223\" srcset=\"https:\/\/hospitaldechillan.cl\/web\/wp-content\/uploads\/2020\/06\/paciente-trasladado-covid-19--640x360.jpg 640w, https:\/\/hospitaldechillan.cl\/web\/wp-content\/uploads\/2020\/06\/paciente-trasladado-covid-19--768x432.jpg 768w, https:\/\/hospitaldechillan.cl\/web\/wp-content\/uploads\/2020\/06\/paciente-trasladado-covid-19--1200x675.jpg 1200w, https:\/\/hospitaldechillan.cl\/web\/wp-content\/uploads\/2020\/06\/paciente-trasladado-covid-19-.jpg 1600w\" sizes=\"auto, (max-width: 640px) 100vw, 640px\" \/><\/figure>\n\n\n\n<p>\u201cEn este sentido, destacar el gran esfuerzo que\nest\u00e1n haciendo los funcionarios de salud, a lo largo de todo Chile, que hoy\nenfrentan una tarea sin precedentes, con el m\u00e1ximo profesionalismo y vocaci\u00f3n\nde servicio para ayudar a otros a superar esta dif\u00edcil situaci\u00f3n. Es por ellos,\ny por quienes est\u00e1n en mayor riesgo, que nuevamente reiteramos el llamado a las\npersonas al autocuidado, porque aun cuando estamos haciendo el m\u00e1ximo esfuerzo\ncomo sistema de salud, este desaf\u00edo se supera con el apoyo y la contribuci\u00f3n de\ntodos y todas\u201d, enfatiz\u00f3 Ricardo S\u00e1nchez.<\/p>\n\n\n\n<p>En tanto, el <strong>Director del Hospital de Chill\u00e1n, Luis Alberto P\u00e9rez Ojeda<\/strong>, expres\u00f3 que \u201cLa disponibilidad de camas cr\u00edticas que hemos tenido a la fecha ha permitido al Ministerio de Salud reubicar a 5 pacientes de la Regi\u00f3n Metropolitana en nuestro Hospital, 3 de los cuales ya recibieron el alta m\u00e9dica y se gestion\u00f3 su traslado de retorno. La situaci\u00f3n epidemiol\u00f3gica local, nos ha permitido apoyar la gesti\u00f3n en red y concretamente a personas de otras ciudades, donde los establecimientos asistenciales est\u00e1n sobreexigidos por la alta tasa de hospitalizaci\u00f3n en unidades cr\u00edticas.\u201d<\/p>\n\n\n\n<p>Durante las pr\u00f3ximas semanas podr\u00edan continuar\ngestion\u00e1ndose estas derivaciones de acuerdo al requerimiento del sistema\nintegrado Covid 19.<\/p>\n","protected":false},"excerpt":{"rendered":"<p>Con esta nueva derivaci\u00f3n son 5 las personas que han llegado a Chill\u00e1n para continuar su tratamiento en el Hospital Cl\u00ednico Herminda Mart\u00edn, 3 de ellos ya recibieron su alta m\u00e9dica.<\/p>\n","protected":false},"author":3,"featured_media":7224,"comment_status":"open","ping_status":"closed","sticky":false,"template":"","format":"standard","meta":{"_acf_changed":false,"_monsterinsights_skip_tracking":false,"_monsterinsights_sitenote_active":false,"_monsterinsights_sitenote_note":"","_monsterinsights_sitenote_category":0,"footnotes":""},"categories":[4],"tags":[],"class_list":["post-7222","post","type-post","status-publish","format-standard","has-post-thumbnail","hentry","category-noticias"],"acf":[],"publishpress_future_action":{"enabled":false,"date":"2026-05-08 20:41:31","action":"change-status","newStatus":"draft","terms":[],"taxonomy":"category","extraData":[]},"publishpress_future_workflow_manual_trigger":{"enabledWorkflows":[]},"_links":{"self":[{"href":"https:\/\/hospitaldechillan.cl\/web\/wp-json\/wp\/v2\/posts\/7222","targetHints":{"allow":["GET"]}}],"collection":[{"href":"https:\/\/hospitaldechillan.cl\/web\/wp-json\/wp\/v2\/posts"}],"about":[{"href":"https:\/\/hospitaldechillan.cl\/web\/wp-json\/wp\/v2\/types\/post"}],"author":[{"embeddable":true,"href":"https:\/\/hospitaldechillan.cl\/web\/wp-json\/wp\/v2\/users\/3"}],"replies":[{"embeddable":true,"href":"https:\/\/hospitaldechillan.cl\/web\/wp-json\/wp\/v2\/comments?post=7222"}],"version-history":[{"count":0,"href":"https:\/\/hospitaldechillan.cl\/web\/wp-json\/wp\/v2\/posts\/7222\/revisions"}],"wp:featuredmedia":[{"embeddable":true,"href":"https:\/\/hospitaldechillan.cl\/web\/wp-json\/wp\/v2\/media\/7224"}],"wp:attachment":[{"href":"https:\/\/hospitaldechillan.cl\/web\/wp-json\/wp\/v2\/media?parent=7222"}],"wp:term":[{"taxonomy":"category","embeddable":true,"href":"https:\/\/hospitaldechillan.cl\/web\/wp-json\/wp\/v2\/categories?post=7222"},{"taxonomy":"post_tag","embeddable":true,"href":"https:\/\/hospitaldechillan.cl\/web\/wp-json\/wp\/v2\/tags?post=7222"}],"curies":[{"name":"wp","href":"https:\/\/api.w.org\/{rel}","templated":true}]}}