{"id":6956,"date":"2020-04-03T09:26:01","date_gmt":"2020-04-03T13:26:01","guid":{"rendered":"http:\/\/hospitaldechillan.cl\/web\/?p=6956"},"modified":"2020-04-03T09:26:02","modified_gmt":"2020-04-03T13:26:02","slug":"subsecretario-arturo-zuniga-constato-en-nuble-el-avance-del-plan-de-reforzamiento-de-la-red-asistencial-ante-la-pandemia-del-covid-19","status":"publish","type":"post","link":"https:\/\/hospitaldechillan.cl\/web\/subsecretario-arturo-zuniga-constato-en-nuble-el-avance-del-plan-de-reforzamiento-de-la-red-asistencial-ante-la-pandemia-del-covid-19\/","title":{"rendered":"Subsecretario Arturo Z\u00fa\u00f1iga constat\u00f3 en \u00d1uble el avance del plan de reforzamiento de la red asistencial ante la pandemia del Covid-19"},"content":{"rendered":"\n<p>El <strong>Subsecretario de Redes Asistenciales, Arturo Z\u00fa\u00f1iga<\/strong>, lleg\u00f3 hasta Chill\u00e1n para constatar el estado de avance del Plan de Reforzamiento de los establecimientos de salud en el marco de la pandemia del Covid- 19.<\/p>\n\n\n\n<p>Al arribar, se reuni\u00f3 con el <strong>Jefe de Defensa Nacional para \u00d1uble, General Cristi\u00e1n Vial<\/strong>, con el <strong>Intendente Mart\u00edn Arrau, la Seremi de Salud, Marta Bravo y la Directora (s) del Servicio de Salud, Elizabeth Abarca<\/strong>, donde dio a conocer las medidas que est\u00e1 implementando el Ministerio de Salud para combatir el Covid 19.<\/p>\n\n\n\n<p>Posteriormente, se traslad\u00f3 hacia el <strong>Hospital Cl\u00ednico Herminda Mart\u00edn<\/strong> donde efectu\u00f3 una supervisi\u00f3n t\u00e9cnica del estado de la red asistencial, a cargo de la <strong>Directora (s) del Servicio de Salud \u00d1uble, Elizabeth Abarca y del Director (s) del Hospital Regional, el Dr. Antonio Salinas<\/strong>. En el encuentro, tambi\u00e9n fue informado de la condici\u00f3n de salud del Director (s) del SS\u00d1, Ricardo S\u00e1nchez, quien est\u00e1 en la Unidad de Cuidados Intensivos del establecimiento.<\/p>\n\n\n\n<p>En la jornada el Subsecretario expres\u00f3, \u201ces la\ncuarta visita a \u00d1uble, espec\u00edficamente al Hospital Herminda Mart\u00edn, donde\npudimos ver c\u00f3mo se est\u00e1 activando la complejizaci\u00f3n de camas. Este recinto, que\nen condiciones normales cuenta con 13 camas de tratamiento intensivo, es decir,\ncon ventilaci\u00f3n mec\u00e1nica; tiene un plan para llegar a 54, con lo cual vamos a\npoder dar una muy buena atenci\u00f3n cuando la cantidad de pacientes aumente. Al\nd\u00eda de hoy ya tenemos un incremento a 23 camas, lo que es casi duplicar la\ncapacidad de usuarios que requieran cuidados cr\u00edticos y eso se ve a\u00fan m\u00e1s\nfortalecido con la resoluci\u00f3n que sali\u00f3 el pasado mi\u00e9rcoles desde el Ministerio\nque establece el sistema integrado en donde, las camas p\u00fablicas como las del\nsector privado, pasan a ser coordinadas desde la Subsecretar\u00eda de Redes\nAsistenciales, otorg\u00e1ndole en este caso, la facultad al Servicio de Salud \u00d1uble\nde disponer de todas las camas de la Regi\u00f3n, para atender de la mejor forma\nposible a quienes viven en \u00d1uble\u201d.<\/p>\n\n\n\n<p>Respecto del complejo desaf\u00edo que significa el Covid- 19, Z\u00fa\u00f1iga a\u00f1adi\u00f3: \u201cLo que est\u00e1 ocurriendo, es algo que no pasaba hace much\u00edsimos a\u00f1os, hablamos de una pandemia que ha afectado a pa\u00edses desarrollados como Italia, Espa\u00f1a, Estados Unidos, Inglaterra, o China y Chile no est\u00e1 ajeno a eso, pero tenemos un plan, que consiste en disponer de las camas porque tenemos que velar por la salud de la ciudadan\u00eda, en el lugar que sea\u201d.<\/p>\n\n\n\n<p>Por su parte, la\nDirectora (s) del SS\u00d1, Elizabeth Abarca, valor\u00f3 la visita, pues \u201cnos permiti\u00f3 demostrar\nel arduo trabajo que est\u00e1n realizando los equipos de \u00d1uble para robustecer los\nestablecimientos de atenci\u00f3n primaria, pero tambi\u00e9n los hospitales. En esa\nl\u00ednea, destacar que pudimos revisar tambi\u00e9n cu\u00e1les son las \u00e1reas m\u00e1s urgentes a\npriorizar, como el avance en la implementaci\u00f3n del plan de reconversi\u00f3n de\ncamas que permitir\u00e1 reforzar la atenci\u00f3n en toda la red asistencial, con\n\u00e9nfasis en el tratamiento intensivo que deben recibir las personas que\npresenten una complicaci\u00f3n grave a causa del contagio por Covid 19\u201d.<\/p>\n\n\n\n<p><strong>Reconocimiento a la labor de los funcionarios<\/strong><\/p>\n\n\n\n<p>En su visita al establecimiento, el <strong>Subsecretario destac\u00f3 la labor de los equipos de salud de la Regi\u00f3n. \u201cEs fundamental lo que ocurre en \u00d1uble, en el Hospital de Chill\u00e1n<\/strong>, donde los l\u00edderes del establecimiento, del Servicio de Salud, las personas que dirigen los equipos cl\u00ednicos y cada uno de los funcionarios y funcionarias, est\u00e1n dando lo mejor de s\u00ed, para resguardar la salud de las personas. Sin duda hay temor, pero cuando uno ve el compromiso y la correcta labor que todos est\u00e1n desempe\u00f1ando, se va con tranquilidad, que se pueden hacer las cosas bien y compartir estas experiencias con el resto de los hospitales del pa\u00eds para aprender de lo bueno y tambi\u00e9n, de aquello que se ha corregido para tener un correcto funcionamiento en beneficio de los pacientes\u201d, agreg\u00f3.<\/p>\n\n\n\n<p>\u00d1uble ocupa el\ntercer lugar a nivel nacional en cuanto a casos confirmados, raz\u00f3n por la cual\nse ha puesto especial \u00e9nfasis en la estrategia de fortalecimiento tanto en la\nred de atenci\u00f3n primaria como en los hospitales de la Regi\u00f3n.<\/p>\n","protected":false},"excerpt":{"rendered":"<p>El profesional se reuni\u00f3 con autoridades locales y luego se dirigi\u00f3 hacia el Hospital Cl\u00ednico Herminda Mart\u00edn, donde supervis\u00f3 el plan de refuerzo de los centros de salud ante el incremento de casos confirmados de coronavirus en la Regi\u00f3n. <\/p>\n","protected":false},"author":3,"featured_media":6958,"comment_status":"open","ping_status":"closed","sticky":false,"template":"","format":"standard","meta":{"_acf_changed":false,"_monsterinsights_skip_tracking":false,"_monsterinsights_sitenote_active":false,"_monsterinsights_sitenote_note":"","_monsterinsights_sitenote_category":0,"footnotes":""},"categories":[4,1],"tags":[],"class_list":["post-6956","post","type-post","status-publish","format-standard","has-post-thumbnail","hentry","category-noticias","category-sin-categoria"],"acf":[],"publishpress_future_action":{"enabled":false,"date":"2026-05-08 11:45:08","action":"change-status","newStatus":"draft","terms":[],"taxonomy":"category","extraData":[]},"publishpress_future_workflow_manual_trigger":{"enabledWorkflows":[]},"_links":{"self":[{"href":"https:\/\/hospitaldechillan.cl\/web\/wp-json\/wp\/v2\/posts\/6956","targetHints":{"allow":["GET"]}}],"collection":[{"href":"https:\/\/hospitaldechillan.cl\/web\/wp-json\/wp\/v2\/posts"}],"about":[{"href":"https:\/\/hospitaldechillan.cl\/web\/wp-json\/wp\/v2\/types\/post"}],"author":[{"embeddable":true,"href":"https:\/\/hospitaldechillan.cl\/web\/wp-json\/wp\/v2\/users\/3"}],"replies":[{"embeddable":true,"href":"https:\/\/hospitaldechillan.cl\/web\/wp-json\/wp\/v2\/comments?post=6956"}],"version-history":[{"count":0,"href":"https:\/\/hospitaldechillan.cl\/web\/wp-json\/wp\/v2\/posts\/6956\/revisions"}],"wp:featuredmedia":[{"embeddable":true,"href":"https:\/\/hospitaldechillan.cl\/web\/wp-json\/wp\/v2\/media\/6958"}],"wp:attachment":[{"href":"https:\/\/hospitaldechillan.cl\/web\/wp-json\/wp\/v2\/media?parent=6956"}],"wp:term":[{"taxonomy":"category","embeddable":true,"href":"https:\/\/hospitaldechillan.cl\/web\/wp-json\/wp\/v2\/categories?post=6956"},{"taxonomy":"post_tag","embeddable":true,"href":"https:\/\/hospitaldechillan.cl\/web\/wp-json\/wp\/v2\/tags?post=6956"}],"curies":[{"name":"wp","href":"https:\/\/api.w.org\/{rel}","templated":true}]}}