{"id":683,"date":"2014-08-17T20:13:06","date_gmt":"2014-08-18T00:13:06","guid":{"rendered":"http:\/\/hospitaldechillan.cl\/web\/?p=683"},"modified":"2014-08-29T14:41:55","modified_gmt":"2014-08-29T18:41:55","slug":"organos2014","status":"publish","type":"post","link":"https:\/\/hospitaldechillan.cl\/web\/organos2014\/","title":{"rendered":"Hospital realiz\u00f3 su cuarto procuramiento de \u00f3rganos del 2014"},"content":{"rendered":"<p>El Hospital de Chill\u00e1n realiz\u00f3 su cuarto procuramiento del 2014. La extracci\u00f3n de \u00f3rganos se concret\u00f3 a las 22:00 horas del viernes 22 de agosto, en un paciente de 37 a\u00f1os, que ingres\u00f3 al recinto asistencial durante la madrugada del mismo viernes, presentando un severo compromiso de conciencia provocado por una hemorragia cerebral.<\/p>\n<p>Pese a todos los esfuerzos realizados por el equipo m\u00e9dico, lo agudo de la patolog\u00eda que present\u00f3, le provoc\u00f3 la muerte a las 9:15 horas, siendo certificada de acuerdo al estricto protocolo existente, tras lo cual, la Unidad de Procuraci\u00f3n de \u00f3rganos comenz\u00f3 el manejo del caso, previo consentimiento realizado a la familia del paciente.<\/p>\n<p>El procedimiento cont\u00f3 con la participaci\u00f3n de los cirujanos del Hospital local, liderados por el Dr. Mauricio Vespa, en la extracci\u00f3n de ri\u00f1ones, los que tuvieron como destino los Hospitales de El Salvador y Barros Luco.<\/p>\n<p>El Director del Hospital, Dr. Rodrigo Avenda\u00f1o Brandeis, junto con entregar las condolencias a la familia del paciente, agradeci\u00f3 tambi\u00e9n su decisi\u00f3n de donar los \u00f3rganos, \u201cpermitiendo de esta manera entregar vida a otras personas, en un acto de bondad y generosidad que habitualmente debe tomarse en un escenario de mucho dolor y tristeza, pero que sin duda, puede transformarse en esperanza al permitir que otras personas sigan viviendo\u201d.<\/p>\n<p>Durante este 2014, se han beneficiado a 15 pacientes en las cuatro procuraciones realizadas en los meses de enero, abril, junio y agosto.<\/p>\n","protected":false},"excerpt":{"rendered":"<p>En la oportunidad se extrajeron ri\u00f1ones los que fueron derivados a los Hospitales de El Salvador y Barros Luco.<\/p>\n","protected":false},"author":2,"featured_media":684,"comment_status":"open","ping_status":"closed","sticky":false,"template":"","format":"standard","meta":{"_acf_changed":false,"_monsterinsights_skip_tracking":false,"_monsterinsights_sitenote_active":false,"_monsterinsights_sitenote_note":"","_monsterinsights_sitenote_category":0,"footnotes":""},"categories":[4],"tags":[],"class_list":["post-683","post","type-post","status-publish","format-standard","has-post-thumbnail","hentry","category-noticias"],"acf":[],"publishpress_future_action":{"enabled":false,"date":"2026-05-05 10:57:58","action":"change-status","newStatus":"draft","terms":[],"taxonomy":"category","extraData":[]},"publishpress_future_workflow_manual_trigger":{"enabledWorkflows":[]},"_links":{"self":[{"href":"https:\/\/hospitaldechillan.cl\/web\/wp-json\/wp\/v2\/posts\/683","targetHints":{"allow":["GET"]}}],"collection":[{"href":"https:\/\/hospitaldechillan.cl\/web\/wp-json\/wp\/v2\/posts"}],"about":[{"href":"https:\/\/hospitaldechillan.cl\/web\/wp-json\/wp\/v2\/types\/post"}],"author":[{"embeddable":true,"href":"https:\/\/hospitaldechillan.cl\/web\/wp-json\/wp\/v2\/users\/2"}],"replies":[{"embeddable":true,"href":"https:\/\/hospitaldechillan.cl\/web\/wp-json\/wp\/v2\/comments?post=683"}],"version-history":[{"count":0,"href":"https:\/\/hospitaldechillan.cl\/web\/wp-json\/wp\/v2\/posts\/683\/revisions"}],"wp:featuredmedia":[{"embeddable":true,"href":"https:\/\/hospitaldechillan.cl\/web\/wp-json\/wp\/v2\/media\/684"}],"wp:attachment":[{"href":"https:\/\/hospitaldechillan.cl\/web\/wp-json\/wp\/v2\/media?parent=683"}],"wp:term":[{"taxonomy":"category","embeddable":true,"href":"https:\/\/hospitaldechillan.cl\/web\/wp-json\/wp\/v2\/categories?post=683"},{"taxonomy":"post_tag","embeddable":true,"href":"https:\/\/hospitaldechillan.cl\/web\/wp-json\/wp\/v2\/tags?post=683"}],"curies":[{"name":"wp","href":"https:\/\/api.w.org\/{rel}","templated":true}]}}