{"id":6470,"date":"2020-01-09T15:16:52","date_gmt":"2020-01-09T19:16:52","guid":{"rendered":"http:\/\/hospitaldechillan.cl\/web\/?p=6470"},"modified":"2020-01-09T15:16:54","modified_gmt":"2020-01-09T19:16:54","slug":"subsecretario-de-redes-asistenciales-inicio-oficialmente-la-construccion-del-nuevo-hospital-regional-de-nuble","status":"publish","type":"post","link":"https:\/\/hospitaldechillan.cl\/web\/subsecretario-de-redes-asistenciales-inicio-oficialmente-la-construccion-del-nuevo-hospital-regional-de-nuble\/","title":{"rendered":"Subsecretario de Redes Asistenciales inici\u00f3 oficialmente la construcci\u00f3n del Nuevo Hospital Regional de \u00d1uble"},"content":{"rendered":"\n<p>Una nueva visita a la Regi\u00f3n realiz\u00f3\nel Subsecretario de Redes Asistenciales, Arturo Z\u00fa\u00f1iga Jory, esta vez, para\nconcretar uno de los principales anhelos de la comunidad \u00f1ublensina: iniciar\noficialmente la construcci\u00f3n del nuevo Hospital Regional.<\/p>\n\n\n\n<p>Fue as\u00ed como en una ceremonia que\ncont\u00f3 con la presencia de m\u00e1s de 200 personas entre autoridades, representantes\nde la comunidad y funcionarios, el profesional junto al Intendente Mart\u00edn Arrau\ny el Director (s) del Servicio de Salud \u00d1uble, Ricardo S\u00e1nchez, instalaron un\ntestimonio para simbolizar la partida de las obras.<\/p>\n\n\n\n<p>Durante la jornada, el\nSubsecretario Z\u00fa\u00f1iga expres\u00f3: \u201cHoy es un gran d\u00eda para los habitantes de \u00d1uble,\nya que a comienzos de esta semana recibimos la resoluci\u00f3n del Consejo de\nMonumentos Nacionales que aprob\u00f3 la \u00faltima etapa del rescate arqueol\u00f3gico, lo\nque nos permite tener la liberaci\u00f3n total del terreno y de esta forma, iniciar\noficialmente la construcci\u00f3n del Hospital que la joven Regi\u00f3n de \u00d1uble\nnecesita\u201d.<\/p>\n\n\n\n<p>\u201cPara que se hagan una idea de\nlas dimensiones de este proyecto, son alrededor de 16 canchas de f\u00fatbol, en\ntotal, 530 camas que van a duplicar las camas cr\u00edticas que actualmente tiene el\nHerminda Mart\u00edn, adem\u00e1s de incorporar 14 pabellones y obviamente oncolog\u00eda. El\nestablecimiento le dar\u00e1 independencia a esta nueva Regi\u00f3n y eso es lo que hoy\nlas personas est\u00e1n necesitando\u201d, a\u00f1adi\u00f3 el Subsecretario de Redes\nAsistenciales.<\/p>\n\n\n\n<p><strong>\u201cUna\nmejor salud para una naciente Regi\u00f3n\u201d<\/strong><\/p>\n\n\n\n<p>Como un gran avance catalog\u00f3 el\nIntendente Mart\u00edn Arrau el inicio de la construcci\u00f3n del nuevo Hospital: \u201cEstamos\nmostrando hechos y no palabras, hablamos de un proyecto que llevaba m\u00e1s de 10\na\u00f1os de espera por diferentes motivos y hoy estamos ac\u00e1 trabajando, excavando,\nvan a ser cerca de mil puestos de trabajo durante los cuatro a\u00f1os que dura la\nconstrucci\u00f3n y eso es lo que nos gusta, llevar realidades. Por eso, agradezco\nal Subsecretario, que ha sido una de las autoridades que m\u00e1s ha venido a \u00d1uble\na entregar diversas obras y equipamiento, lo que da cuenta que estamos dando\nimportantes pasos en salud, no s\u00f3lo a nivel local, sino en todo el pa\u00eds\u201d.<\/p>\n\n\n\n<p>Mart\u00edn Arrau destac\u00f3 que sin\nduda es una gran noticia, no s\u00f3lo porque en el futuro permitir\u00e1 contar con un\nnuevo y moderno hospital y porque significa una mejor salud para la naciente\nRegi\u00f3n.<\/p>\n\n\n\n<p><strong>Tecnolog\u00eda de punta en sus 128 mil metros cuadrados<\/strong><\/p>\n\n\n\n<p>El futuro centro asistencial es parte\nde una nueva generaci\u00f3n de hospitales que le cambiar\u00e1n la cara a la salud\np\u00fablica. As\u00ed lo asegur\u00f3 el Director (s) del Servicio de Salud\n\u00d1uble, Ricardo S\u00e1nchez, quien entreg\u00f3 detalles de lo que ser\u00e1 el futuro\nestablecimiento.<strong><\/strong><\/p>\n\n\n\n<p>\u201cContar\u00e1 con nuevos est\u00e1ndares de calidad,\nque incluyen eficiencia energ\u00e9tica, equipamiento con tecnolog\u00eda de \u00faltima\ngeneraci\u00f3n, espacios amigables para humanizar el trato, construcciones\nsismo-resistentes, con pertinencia cultural, entre otras caracter\u00edsticas que\nmaterializan el derecho a una salud digna y de calidad\u201d, precis\u00f3 el directivo.<\/p>\n\n\n\n<p>S\u00e1nchez tambi\u00e9n reconoci\u00f3 el trabajo realizado\npor los distintos equipos que han participado en el proyecto. \u201cDurante m\u00e1s de\n10 a\u00f1os, hemos sido testigos de un sue\u00f1o en el que muchos hombres y mujeres han\npuesto su m\u00e1ximo empe\u00f1o, para conseguir lo que hoy vemos concretado en el\ninicio de su construcci\u00f3n: un nuevo Hospital para las familias de \u00d1uble. A todos, mi honesto reconocimiento, porque fueron actores claves para\ncomenzar esta construcci\u00f3n\u201d.<\/p>\n\n\n\n<figure class=\"wp-block-image\"><img loading=\"lazy\" decoding=\"async\" width=\"640\" height=\"360\" src=\"https:\/\/hospitaldechillan.cl\/web\/wp-content_Hos\/uploads\/2020\/01\/web2-640x360.jpg\" alt=\"\" class=\"wp-image-6472\" srcset=\"https:\/\/hospitaldechillan.cl\/web\/wp-content\/uploads\/2020\/01\/web2-640x360.jpg 640w, https:\/\/hospitaldechillan.cl\/web\/wp-content\/uploads\/2020\/01\/web2-768x432.jpg 768w, https:\/\/hospitaldechillan.cl\/web\/wp-content\/uploads\/2020\/01\/web2-1200x675.jpg 1200w, https:\/\/hospitaldechillan.cl\/web\/wp-content\/uploads\/2020\/01\/web2.jpg 1600w\" sizes=\"auto, (max-width: 640px) 100vw, 640px\" \/><\/figure>\n\n\n\n<p><strong>Nuevos servicios, \u00e1reas verdes e integraci\u00f3n\ncomunitaria <\/strong><\/p>\n\n\n\n<p>El nuevo establecimiento\nser\u00e1 un recinto de\nalta complejidad que contar\u00e1 con moderna infraestructura y equipamiento de\n\u00faltima generaci\u00f3n para brindar atenci\u00f3n a los\/as 480 mil habitantes del\nterritorio. <strong><\/strong><\/p>\n\n\n\n<p>En total ser\u00e1 una inversi\u00f3n de $204 mil millones para construir 128 mil\nmetros cuadrados de moderna infraestructura dotada de equipamiento de \u00faltima\ngeneraci\u00f3n para responder a las necesidades de salud de las familias de \u00d1uble.\nContar\u00e1 con 530 camas; 14 pabellones; 5\nsalas de parto integral; un amplio Centro de Atenci\u00f3n Ambulatoria de\nEspecialidades M\u00e9dicas y Odontol\u00f3gicas y salas de hospitalizaci\u00f3n de 64 metros\ncuadrados para otorgar mayor comodidad a los\/as usuarios\/as.<\/p>\n\n\n\n<p>Entre sus cualidades destacan nuevos servicios como la unidad de\nHemodinamia para procedimientos cardiovasculares; Resonancia Nuclear Magn\u00e9tica;\nServicio de psiquiatr\u00eda para ni\u00f1os\/as y adolescentes y la unidad de oncolog\u00eda. <\/p>\n\n\n\n<p>Ser\u00e1 un hito urban\u00edstico ya que tambi\u00e9n contar\u00e1 con plazas p\u00fablicas, \u00e1reas verdes, zona de juegos y esparcimiento, estacionamientos subterr\u00e1neos, un gran auditorio y un anfiteatro al aire libre. <\/p>\n\n\n\n<p><\/p>\n","protected":false},"excerpt":{"rendered":"<p>El Consejo de Monumentos Nacionales aprob\u00f3 el informe que dio por finalizado el rescate arqueol\u00f3gico, liberando as\u00ed la superficie total del terreno. Este acto permite al consorcio INSO avanzar con las excavaciones en toda la superficie y comenzar a levantar la obra gruesa del megaproyecto de salud, que le cambiar\u00e1 la cara a la red asistencial local.<\/p>\n","protected":false},"author":3,"featured_media":6471,"comment_status":"open","ping_status":"closed","sticky":false,"template":"","format":"standard","meta":{"_acf_changed":false,"_monsterinsights_skip_tracking":false,"_monsterinsights_sitenote_active":false,"_monsterinsights_sitenote_note":"","_monsterinsights_sitenote_category":0,"footnotes":""},"categories":[4],"tags":[],"class_list":["post-6470","post","type-post","status-publish","format-standard","has-post-thumbnail","hentry","category-noticias"],"acf":[],"publishpress_future_action":{"enabled":false,"date":"2026-05-06 19:14:00","action":"change-status","newStatus":"draft","terms":[],"taxonomy":"category","extraData":[]},"publishpress_future_workflow_manual_trigger":{"enabledWorkflows":[]},"_links":{"self":[{"href":"https:\/\/hospitaldechillan.cl\/web\/wp-json\/wp\/v2\/posts\/6470","targetHints":{"allow":["GET"]}}],"collection":[{"href":"https:\/\/hospitaldechillan.cl\/web\/wp-json\/wp\/v2\/posts"}],"about":[{"href":"https:\/\/hospitaldechillan.cl\/web\/wp-json\/wp\/v2\/types\/post"}],"author":[{"embeddable":true,"href":"https:\/\/hospitaldechillan.cl\/web\/wp-json\/wp\/v2\/users\/3"}],"replies":[{"embeddable":true,"href":"https:\/\/hospitaldechillan.cl\/web\/wp-json\/wp\/v2\/comments?post=6470"}],"version-history":[{"count":0,"href":"https:\/\/hospitaldechillan.cl\/web\/wp-json\/wp\/v2\/posts\/6470\/revisions"}],"wp:featuredmedia":[{"embeddable":true,"href":"https:\/\/hospitaldechillan.cl\/web\/wp-json\/wp\/v2\/media\/6471"}],"wp:attachment":[{"href":"https:\/\/hospitaldechillan.cl\/web\/wp-json\/wp\/v2\/media?parent=6470"}],"wp:term":[{"taxonomy":"category","embeddable":true,"href":"https:\/\/hospitaldechillan.cl\/web\/wp-json\/wp\/v2\/categories?post=6470"},{"taxonomy":"post_tag","embeddable":true,"href":"https:\/\/hospitaldechillan.cl\/web\/wp-json\/wp\/v2\/tags?post=6470"}],"curies":[{"name":"wp","href":"https:\/\/api.w.org\/{rel}","templated":true}]}}