{"id":6460,"date":"2020-01-01T12:41:38","date_gmt":"2020-01-01T16:41:38","guid":{"rendered":"http:\/\/hospitaldechillan.cl\/web\/?p=6460"},"modified":"2020-01-01T12:41:39","modified_gmt":"2020-01-01T16:41:39","slug":"josefa-fue-la-primera-recien-nacida-en-nuble-este-2020","status":"publish","type":"post","link":"https:\/\/hospitaldechillan.cl\/web\/josefa-fue-la-primera-recien-nacida-en-nuble-este-2020\/","title":{"rendered":"Josefa fue la primera reci\u00e9n nacida en \u00d1uble este 2020"},"content":{"rendered":"\n<p>Sin complicaciones, a las 2:44\nhoras de este mi\u00e9rcoles 01 de enero, naci\u00f3 en el Hospital Cl\u00ednico Herminda\nMart\u00edn de Chill\u00e1n, la primera mujer de este a\u00f1o, Josefa Fuentes Vera,&nbsp; quien pes\u00f3 3 kilos 600 gramos y midi\u00f3 50,5 cent\u00edmetros.<\/p>\n\n\n\n<p>Su emocionada madre, Eloisa Vera,\nexpres\u00f3 la alegr\u00eda de tener su tercer hijo. \u201cSe nos adelant\u00f3 un poquito, pero\nestoy muy tranquila y contenta, pues fue un parto normal y si bien &nbsp;hubo algo de dolor, tenerla ac\u00e1 a mi lado nos\nhace olvidar todo. Esper\u00e1bamos fuera dentro de estos d\u00edas pero nunca nos\nimaginamos que ser\u00eda el primer beb\u00e9 en nacer este a\u00f1o en Chill\u00e1n\u201d<\/p>\n\n\n\n<p>Sin embargo, Josefa no estar\u00eda\nsola este d\u00eda, pues durante el transcurso de la madrugada hubo otros tres\npartos, todos sin complicaciones. &nbsp;Josefina,\ncon 3 kilos 100 gramos y 48 cms; &nbsp;Melisa de\n3 kilos 345 gramos y 48 cms; y Roberto con 2 kilos 700 gramos y 48 cms, fueron\nlos otros reci\u00e9n nacidos que durante las primeras horas de este mi\u00e9rcoles\nprimero de enero llegaron a los brazos de sus madres en el Hospital de Chill\u00e1n.<\/p>\n\n\n\n<p>En ese contexto la SEREMI de\nDesarrollo Social y Familia, Doris Osses Zapata, Seremi de Salud, Marta Bravo\nSalinas y el Director del Hospital, Luis Alberto P\u00e9rez Ojeda, visitaron las salas\nde hospitalizaci\u00f3n donde estaban estas peque\u00f1as y peque\u00f1os, para entregar un afectuoso\nsaludo y algunos obsequios a las madres. <\/p>\n\n\n\n<p>\u00abEstamos contentos y felices\npor estos cuatro nacimientos, de tres ni\u00f1itas y un var\u00f3n, por eso adem\u00e1s de\nvenir a entregar un saludo, traemos m\u00e1s de 950 pa\u00f1ales para todas las madres\nhospitalizadas. Junto con esto tambi\u00e9n queremos destacar la importancia que\ntiene &nbsp;ajuar del Subsistema Chile Crece\nContigo, pues es set muy completo que entre sus implementos cuenta con cuna que\npuede ser utilizada como corral, vestimenta para los beb\u00e9s, mudador, juegos de\nestimulaci\u00f3n, libros para el aprendizaje, coj\u00edn que ayuda para el\namamantamiento, mantas y as\u00ed un sinf\u00edn de otras cosas, que sin duda es gran\naporte para las mam\u00e1s y favorece la estimulaci\u00f3n de los bebes\u201d, expres\u00f3 la\nSEREMI, Doris Osses.&nbsp;&nbsp; <\/p>\n\n\n\n<p>Por su parte, el Director del\nHospital, Luis Alberto P\u00e9rez Ojeda, quien comparti\u00f3 con las familias y les\nentreg\u00f3 los mejores deseos para esta nueva etapa. \u201cRecibir a un hijo es sin\nduda una alegr\u00eda y un gran desaf\u00edo para los padres, por eso es muy grato poder\nvisitar a las madres que se encuentran ac\u00e1, sobre todo aquellas que tuvieron\nsus hijos en las primeras horas del nuevo a\u00f1o. Como instituci\u00f3n nos preocupamos\nde hacer que todo este proceso sea lo m\u00e1s amigable posible por eso&nbsp; privilegiamos todas las instancias que\nfavorezcan el apego y que brinden tranquilidad a las familias. Hoy estamos muy\nalegres de haber recibido sin complicaciones a dos nuevos integrantes de\nnuestra comunidad \u00f1ublensina.\u201d.<\/p>\n\n\n\n<p>Cada a\u00f1o en el Hospital se\natienden en promedio m\u00e1s dos mil partos. Si bien, cada experiencia es\ndiferente, en general todas las familias sienten una gran ansiedad al\nenfrentarse a la llegada de un nuevo integrante, raz\u00f3n por la cual el servicio\ncuenta con un equipo de profesionales y t\u00e9cnicos &nbsp;para orientarlos en todo momento, que se\ninicia con la realizaci\u00f3n de visitas previas a la maternidad, presencia de un\nacompa\u00f1ante significativo durante el per\u00edodo de su preparto y parto, apego\ntemprano &nbsp;y contacto piel a piel desde el\nnacimiento, as\u00ed como tambi\u00e9n fomento y asistencia de la lactancia materna\nexclusiva, entre otros.<\/p>\n","protected":false},"excerpt":{"rendered":"<p>En total fueron cuatro los nacimientos que hubo en el Hospital la madrugada de este a\u00f1o<\/p>\n","protected":false},"author":3,"featured_media":6461,"comment_status":"open","ping_status":"closed","sticky":false,"template":"","format":"standard","meta":{"_acf_changed":false,"_monsterinsights_skip_tracking":false,"_monsterinsights_sitenote_active":false,"_monsterinsights_sitenote_note":"","_monsterinsights_sitenote_category":0,"footnotes":""},"categories":[4],"tags":[],"class_list":["post-6460","post","type-post","status-publish","format-standard","has-post-thumbnail","hentry","category-noticias"],"acf":[],"publishpress_future_action":{"enabled":false,"date":"2026-05-08 20:44:22","action":"change-status","newStatus":"draft","terms":[],"taxonomy":"category","extraData":[]},"publishpress_future_workflow_manual_trigger":{"enabledWorkflows":[]},"_links":{"self":[{"href":"https:\/\/hospitaldechillan.cl\/web\/wp-json\/wp\/v2\/posts\/6460","targetHints":{"allow":["GET"]}}],"collection":[{"href":"https:\/\/hospitaldechillan.cl\/web\/wp-json\/wp\/v2\/posts"}],"about":[{"href":"https:\/\/hospitaldechillan.cl\/web\/wp-json\/wp\/v2\/types\/post"}],"author":[{"embeddable":true,"href":"https:\/\/hospitaldechillan.cl\/web\/wp-json\/wp\/v2\/users\/3"}],"replies":[{"embeddable":true,"href":"https:\/\/hospitaldechillan.cl\/web\/wp-json\/wp\/v2\/comments?post=6460"}],"version-history":[{"count":0,"href":"https:\/\/hospitaldechillan.cl\/web\/wp-json\/wp\/v2\/posts\/6460\/revisions"}],"wp:featuredmedia":[{"embeddable":true,"href":"https:\/\/hospitaldechillan.cl\/web\/wp-json\/wp\/v2\/media\/6461"}],"wp:attachment":[{"href":"https:\/\/hospitaldechillan.cl\/web\/wp-json\/wp\/v2\/media?parent=6460"}],"wp:term":[{"taxonomy":"category","embeddable":true,"href":"https:\/\/hospitaldechillan.cl\/web\/wp-json\/wp\/v2\/categories?post=6460"},{"taxonomy":"post_tag","embeddable":true,"href":"https:\/\/hospitaldechillan.cl\/web\/wp-json\/wp\/v2\/tags?post=6460"}],"curies":[{"name":"wp","href":"https:\/\/api.w.org\/{rel}","templated":true}]}}