{"id":6438,"date":"2019-12-12T14:58:46","date_gmt":"2019-12-12T18:58:46","guid":{"rendered":"http:\/\/hospitaldechillan.cl\/web\/?p=6438"},"modified":"2019-12-12T14:58:48","modified_gmt":"2019-12-12T18:58:48","slug":"hospital-reconoce-el-trabajo-de-organizaciones-de-voluntarias","status":"publish","type":"post","link":"https:\/\/hospitaldechillan.cl\/web\/hospital-reconoce-el-trabajo-de-organizaciones-de-voluntarias\/","title":{"rendered":"Hospital reconoce el trabajo de organizaciones de voluntarias"},"content":{"rendered":"\n<p>A diario transitan por el Hospital Cl\u00ednico Herminda Mart\u00edn m\u00e1s de 120 voluntarias, en un ajetreo incesante y en las m\u00e1s variadas actividades, que van desde ser el nexo entre los pacientes y sus familias, hasta ser compa\u00f1\u00eda y apoyo emocional, especialmente de aquellas personas que se encuentran solas o alejadas de sus redes de apoyo. \u00a0Adem\u00e1s, de forma altruista, se ocupan de ayudar materialmente cuando los pacientes requieren art\u00edculos personales, medicamentos, alimentos especiales o traslados.<a> <\/a><\/p>\n\n\n\n<p>Son en su mayor\u00eda\nmujeres, reunidas en nueve agrupaciones, que han decidido dedicar parte de su\ntiempo y energ\u00eda al cuidado de otros y a hacer m\u00e1s llevadera su estad\u00eda en el\nhospital. &nbsp;Hoy, recibieron el\nreconocimiento de la comunidad hospitalaria, por su colaboraci\u00f3n desinteresada<\/p>\n\n\n\n<p>\u201cCada\nagrupaci\u00f3n tiene un perfil distinto, que las hace ser \u00fanicas apoyando y\ncomplementando el trabajo del equipo de salud, en distintos servicios como\nmedicina, neurolog\u00eda, oncolog\u00eda o cirug\u00eda. Esa diversidad es fuente de\nexperiencia y aprendizaje que nos enriquece\u201d, comenta el director del Hospital\nLuis Alberto P\u00e9rez. <\/p>\n\n\n\n<p>Agrega\nque \u201cno es posible concebir la historia de la salud p\u00fablica chilena sin el\nvoluntariado; es una parte vital del quehacer cotidiano de los centros\nasistenciales\u201d.<\/p>\n\n\n\n<p>Y\nas\u00ed lo entienden las diferentes las voluntarias como Amanda \u00c1lvarez quien lleva\n22 con las damas de rosado y en todos estos a\u00f1os dice que ha aprendido mucho,\nsobre todo \u201cdel trabajo directo que uno hace con el paciente, pues yo considero\nes un privilegio, ya que conversamos con ellos y los alentamos&nbsp; para que su recuperaci\u00f3n sea lo mejor posible\nentreg\u00e1ndoles todo el cari\u00f1o que en ese momento necesitan. Yo agradezco al\nhospital que nos permite apoyar su gesti\u00f3n cl\u00ednica y como nos consideran pues\nnos sentimos parte de la Instituci\u00f3n\u201d, manifest\u00f3.&nbsp; <\/p>\n\n\n\n<p>Para\nTeresa Viveros, voluntaria de las damas de celeste, estos 21 a\u00f1os de servicio de\nhan sido hermosos ya que \u201cforman parte importante de mi vida, no puedo\nimaginarme sin venir y aportar mi granito de arena a la recuperaci\u00f3n de\npacientes. Me siento totalmente comprometida con mi labor, me hace muy feliz y\na la vez agradezco poder ayudar en este gran hospital, pues he podido aprender\ncosas nuevas pero tambi\u00e9n, &nbsp;ense\u00f1ar y\napoyar a los pacientes que lo necesitan\u201d, asegur\u00f3.<\/p>\n\n\n\n<figure class=\"wp-block-image\"><img loading=\"lazy\" decoding=\"async\" width=\"640\" height=\"360\" src=\"https:\/\/hospitaldechillan.cl\/web\/wp-content_Hos\/uploads\/2019\/12\/2web-640x360.jpg\" alt=\"\" class=\"wp-image-6440\" srcset=\"https:\/\/hospitaldechillan.cl\/web\/wp-content\/uploads\/2019\/12\/2web-640x360.jpg 640w, https:\/\/hospitaldechillan.cl\/web\/wp-content\/uploads\/2019\/12\/2web-768x432.jpg 768w, https:\/\/hospitaldechillan.cl\/web\/wp-content\/uploads\/2019\/12\/2web-1200x675.jpg 1200w, https:\/\/hospitaldechillan.cl\/web\/wp-content\/uploads\/2019\/12\/2web.jpg 1600w\" sizes=\"auto, (max-width: 640px) 100vw, 640px\" \/><\/figure>\n\n\n\n<p><strong>Entrega de credenciales<\/strong><\/p>\n\n\n\n<p>En\nla ceremonia, todas las voluntarias recibieron las credenciales que acreditan\nsu recoconocimiento como integrantes de la comunidad hospitalaria. &nbsp;\u201cAunque nos han acompa\u00f1ado por a\u00f1os o d\u00e1cadas,\nen algunos casos, es primera ve, que cuentan con esta identificaci\u00f3n oficial,\nexplica la encargada de Participaic\u00f3n Social del Hospital, Susana Y\u00e1\u00f1ez. <\/p>\n\n\n\n<p>En\nel principal establecimiento de salud de la regi\u00f3n de \u00d1uble est\u00e1n presentes las\nsiguientes agrupaciones: <\/p>\n\n\n\n<p>Damas\nde Blanco, Damas de Rosado, Damas de Verde, Damas de Gris, Damas de Rojo, Corporaci\u00f3n\nde Voluntarias Antirreumatismo, Voluntariado de Apoyo Espiritual, Damas de\nCeleste &nbsp;y la Fundaci\u00f3n Ra\u00fal Godoy Soto. <\/p>\n","protected":false},"excerpt":{"rendered":"<p>Desinteresadamente entregan parte de su tiempo, experiencia y compa\u00f1\u00eda a los usuarios que se atienden tanto en las \u00e1reas de hospitalizaci\u00f3n como ambulatoria. <\/p>\n","protected":false},"author":3,"featured_media":6439,"comment_status":"open","ping_status":"closed","sticky":false,"template":"","format":"standard","meta":{"_acf_changed":false,"_monsterinsights_skip_tracking":false,"_monsterinsights_sitenote_active":false,"_monsterinsights_sitenote_note":"","_monsterinsights_sitenote_category":0,"footnotes":""},"categories":[4],"tags":[],"class_list":["post-6438","post","type-post","status-publish","format-standard","has-post-thumbnail","hentry","category-noticias"],"acf":[],"publishpress_future_action":{"enabled":false,"date":"2026-05-07 16:37:50","action":"change-status","newStatus":"draft","terms":[],"taxonomy":"category","extraData":[]},"publishpress_future_workflow_manual_trigger":{"enabledWorkflows":[]},"_links":{"self":[{"href":"https:\/\/hospitaldechillan.cl\/web\/wp-json\/wp\/v2\/posts\/6438","targetHints":{"allow":["GET"]}}],"collection":[{"href":"https:\/\/hospitaldechillan.cl\/web\/wp-json\/wp\/v2\/posts"}],"about":[{"href":"https:\/\/hospitaldechillan.cl\/web\/wp-json\/wp\/v2\/types\/post"}],"author":[{"embeddable":true,"href":"https:\/\/hospitaldechillan.cl\/web\/wp-json\/wp\/v2\/users\/3"}],"replies":[{"embeddable":true,"href":"https:\/\/hospitaldechillan.cl\/web\/wp-json\/wp\/v2\/comments?post=6438"}],"version-history":[{"count":0,"href":"https:\/\/hospitaldechillan.cl\/web\/wp-json\/wp\/v2\/posts\/6438\/revisions"}],"wp:featuredmedia":[{"embeddable":true,"href":"https:\/\/hospitaldechillan.cl\/web\/wp-json\/wp\/v2\/media\/6439"}],"wp:attachment":[{"href":"https:\/\/hospitaldechillan.cl\/web\/wp-json\/wp\/v2\/media?parent=6438"}],"wp:term":[{"taxonomy":"category","embeddable":true,"href":"https:\/\/hospitaldechillan.cl\/web\/wp-json\/wp\/v2\/categories?post=6438"},{"taxonomy":"post_tag","embeddable":true,"href":"https:\/\/hospitaldechillan.cl\/web\/wp-json\/wp\/v2\/tags?post=6438"}],"curies":[{"name":"wp","href":"https:\/\/api.w.org\/{rel}","templated":true}]}}