{"id":6363,"date":"2019-11-01T15:05:24","date_gmt":"2019-11-01T19:05:24","guid":{"rendered":"http:\/\/hospitaldechillan.cl\/web\/?p=6363"},"modified":"2019-11-13T10:31:49","modified_gmt":"2019-11-13T14:31:49","slug":"comenzaron-las-excavaciones-en-el-terreno-donde-se-construira-el-nuevo-hospital-regional-de-nuble","status":"publish","type":"post","link":"https:\/\/hospitaldechillan.cl\/web\/comenzaron-las-excavaciones-en-el-terreno-donde-se-construira-el-nuevo-hospital-regional-de-nuble\/","title":{"rendered":"Comenzaron las excavaciones en el terreno donde se construir\u00e1 el Nuevo Hospital Regional de \u00d1uble"},"content":{"rendered":"\n<p>El Intendente de la Regi\u00f3n de \u00d1uble, Mart\u00edn Arrau, junto al Director (s) del Servicio de Salud \u00d1uble, Ricardo S\u00e1nchez, oficializaron el inicio de las excavaciones en el primer sector del terreno donde se construir\u00e1 el Nuevo Hospital Regional de \u00d1uble.<\/p>\n\n\n\n<p>En compa\u00f1\u00eda de los funcionarios del Servicio de Salud \u00d1uble (SS\u00d1), de los directivos del Hospital Cl\u00ednico Herminda Mart\u00edn y de los trabajadores del Grupo INSO, las autoridades regionales destacaron el nuevo hito que permitir\u00e1 avanzar en el despeje total del lugar e iniciar la megaobra de 128 mil metros cuadrados.<\/p>\n\n\n\n<p>Junto con agradecer la exhaustiva labor y el compromiso del equipo que labora en el proyecto, el Intendente Mart\u00edn Arrau expres\u00f3 que: \u201cEstamos muy contentos porque las obras de excavaci\u00f3n, son reflejo de otro gran paso en la concreci\u00f3n del proyecto de salud m\u00e1s grande de la Regi\u00f3n, es un hecho concreto que demuestra que \u00d1uble avanza. Hemos estado presentes en cada hito de este anhelado sue\u00f1o, por tanto, nos enorgullece compartir con la comunidad el inicio de las excavaciones profundas, tras el t\u00e9rmino del estudio arqueol\u00f3gico en el primero de los cinco sectores donde se emplazar\u00e1 la edificaci\u00f3n asistencial\u201d, expres\u00f3.<\/p>\n\n\n\n<p>El 12 de agosto el Servicio de Salud \u00d1uble entreg\u00f3 el terreno a la empresa INSO, hito que permiti\u00f3 desarrollar la demolici\u00f3n de todas las estructuras que exist\u00edan en el lugar, tal como explic\u00f3 el Director (s) del SS\u00d1, Ricardo S\u00e1nchez Opazo, \u201cDesde entonces se inici\u00f3 la cuenta regresiva de los 1.460 d\u00edas para la entrega del Nuevo Hospital, por lo cual las faenas se han desarrollado arduamente, tanto en el rescate arqueol\u00f3gico como en el despeje del terreno. Eso permiti\u00f3 que el Consejo de Monumentos Nacionales diera el visto bueno para iniciar las excavaciones masivas en este, el sector A, lo que sin duda es importante, pues damos un paso m\u00e1s para ver concretada esta anhelada obra de salud\u201d, dijo el directivo.<\/p>\n\n\n\n<figure class=\"wp-block-image\"><img loading=\"lazy\" decoding=\"async\" width=\"640\" height=\"360\" src=\"https:\/\/hospitaldechillan.cl\/web\/wp-content_Hos\/uploads\/2019\/11\/web2-1-640x360.jpg\" alt=\"\" class=\"wp-image-6365\" srcset=\"https:\/\/hospitaldechillan.cl\/web\/wp-content\/uploads\/2019\/11\/web2-1-640x360.jpg 640w, https:\/\/hospitaldechillan.cl\/web\/wp-content\/uploads\/2019\/11\/web2-1-768x432.jpg 768w, https:\/\/hospitaldechillan.cl\/web\/wp-content\/uploads\/2019\/11\/web2-1-1200x675.jpg 1200w, https:\/\/hospitaldechillan.cl\/web\/wp-content\/uploads\/2019\/11\/web2-1.jpg 1600w\" sizes=\"auto, (max-width: 640px) 100vw, 640px\" \/><\/figure>\n\n\n\n<p>Caracter\u00edsticas Nuevo Hospital Regional de \u00d1uble<\/p>\n\n\n\n<p>El futuro centro asistencial ser\u00e1 la primera gran inversi\u00f3n p\u00fablica de la Regi\u00f3n de \u00d1uble, en total m\u00e1s de $200 mil millones para la construcci\u00f3n de 128 mil metros cuadrados que contar\u00e1 nuevos est\u00e1ndares de calidad, que incluyen eficiencia energ\u00e9tica, equipamiento con tecnolog\u00eda de \u00faltima generaci\u00f3n, espacios amigables para humanizar el trato, construcciones sismo- resistentes, con pertinencia cultural, entre otras caracter\u00edsticas.<\/p>\n\n\n\n<p>El recinto de salud, contar\u00e1 con 530 camas, aumentar\u00e1 al doble las camas cr\u00edticas; 14 pabellones; 5 salas de parto integral; centro de Atenci\u00f3n Ambulatoria de Especialidades M\u00e9dicas y Odontol\u00f3gicas; salas de hospitalizaci\u00f3n de 64 metros cuadrados, con el fin de brindar mayor comodidad a los usuarios.<\/p>\n\n\n\n<p>Pero adem\u00e1s tendr\u00e1 m\u00e1s m\u00e9dicos especialistas y nuevos servicios como la Unidad de Hemodinamia; Servicio de psiquiatr\u00eda para ni\u00f1os\/as y adolescentes y una remozada unidad de oncolog\u00eda.<\/p>\n\n\n\n<p><a href=\"https:\/\/www.serviciodesaludnuble.cl\/sitio\/comenzaron-las-excavaciones-en-el-terreno-donde-se-construira-el-nuevo-hospital-regional-de-nuble\/\">Fuente: Servicio de Salud \u00d1uble<\/a><\/p>\n","protected":false},"excerpt":{"rendered":"<p>Tras el t\u00e9rmino del estudio arqueol\u00f3gico en el primer sector, se iniciaron las excavaciones profundas, lo que permitir\u00e1 avanzar hacia el despeje total del pa\u00f1o ubicado en Avda. O\u2019Higgins con Rosauro Acu\u00f1a.<\/p>\n","protected":false},"author":3,"featured_media":6364,"comment_status":"open","ping_status":"closed","sticky":false,"template":"","format":"standard","meta":{"_acf_changed":false,"_monsterinsights_skip_tracking":false,"_monsterinsights_sitenote_active":false,"_monsterinsights_sitenote_note":"","_monsterinsights_sitenote_category":0,"footnotes":""},"categories":[4],"tags":[],"class_list":["post-6363","post","type-post","status-publish","format-standard","has-post-thumbnail","hentry","category-noticias"],"acf":[],"publishpress_future_action":{"enabled":false,"date":"2026-05-10 10:12:37","action":"change-status","newStatus":"draft","terms":[],"taxonomy":"category","extraData":[]},"publishpress_future_workflow_manual_trigger":{"enabledWorkflows":[]},"_links":{"self":[{"href":"https:\/\/hospitaldechillan.cl\/web\/wp-json\/wp\/v2\/posts\/6363","targetHints":{"allow":["GET"]}}],"collection":[{"href":"https:\/\/hospitaldechillan.cl\/web\/wp-json\/wp\/v2\/posts"}],"about":[{"href":"https:\/\/hospitaldechillan.cl\/web\/wp-json\/wp\/v2\/types\/post"}],"author":[{"embeddable":true,"href":"https:\/\/hospitaldechillan.cl\/web\/wp-json\/wp\/v2\/users\/3"}],"replies":[{"embeddable":true,"href":"https:\/\/hospitaldechillan.cl\/web\/wp-json\/wp\/v2\/comments?post=6363"}],"version-history":[{"count":0,"href":"https:\/\/hospitaldechillan.cl\/web\/wp-json\/wp\/v2\/posts\/6363\/revisions"}],"wp:featuredmedia":[{"embeddable":true,"href":"https:\/\/hospitaldechillan.cl\/web\/wp-json\/wp\/v2\/media\/6364"}],"wp:attachment":[{"href":"https:\/\/hospitaldechillan.cl\/web\/wp-json\/wp\/v2\/media?parent=6363"}],"wp:term":[{"taxonomy":"category","embeddable":true,"href":"https:\/\/hospitaldechillan.cl\/web\/wp-json\/wp\/v2\/categories?post=6363"},{"taxonomy":"post_tag","embeddable":true,"href":"https:\/\/hospitaldechillan.cl\/web\/wp-json\/wp\/v2\/tags?post=6363"}],"curies":[{"name":"wp","href":"https:\/\/api.w.org\/{rel}","templated":true}]}}