{"id":6358,"date":"2019-11-11T15:53:10","date_gmt":"2019-11-11T19:53:10","guid":{"rendered":"http:\/\/hospitaldechillan.cl\/web\/?p=6358"},"modified":"2019-11-11T16:43:21","modified_gmt":"2019-11-11T20:43:21","slug":"hospital-de-chillan-incorpora-tecnologia-de-punta-para-cirugia-oftalmologica","status":"publish","type":"post","link":"https:\/\/hospitaldechillan.cl\/web\/hospital-de-chillan-incorpora-tecnologia-de-punta-para-cirugia-oftalmologica\/","title":{"rendered":"Hospital de Chill\u00e1n incorpora tecnolog\u00eda de punta para cirug\u00eda oftalmol\u00f3gica"},"content":{"rendered":"\n<p>Solo hay dos equipos para el diagn\u00f3stico y tratamiento en\nvitreoretina en la red p\u00fablica de salud del pa\u00eds y uno de estos est\u00e1 en el\nHospital Cl\u00ednico Herminda Mart\u00edn de Chill\u00e1n (HCHM), tecnolog\u00eda que hoy fue\ninaugurada con la presencia del Intendente, autoridades de salud y los\nespecialistas referentes en la materia. <\/p>\n\n\n\n<p>El equipo es fundamental para resolver graves problemas de\nsalud oftalmol\u00f3gicos, incluidos aquellos que est\u00e1n en el sistema de Garant\u00edas\nExpl\u00edcitas en Salud (GES). Casos como el desprendimiento de retina, traumas\noculares graves, la retinopat\u00eda diab\u00e9tica y sus complicaciones, tumores\noculares, entre otras patolog\u00edas, tienen soluci\u00f3n hoy en \u00d1uble,&nbsp; gracias a esta inversi\u00f3n y al recurso humano\ncapacitado, pues el Dr. Esteban Nauto es el primer y \u00fanico oftalm\u00f3logo\nespecializado en retinolog\u00eda en la Regi\u00f3n. <\/p>\n\n\n\n<p>El especialista explic\u00f3 que la t\u00e9cnica de microcirug\u00eda ocular permite \u201cextraer el vitro \u2013gel transparente que rellena la cavidad ocular- y tambi\u00e9n sacar objetos extra\u00f1os desde el interior del ojo ya sea por una lesi\u00f3n o quitar alguna sustancia extra\u00f1a, elementos que impiden el correcto enfoque de la luz en la retina. Antes deb\u00edamos derivar a los usuarios a otros establecimientos de salud, donde primero ingresaban a una lista de espera, lo que se trasformaba en una complicaci\u00f3n, con este moderno vitrector estimamos poder resolver la problem\u00e1tica de salud visual de m\u00e1s de 150 personas al a\u00f1o,\u00a0 evitando adem\u00e1s su traslado a otras ciudades\u201d.<\/p>\n\n\n\n<p>Seg\u00fan expres\u00f3 el Director del HCHM, Luis Alberto P\u00e9rez Ojeda,\nel&nbsp; nuevo equipamiento de diagn\u00f3stico y\ntratamiento m\u00e9dico-quir\u00fargico en vitreoretina \u201cha permitido realizar 18\nintervenciones de alta precisi\u00f3n, corrigiendo los problemas de visi\u00f3n de\nnuestros usuarios y por cierto, mejorando su calidad de vida. En algunos a\u00f1os\nm\u00e1s, contaremos con este gran y moderno complejo hospitalario, pero no podemos\ndetener el avance de nuestro actual establecimiento, por eso constantemente\nestamos buscando nuevas alternativas terap\u00e9uticas para nuestros usuarios, como\nen este caso, donde hicimos una gran&nbsp;\ninversi\u00f3n cercana a los 200 millones de pesos\u201d. <\/p>\n\n\n\n<p>En esa misma l\u00ednea el Intendente de la Regi\u00f3n de \u00d1uble,\nMart\u00edn Arrau Garc\u00eda Huidobro, manifest\u00f3 que \u201cConstantemente estamos recorriendo\ntodas las comunas de \u00d1uble y si bien recibimos algunos reclamos sobre las\natenciones, tambi\u00e9n sabemos que detr\u00e1s de cada equipo hay mucho trabajo y que\nefectivamente las exigencias de salud son cada vez mayores, pero eso hay que\ndestacar lo positivo, sobre todo en la gesti\u00f3n, donde existen equipos comprometidos\nque trabajan sin descanso para darle atenci\u00f3n a nuestros pacientes,\nmaterializan sus ideas en nuevos proyectos que disminuyen la espera de los\nusuarios y su traslado a otras ciudades. Tenemos que resaltar todo lo que hemos\navanzado en salud desde que somos Regi\u00f3n, por eso nuestro compromiso es seguir\nimpulsando una gran cantidad de proyectos que nos permitan brindar una mejor\natenci\u00f3n a nuestros vecinos\u201d<\/p>\n\n\n\n<p>Si bien, la vitrectom\u00eda es una\ncirug\u00eda compleja, puede ser ambulatoria ya que en muchos casos no requiere\nhospitalizaci\u00f3n. No obstante, si necesita un control post operatorio al d\u00eda\nsiguiente de realizada&nbsp; y otros hasta\ncompletar el mes. <\/p>\n\n\n\n<figure class=\"wp-block-image\"><img loading=\"lazy\" decoding=\"async\" width=\"640\" height=\"360\" src=\"https:\/\/hospitaldechillan.cl\/web\/wp-content_Hos\/uploads\/2019\/11\/web2-640x360.jpg\" alt=\"\" class=\"wp-image-6360\" srcset=\"https:\/\/hospitaldechillan.cl\/web\/wp-content\/uploads\/2019\/11\/web2-640x360.jpg 640w, https:\/\/hospitaldechillan.cl\/web\/wp-content\/uploads\/2019\/11\/web2-768x432.jpg 768w, https:\/\/hospitaldechillan.cl\/web\/wp-content\/uploads\/2019\/11\/web2-1200x675.jpg 1200w, https:\/\/hospitaldechillan.cl\/web\/wp-content\/uploads\/2019\/11\/web2.jpg 1600w\" sizes=\"auto, (max-width: 640px) 100vw, 640px\" \/><\/figure>\n\n\n\n<p><strong><br>\nPrimera vitrectom\u00eda <\/strong><\/p>\n\n\n\n<p>Luego de ser diagnosticada con retinopat\u00eda diab\u00e9tica y sufrir\npor meses problemas para visualizar con su ojo izquierdo, Rosa Alarc\u00f3n,\nfue la primera usuaria de \u00d1uble en atenderse con la nueva tecnolog\u00eda. Ella\nvivi\u00f3 un a\u00f1o y 5 meses con el diagn\u00f3stico de retinopat\u00eda diab\u00e9tica, cuyos principales s\u00edntomas son visi\u00f3n\nborrosa, alterada o p\u00e9rdidas de ella, adem\u00e1s de un fen\u00f3meno que se conoce como\nmoscas volantes, que son manchas oscuras que flotan en la vista. <\/p>\n\n\n\n<p>Tras ser intervenida bajo el moderno procedimiento que le\npermiti\u00f3 dejar de ver \u201cnubloso y con manchas de sangre\u201d, ella expres\u00f3 su\nalegr\u00eda de poder recuperar parte de su visi\u00f3n pues con mi ojo izquierdo no ve\u00eda\nnada, solo una mancha de sangre y aunque mi otro ojo tiene visi\u00f3n, cuando\nrealizaba tareas cotidianas como salir a comprar frecuentemente me ca\u00eda, por\neso, estoy muy agradecida, pues desde la intervenci\u00f3n me siento muy bien y de a\npoco veo mejor\u201d. <\/p>\n","protected":false},"excerpt":{"rendered":"<p>Inversi\u00f3n por 200 millones permite realizar intervenciones para patolog\u00edas visuales que hasta ahora ten\u00edan que ser derivadas al Hospital base de Concepci\u00f3n.<\/p>\n","protected":false},"author":3,"featured_media":6359,"comment_status":"open","ping_status":"closed","sticky":false,"template":"","format":"standard","meta":{"_acf_changed":false,"_monsterinsights_skip_tracking":false,"_monsterinsights_sitenote_active":false,"_monsterinsights_sitenote_note":"","_monsterinsights_sitenote_category":0,"footnotes":""},"categories":[4],"tags":[],"class_list":["post-6358","post","type-post","status-publish","format-standard","has-post-thumbnail","hentry","category-noticias"],"acf":[],"publishpress_future_action":{"enabled":false,"date":"2026-05-08 17:22:50","action":"change-status","newStatus":"draft","terms":[],"taxonomy":"category","extraData":[]},"publishpress_future_workflow_manual_trigger":{"enabledWorkflows":[]},"_links":{"self":[{"href":"https:\/\/hospitaldechillan.cl\/web\/wp-json\/wp\/v2\/posts\/6358","targetHints":{"allow":["GET"]}}],"collection":[{"href":"https:\/\/hospitaldechillan.cl\/web\/wp-json\/wp\/v2\/posts"}],"about":[{"href":"https:\/\/hospitaldechillan.cl\/web\/wp-json\/wp\/v2\/types\/post"}],"author":[{"embeddable":true,"href":"https:\/\/hospitaldechillan.cl\/web\/wp-json\/wp\/v2\/users\/3"}],"replies":[{"embeddable":true,"href":"https:\/\/hospitaldechillan.cl\/web\/wp-json\/wp\/v2\/comments?post=6358"}],"version-history":[{"count":0,"href":"https:\/\/hospitaldechillan.cl\/web\/wp-json\/wp\/v2\/posts\/6358\/revisions"}],"wp:featuredmedia":[{"embeddable":true,"href":"https:\/\/hospitaldechillan.cl\/web\/wp-json\/wp\/v2\/media\/6359"}],"wp:attachment":[{"href":"https:\/\/hospitaldechillan.cl\/web\/wp-json\/wp\/v2\/media?parent=6358"}],"wp:term":[{"taxonomy":"category","embeddable":true,"href":"https:\/\/hospitaldechillan.cl\/web\/wp-json\/wp\/v2\/categories?post=6358"},{"taxonomy":"post_tag","embeddable":true,"href":"https:\/\/hospitaldechillan.cl\/web\/wp-json\/wp\/v2\/tags?post=6358"}],"curies":[{"name":"wp","href":"https:\/\/api.w.org\/{rel}","templated":true}]}}