{"id":6081,"date":"2019-09-23T15:50:08","date_gmt":"2019-09-23T19:50:08","guid":{"rendered":"http:\/\/hospitaldechillan.cl\/web\/?p=6081"},"modified":"2019-09-23T15:52:06","modified_gmt":"2019-09-23T19:52:06","slug":"donacion-de-organos-en-el-hospital-de-chillan-inspiro-cortometraje","status":"publish","type":"post","link":"https:\/\/hospitaldechillan.cl\/web\/donacion-de-organos-en-el-hospital-de-chillan-inspiro-cortometraje\/","title":{"rendered":"Donaci\u00f3n de \u00f3rganos en el Hospital de Chill\u00e1n inspir\u00f3 cortometraje"},"content":{"rendered":"\n<p>Historias como la de Valent\u00edn Flores, quien a sus 9 a\u00f1os\nsufri\u00f3 la p\u00e9rdida de su madre, Ximena luego de que ella cursara un accidente\ncerebrovascular y falleciera debido a la gravedad del evento, ocasi\u00f3n en la que\nel ni\u00f1o pese a su sentimiento, respet\u00f3 la voluntad que ella le hab\u00eda confiado\nen vida e impuls\u00f3 con esto la donaci\u00f3n de \u00f3rganos, siendo por un ejemplo digno\nde imitar.&nbsp; <\/p>\n\n\n\n<p>Este hecho ver\u00eddico fue el que inspir\u00f3 el cortometraje <strong>Un D\u00eda mi mam\u00e1<\/strong>, donde en 21 minutos los actores exhibieron lo acontecido hace ya dos a\u00f1os, que contin\u00faa presente en la vida de la familia Flores, y que les permiti\u00f3 cambiar su visi\u00f3n sobre el proceso de donaci\u00f3n, que es un gesto de amor que favorece a quien m\u00e1s lo necesitan. <\/p>\n\n\n\n<p>Esta obra audiovisual, se realiz\u00f3 mediante el <strong>Proyecto Yo Dono<\/strong>, que une en alianza de cooperaci\u00f3n a la Escuela Los H\u00e9roes y al Hospital Cl\u00ednico Herminda Mart\u00edn, siendo financiado conjuntamente por la Seremi de las Culturas, las Artes y el Patrimonio, Teatro Municipal de Chill\u00e1n, Asociaci\u00f3n y Federaci\u00f3n de Enfermeras, Cine Hoyts y Cl\u00ednica Chill\u00e1n. <\/p>\n\n\n\n<p>El corto fue presentado oficialmente en la Gran Sala del teatro Municipal de Chill\u00e1n, con una masiva asistencia de escolares y de autoridades del <strong>Hospital Cl\u00ednico Herminda Mart\u00edn<\/strong>, la Escuela Los H\u00e9roes, la Direcci\u00f3n Municipal de Educaci\u00f3n y del Servicio de Salud \u00d1uble. <\/p>\n\n\n\n<p>En la ocasi\u00f3n el Director del HCHM, Luis Alberto P\u00e9rez Ojeda,\nresalt\u00f3 la importancia de relevar la donaci\u00f3n de \u00f3rganos y m\u00e1s que todo generar\nuna cultura diferente que impulse el proceso, todo mediante el gesto altruista\nde un ni\u00f1o que es junto a su familia un ejemplo digno de imitar.&nbsp; \u201cComo Hospital, estamos comprometidos con el\ntema de la procuraci\u00f3n, y queda de manifiesto en estrategias como esta\nproducci\u00f3n audiovisual, donde adem\u00e1s de salud, est\u00e1n involucrados sectores como\nEducaci\u00f3n y Cultura, que permite generar eventos como estos donde se re\u00fanen\nmuchos j\u00f3venes, porque de esta manera seguimos avanzando y sumando a los 362\ntrasplantes que han sido posible gracias a los 128 donantes efectivos en el\npa\u00eds\u201d. <\/p>\n\n\n\n<figure class=\"wp-block-image\"><img loading=\"lazy\" decoding=\"async\" width=\"640\" height=\"360\" src=\"https:\/\/hospitaldechillan.cl\/web\/wp-content_Hos\/uploads\/2019\/09\/un-d\u00eda-mi-mam\u00e1-640x360.jpg\" alt=\"\" class=\"wp-image-6083\" srcset=\"https:\/\/hospitaldechillan.cl\/web\/wp-content\/uploads\/2019\/09\/un-d\u00eda-mi-mam\u00e1-640x360.jpg 640w, https:\/\/hospitaldechillan.cl\/web\/wp-content\/uploads\/2019\/09\/un-d\u00eda-mi-mam\u00e1-768x432.jpg 768w, https:\/\/hospitaldechillan.cl\/web\/wp-content\/uploads\/2019\/09\/un-d\u00eda-mi-mam\u00e1-1200x675.jpg 1200w, https:\/\/hospitaldechillan.cl\/web\/wp-content\/uploads\/2019\/09\/un-d\u00eda-mi-mam\u00e1.jpg 1600w\" sizes=\"auto, (max-width: 640px) 100vw, 640px\" \/><\/figure>\n\n\n\n<p>La familia de Valent\u00edn, sus abuelos maternos Gabriel Flores y\nAna Mar\u00eda Sotelo, provenientes de Santiago estuvieron presentes en la\nactividad, momento en el que &nbsp;Valent\u00edn, hizo\nun llamado a todos los ni\u00f1os y ni\u00f1as a conversar sobre el tema, y a las\nfamilias a respetar las decisiones en un instante tan cr\u00edtico como es el\nfallecimiento de un ser querido. <\/p>\n\n\n\n<p>Asimismo, la Directora de la Escuela Los H\u00e9roes, Ver\u00f3nica\nPalacios, destac\u00f3 el trabajo en conjunto que se realiz\u00f3 durante 2019, con la\nDirecci\u00f3n general del profesor Luis Norambuena y de Valeska Williams como\ndirectora actoral y guionista, todo con producci\u00f3n de Gabriela Espinoza,\nenfermera de la Unidad de Donaci\u00f3n y Procuraci\u00f3n de \u00f3rganos y Tejidos. \u201cEl foco\ndel proyecto en que estamos involucrados, es sin duda, sensibilizar a la\ncomunidad mediante el trabajo que los ni\u00f1os realizan en sus escuelas, guiados\npor nuestros profesores, quienes les impulsan a desarrollar sus aptitudes y\nvalores\u201d, sentenci\u00f3. <\/p>\n","protected":false},"excerpt":{"rendered":"<p>Un d\u00eda mi mam\u00e1 es la obra audiovisual que muestra la valent\u00eda de un peque\u00f1o, que pasando por un momento dif\u00edcil en su vida, quiso hacer respetar el deseo de su madre de ser donante, acto que le dio vida a otras personas que lo necesitaban. <\/p>\n","protected":false},"author":3,"featured_media":6082,"comment_status":"open","ping_status":"closed","sticky":false,"template":"","format":"standard","meta":{"_acf_changed":false,"_monsterinsights_skip_tracking":false,"_monsterinsights_sitenote_active":false,"_monsterinsights_sitenote_note":"","_monsterinsights_sitenote_category":0,"footnotes":""},"categories":[4],"tags":[],"class_list":["post-6081","post","type-post","status-publish","format-standard","has-post-thumbnail","hentry","category-noticias"],"acf":[],"publishpress_future_action":{"enabled":false,"date":"2026-05-07 16:42:44","action":"change-status","newStatus":"draft","terms":[],"taxonomy":"category","extraData":[]},"publishpress_future_workflow_manual_trigger":{"enabledWorkflows":[]},"_links":{"self":[{"href":"https:\/\/hospitaldechillan.cl\/web\/wp-json\/wp\/v2\/posts\/6081","targetHints":{"allow":["GET"]}}],"collection":[{"href":"https:\/\/hospitaldechillan.cl\/web\/wp-json\/wp\/v2\/posts"}],"about":[{"href":"https:\/\/hospitaldechillan.cl\/web\/wp-json\/wp\/v2\/types\/post"}],"author":[{"embeddable":true,"href":"https:\/\/hospitaldechillan.cl\/web\/wp-json\/wp\/v2\/users\/3"}],"replies":[{"embeddable":true,"href":"https:\/\/hospitaldechillan.cl\/web\/wp-json\/wp\/v2\/comments?post=6081"}],"version-history":[{"count":0,"href":"https:\/\/hospitaldechillan.cl\/web\/wp-json\/wp\/v2\/posts\/6081\/revisions"}],"wp:featuredmedia":[{"embeddable":true,"href":"https:\/\/hospitaldechillan.cl\/web\/wp-json\/wp\/v2\/media\/6082"}],"wp:attachment":[{"href":"https:\/\/hospitaldechillan.cl\/web\/wp-json\/wp\/v2\/media?parent=6081"}],"wp:term":[{"taxonomy":"category","embeddable":true,"href":"https:\/\/hospitaldechillan.cl\/web\/wp-json\/wp\/v2\/categories?post=6081"},{"taxonomy":"post_tag","embeddable":true,"href":"https:\/\/hospitaldechillan.cl\/web\/wp-json\/wp\/v2\/tags?post=6081"}],"curies":[{"name":"wp","href":"https:\/\/api.w.org\/{rel}","templated":true}]}}