{"id":6072,"date":"2019-09-17T11:26:03","date_gmt":"2019-09-17T15:26:03","guid":{"rendered":"http:\/\/hospitaldechillan.cl\/web\/?p=6072"},"modified":"2019-09-17T11:26:04","modified_gmt":"2019-09-17T15:26:04","slug":"las-fiestas-patrias-comenzaron-con-tres-pie-de-cuecas-en-el-hospital","status":"publish","type":"post","link":"https:\/\/hospitaldechillan.cl\/web\/las-fiestas-patrias-comenzaron-con-tres-pie-de-cuecas-en-el-hospital\/","title":{"rendered":"Las Fiestas Patrias comenzaron con tres pie de cuecas en el  Hospital"},"content":{"rendered":"\n<p>Con acordes de guitarras y las\nentonadas voces de los casi 30 funcionarios que componen el Conjunto Folcl\u00f3rico\nRenacer, se dio inicio a las Fiestas Patrias desde el Hospital Cl\u00ednico Herminda\nMart\u00edn, vinculando en un momento de camarader\u00eda a los funcionarios y usuarios\ndel principal recinto de salud de \u00d1uble.<\/p>\n\n\n\n<p>En el tradicional esquinazo, mediante\nel baile nacional se conmemora un nuevo aniversario&nbsp; de la Primera Junta de Gobierno en Chile. <\/p>\n\n\n\n<figure class=\"wp-block-image\"><img loading=\"lazy\" decoding=\"async\" width=\"640\" height=\"360\" src=\"https:\/\/hospitaldechillan.cl\/web\/wp-content_Hos\/uploads\/2019\/09\/esquinazo-2-640x360.jpg\" alt=\"\" class=\"wp-image-6074\" srcset=\"https:\/\/hospitaldechillan.cl\/web\/wp-content\/uploads\/2019\/09\/esquinazo-2-640x360.jpg 640w, https:\/\/hospitaldechillan.cl\/web\/wp-content\/uploads\/2019\/09\/esquinazo-2-768x432.jpg 768w, https:\/\/hospitaldechillan.cl\/web\/wp-content\/uploads\/2019\/09\/esquinazo-2-1200x675.jpg 1200w, https:\/\/hospitaldechillan.cl\/web\/wp-content\/uploads\/2019\/09\/esquinazo-2.jpg 1600w\" sizes=\"auto, (max-width: 640px) 100vw, 640px\" \/><\/figure>\n\n\n\n<p>Antes de la presentaci\u00f3n, el Director del Hospital Cl\u00ednico Herminda Mart\u00edn de Chill\u00e1n, Luis Alberto P\u00e9rez Ojeda, alab\u00f3 el profesionalismo de la agrupaci\u00f3n folcl\u00f3rica que cada a\u00f1o ameniza esta instancia de vinculaci\u00f3n con la comunidad e hizo un llamado a celebrar con moderaci\u00f3n en los d\u00edas festivos venideros. <\/p>\n\n\n\n<p>\u201cEn esta ocasi\u00f3n, al igual que en\n2018 tenemos un largo per\u00edodo festivo, y llamamos a la comunidad a festejar con\nla alegr\u00eda de siempre, pero con responsabilidad, cuidando nuestra salud y la de\nlos dem\u00e1s, especialmente a no conducir si se bebe alcohol y a comer alimentos\nsolo en lugares autorizados\u201d. <\/p>\n","protected":false},"excerpt":{"rendered":"<p>El tradicional esquinazo que interpreta el Conjunto Folcl\u00f3rico Renacer reuni\u00f3 a la comunidad hospitalaria y a los usuarios del Establecimiento en torno al baile nacional. <\/p>\n","protected":false},"author":3,"featured_media":6073,"comment_status":"open","ping_status":"closed","sticky":false,"template":"","format":"standard","meta":{"_acf_changed":false,"_monsterinsights_skip_tracking":false,"_monsterinsights_sitenote_active":false,"_monsterinsights_sitenote_note":"","_monsterinsights_sitenote_category":0,"footnotes":""},"categories":[4],"tags":[],"class_list":["post-6072","post","type-post","status-publish","format-standard","has-post-thumbnail","hentry","category-noticias"],"acf":[],"publishpress_future_action":{"enabled":false,"date":"2026-05-07 16:37:50","action":"change-status","newStatus":"draft","terms":[],"taxonomy":"category","extraData":[]},"publishpress_future_workflow_manual_trigger":{"enabledWorkflows":[]},"_links":{"self":[{"href":"https:\/\/hospitaldechillan.cl\/web\/wp-json\/wp\/v2\/posts\/6072","targetHints":{"allow":["GET"]}}],"collection":[{"href":"https:\/\/hospitaldechillan.cl\/web\/wp-json\/wp\/v2\/posts"}],"about":[{"href":"https:\/\/hospitaldechillan.cl\/web\/wp-json\/wp\/v2\/types\/post"}],"author":[{"embeddable":true,"href":"https:\/\/hospitaldechillan.cl\/web\/wp-json\/wp\/v2\/users\/3"}],"replies":[{"embeddable":true,"href":"https:\/\/hospitaldechillan.cl\/web\/wp-json\/wp\/v2\/comments?post=6072"}],"version-history":[{"count":0,"href":"https:\/\/hospitaldechillan.cl\/web\/wp-json\/wp\/v2\/posts\/6072\/revisions"}],"wp:featuredmedia":[{"embeddable":true,"href":"https:\/\/hospitaldechillan.cl\/web\/wp-json\/wp\/v2\/media\/6073"}],"wp:attachment":[{"href":"https:\/\/hospitaldechillan.cl\/web\/wp-json\/wp\/v2\/media?parent=6072"}],"wp:term":[{"taxonomy":"category","embeddable":true,"href":"https:\/\/hospitaldechillan.cl\/web\/wp-json\/wp\/v2\/categories?post=6072"},{"taxonomy":"post_tag","embeddable":true,"href":"https:\/\/hospitaldechillan.cl\/web\/wp-json\/wp\/v2\/tags?post=6072"}],"curies":[{"name":"wp","href":"https:\/\/api.w.org\/{rel}","templated":true}]}}