{"id":6053,"date":"2019-09-05T15:03:04","date_gmt":"2019-09-05T19:03:04","guid":{"rendered":"http:\/\/hospitaldechillan.cl\/web\/?p=6053"},"modified":"2019-09-05T17:13:34","modified_gmt":"2019-09-05T21:13:34","slug":"subsecretario-de-redes-asistenciales-destaco-atencion-de-unidad-materno-fetal-y-nuevos-especialistas","status":"publish","type":"post","link":"https:\/\/hospitaldechillan.cl\/web\/subsecretario-de-redes-asistenciales-destaco-atencion-de-unidad-materno-fetal-y-nuevos-especialistas\/","title":{"rendered":"Subsecretario de Redes Asistenciales destac\u00f3 atenci\u00f3n de Unidad Materno Fetal y nuevos especialistas"},"content":{"rendered":"\n<p>En su primera visita a la Regi\u00f3n de \u00d1uble, el Subsecretario de Redes Asistenciales, Arturo Z\u00fa\u00f1iga, conoci\u00f3 la&nbsp; <strong><a rel=\"noreferrer noopener\" aria-label=\"Unidad de Medicina Materno Fetal (UMMF) (abre en una nueva pesta\u00f1a)\" href=\"https:\/\/hospitaldechillan.cl\/web\/unas-2-mil-mujeres-seran-atendidas-integralmente-en-la-unidad-de-medicina-materno-fetal\/\" target=\"_blank\">Unidad de Medicina Materno Fetal (UMMF)<\/a><\/strong> a un mes de su puesta en marcha, per\u00edodo en el que <strong>han realizado 363 atenciones ecogr\u00e1ficas y 524 consultas m\u00e9dicas y profesionales. &nbsp;<\/strong><\/p>\n\n\n\n<p>Durante su recorrido,&nbsp;\ndestac\u00f3 la materialidad de las\ndependencias y el moderno equipamiento para realizar mejores diagn\u00f3sticos,\nadem\u00e1s de la apertura de un espacio de atenci\u00f3n digno, m\u00e1s amable y que cuenta\ncon un equipo multidisciplinario del m\u00e1s alto nivel, entrenado en la\nprevenci\u00f3n, diagn\u00f3stico y manejo de aquellas condiciones que generan riesgo de\nenfermedad y muerte tanto en la mujer como en el beb\u00e9 en gestaci\u00f3n<\/p>\n\n\n\n<p>Se estima que alrededor de 2 mil mujeres embarazadas requerir\u00e1n\natenci\u00f3n en la&nbsp; UMMF, de las cuales &nbsp;al menos un 40%, es decir, unas 800 mujeres,\ncontinuar\u00e1 todo el control prenatal en este servicio por alguna patolog\u00eda o\ncomplejidad en su embrazo. En tanto, las otras usuarias acceder\u00e1n a\nprestaciones espec\u00edficas para precisar su diagn\u00f3stico, descartar alg\u00fan problema\nde salud e indicar la continuidad de controles prenatales en la atenci\u00f3n\nprimaria.<\/p>\n\n\n\n<p><strong>M\u00e1s especialistas para \u00d1uble<\/strong><\/p>\n\n\n\n<p>En el principal centro asistencial de \u00d1uble, <strong><a href=\"https:\/\/www.minsal.cl\/subsecretario-de-redes-asistenciales\/\" target=\"_blank\" rel=\"noreferrer noopener\" aria-label=\"el Subsecretrario Arturo Z\u00fa\u00f1iga (abre en una nueva pesta\u00f1a)\">el Subsecretrario Arturo Z\u00fa\u00f1iga<\/a><\/strong>, se reuni\u00f3 con los m\u00e9dicos que iniciaron la devoluci\u00f3n de su beca de especializaci\u00f3n en el recinto y destac\u00f3 el plan de formaci\u00f3n liderado por el Ministerio de Salud para contar con m\u00e1s profesionales en la red p\u00fablica. <\/p>\n\n\n\n<figure class=\"wp-block-image\"><img loading=\"lazy\" decoding=\"async\" width=\"640\" height=\"360\" src=\"https:\/\/hospitaldechillan.cl\/web\/wp-content_Hos\/uploads\/2019\/09\/subsecretario-redes-asistenciales-2-640x360.jpg\" alt=\"\" class=\"wp-image-6056\" srcset=\"https:\/\/hospitaldechillan.cl\/web\/wp-content\/uploads\/2019\/09\/subsecretario-redes-asistenciales-2-640x360.jpg 640w, https:\/\/hospitaldechillan.cl\/web\/wp-content\/uploads\/2019\/09\/subsecretario-redes-asistenciales-2-768x432.jpg 768w, https:\/\/hospitaldechillan.cl\/web\/wp-content\/uploads\/2019\/09\/subsecretario-redes-asistenciales-2-1200x675.jpg 1200w, https:\/\/hospitaldechillan.cl\/web\/wp-content\/uploads\/2019\/09\/subsecretario-redes-asistenciales-2.jpg 1600w\" sizes=\"auto, (max-width: 640px) 100vw, 640px\" \/><\/figure>\n\n\n\n<p>La autoridad, destac\u00f3 que \u201cel\nMinisterio de Salud comenz\u00f3 a reforzar hace muchos a\u00f1os &nbsp;la formaci\u00f3n de especialistas, sabiendo que en\nesa \u00e9poca exist\u00eda un d\u00e9ficit en el tema. Hoy formamos m\u00e1s de mil 100 m\u00e9dicos al\na\u00f1o y luego de 3 a\u00f1os vuelven al Hospital. Durante este a\u00f1o han sido 17\nespecialistas y el pr\u00f3ximo a\u00f1o ser\u00e1n otros 26 quienes ingresar\u00e1n a este mismo\nHospital, &nbsp;porque su formaci\u00f3n es una\npol\u00edtica de Estado\u201d. <\/p>\n\n\n\n<p>En la ocasi\u00f3n, <strong>el Director del Hospital Cl\u00ednico Herminda Mart\u00edn, Luis Alberto P\u00e9rez Ojeda<\/strong> resalt\u00f3 la relevancia que tiene la visita de la autoridad ministerial, y asegur\u00f3 que \u201clos temas incluidos en la gira del Subsecretario son muy significativos pues dan cuenta de los avances en salud p\u00fablica que se han conseguido en el \u00faltimo tiempo, lo que en nuestro Establecimiento en particular queda de manifiesto en el funcionamiento de la Unidad de Medicina Materno Fetal, que entrega una atenci\u00f3n integral a todas las mujeres de \u00d1uble y tambi\u00e9n, en los 31 especialistas que se incorporaron en los \u00faltimos 2 a\u00f1os\u201d. <\/p>\n\n\n\n<p>Asimismo, el <strong>Director (s) del Servicio de Salud \u00d1uble, Ricardo S\u00e1nchez<\/strong> ratific\u00f3 la buena noticia que entreg\u00f3 el Subsecretario de Redes Asistenciales referente a la Red de Salud P\u00fablica de \u00d1uble ya que \u00ablas inversiones como las de este Hospital se repiten en la red asistencial. La mejor muestra es que gracias a la alianza con el Gobierno Regional se contemplan recursos para la renovaci\u00f3n de nueve centros de salud familiar y la habilitaci\u00f3n de hemodi\u00e1lisis en cinco hospitales comunitarios y el de San Carlos. Progresivamente estamos acercando m\u00e1s servicios especializados a los usuarios de zonas m\u00e1s apartadas\u00bb.<\/p>\n","protected":false},"excerpt":{"rendered":"<p>La visita ministerial se enmarc\u00f3 en el cercano aniversario de \u00d1uble como Regi\u00f3n y en la oportunidad pudo constatar las mejoras de las nuevas dependencias y equipamientos, que en conjunto con la multidisciplinariedad del equipo asistencial posibilitan una atenci\u00f3n integral a las embarazadas.  <\/p>\n","protected":false},"author":3,"featured_media":6055,"comment_status":"open","ping_status":"closed","sticky":false,"template":"","format":"standard","meta":{"_acf_changed":false,"_monsterinsights_skip_tracking":false,"_monsterinsights_sitenote_active":false,"_monsterinsights_sitenote_note":"","_monsterinsights_sitenote_category":0,"footnotes":""},"categories":[4],"tags":[],"class_list":["post-6053","post","type-post","status-publish","format-standard","has-post-thumbnail","hentry","category-noticias"],"acf":[],"publishpress_future_action":{"enabled":false,"date":"2026-05-03 05:42:23","action":"change-status","newStatus":"draft","terms":[],"taxonomy":"category","extraData":[]},"publishpress_future_workflow_manual_trigger":{"enabledWorkflows":[]},"_links":{"self":[{"href":"https:\/\/hospitaldechillan.cl\/web\/wp-json\/wp\/v2\/posts\/6053","targetHints":{"allow":["GET"]}}],"collection":[{"href":"https:\/\/hospitaldechillan.cl\/web\/wp-json\/wp\/v2\/posts"}],"about":[{"href":"https:\/\/hospitaldechillan.cl\/web\/wp-json\/wp\/v2\/types\/post"}],"author":[{"embeddable":true,"href":"https:\/\/hospitaldechillan.cl\/web\/wp-json\/wp\/v2\/users\/3"}],"replies":[{"embeddable":true,"href":"https:\/\/hospitaldechillan.cl\/web\/wp-json\/wp\/v2\/comments?post=6053"}],"version-history":[{"count":0,"href":"https:\/\/hospitaldechillan.cl\/web\/wp-json\/wp\/v2\/posts\/6053\/revisions"}],"wp:featuredmedia":[{"embeddable":true,"href":"https:\/\/hospitaldechillan.cl\/web\/wp-json\/wp\/v2\/media\/6055"}],"wp:attachment":[{"href":"https:\/\/hospitaldechillan.cl\/web\/wp-json\/wp\/v2\/media?parent=6053"}],"wp:term":[{"taxonomy":"category","embeddable":true,"href":"https:\/\/hospitaldechillan.cl\/web\/wp-json\/wp\/v2\/categories?post=6053"},{"taxonomy":"post_tag","embeddable":true,"href":"https:\/\/hospitaldechillan.cl\/web\/wp-json\/wp\/v2\/tags?post=6053"}],"curies":[{"name":"wp","href":"https:\/\/api.w.org\/{rel}","templated":true}]}}