{"id":6047,"date":"2019-09-01T16:13:23","date_gmt":"2019-09-01T20:13:23","guid":{"rendered":"http:\/\/hospitaldechillan.cl\/web\/?p=6047"},"modified":"2019-09-01T16:17:59","modified_gmt":"2019-09-01T20:17:59","slug":"director-del-hospital-condena-agresion-sufrida-por-medico","status":"publish","type":"post","link":"https:\/\/hospitaldechillan.cl\/web\/director-del-hospital-condena-agresion-sufrida-por-medico\/","title":{"rendered":"Director del Hospital condena agresi\u00f3n sufrida por m\u00e9dico"},"content":{"rendered":"\n<p>La Direcci\u00f3n del Hospital Cl\u00ednico Herminda Mart\u00edn repudia la lamentable agresi\u00f3n sufrida por un m\u00e9dico del establecimiento, quien esta tarde fue agredido por un hombre en el ingreso principal del centro de salud.<\/p>\n\n\n\n<p>El agresor, previamente hab\u00eda sido atendido por el mismo facultativo en la Unidad de Emergencia, a la que ingres\u00f3 por lesiones. Mientras permanec\u00eda en observaci\u00f3n, el sujeto decidi\u00f3 abandonar el hospital. En el acceso al recinto, encontr\u00f3 al cirujano, y sin mediar di\u00e1logo, lo agredi\u00f3 con una patada por la espalda y continu\u00f3 propin\u00e1ndole golpes en el suelo, hasta que fue asistido por el guardia de seguridad. El hecho gener\u00f3 la intervenci\u00f3n de personal de Carabinero, que detuvo al sujeto.<\/p>\n\n\n\n<p>El director del Hospital, Luis Alberto P\u00e9rez Ojeda, aclar\u00f3 que \u201cel m\u00e9dico constat\u00f3 lesiones, las que afortunadamente son leves, pero fue relevado por otro colega en el turno de la Unidad de Emergencia, debido a la conmoci\u00f3n sufrida\u201d.<\/p>\n\n\n\n<p>\u201cRechazamos categ\u00f3ricamente este acto de violencia que afect\u00f3 a un integrante de nuestra comunidad hospitalaria y llevaremos adelante todas las acciones administrativas y legales para sancionar al responsable\u201d, dijo.<\/p>\n\n\n\n<p>P\u00e9rez Ojeda, se\u00f1al\u00f3 que \u201cjunto con apoyar a los afectados, como equipo directivo reafirmamos nuestro compromiso con la erradicaci\u00f3n de estos incidentes para que nuestros funcionarios y funcionarias puedan desempe\u00f1ar su labor de forma tranquila y segura\u201d<\/p>\n","protected":false},"excerpt":{"rendered":"<p>La Direcci\u00f3n del Hospital Cl\u00ednico Herminda Mart\u00edn repudia la lamentable agresi\u00f3n sufrida por un m\u00e9dico del establecimiento, quien esta tarde fue agredido por un hombre en el ingreso principal del centro de salud.<\/p>\n","protected":false},"author":3,"featured_media":6049,"comment_status":"open","ping_status":"closed","sticky":false,"template":"","format":"standard","meta":{"_acf_changed":false,"_monsterinsights_skip_tracking":false,"_monsterinsights_sitenote_active":false,"_monsterinsights_sitenote_note":"","_monsterinsights_sitenote_category":0,"footnotes":""},"categories":[4],"tags":[],"class_list":["post-6047","post","type-post","status-publish","format-standard","has-post-thumbnail","hentry","category-noticias"],"acf":[],"publishpress_future_action":{"enabled":false,"date":"2026-05-03 04:07:47","action":"change-status","newStatus":"draft","terms":[],"taxonomy":"category","extraData":[]},"publishpress_future_workflow_manual_trigger":{"enabledWorkflows":[]},"_links":{"self":[{"href":"https:\/\/hospitaldechillan.cl\/web\/wp-json\/wp\/v2\/posts\/6047","targetHints":{"allow":["GET"]}}],"collection":[{"href":"https:\/\/hospitaldechillan.cl\/web\/wp-json\/wp\/v2\/posts"}],"about":[{"href":"https:\/\/hospitaldechillan.cl\/web\/wp-json\/wp\/v2\/types\/post"}],"author":[{"embeddable":true,"href":"https:\/\/hospitaldechillan.cl\/web\/wp-json\/wp\/v2\/users\/3"}],"replies":[{"embeddable":true,"href":"https:\/\/hospitaldechillan.cl\/web\/wp-json\/wp\/v2\/comments?post=6047"}],"version-history":[{"count":0,"href":"https:\/\/hospitaldechillan.cl\/web\/wp-json\/wp\/v2\/posts\/6047\/revisions"}],"wp:featuredmedia":[{"embeddable":true,"href":"https:\/\/hospitaldechillan.cl\/web\/wp-json\/wp\/v2\/media\/6049"}],"wp:attachment":[{"href":"https:\/\/hospitaldechillan.cl\/web\/wp-json\/wp\/v2\/media?parent=6047"}],"wp:term":[{"taxonomy":"category","embeddable":true,"href":"https:\/\/hospitaldechillan.cl\/web\/wp-json\/wp\/v2\/categories?post=6047"},{"taxonomy":"post_tag","embeddable":true,"href":"https:\/\/hospitaldechillan.cl\/web\/wp-json\/wp\/v2\/tags?post=6047"}],"curies":[{"name":"wp","href":"https:\/\/api.w.org\/{rel}","templated":true}]}}