{"id":6039,"date":"2019-08-23T16:12:19","date_gmt":"2019-08-23T20:12:19","guid":{"rendered":"http:\/\/hospitaldechillan.cl\/web\/?p=6039"},"modified":"2019-08-23T16:14:26","modified_gmt":"2019-08-23T20:14:26","slug":"ninos-y-ninas-con-patologias-cardiacas-participaron-de-jornada-para-el-cuidado-cardiovascular","status":"publish","type":"post","link":"https:\/\/hospitaldechillan.cl\/web\/ninos-y-ninas-con-patologias-cardiacas-participaron-de-jornada-para-el-cuidado-cardiovascular\/","title":{"rendered":"Ni\u00f1os y ni\u00f1as con patolog\u00edas card\u00edacas participaron de  jornada para el cuidado cardiovascular"},"content":{"rendered":"\n<p>Promover la salud cardiovascular,\nes el principal objetivo de los profesionales y especialistas de la Unidad de\nTelemedicina del Hospital Cl\u00ednico Herminda Mart\u00edn (HCHM), quienes en el marco\ndel mes del coraz\u00f3n planificaron un encuentro con los familiares de los\nusuarios pedi\u00e1tricos que son examinados en esta dependencia y de sus m\u00e9dicos\ncardi\u00f3logos, para dialogar sobre la importancia de mantener una vida saludable\ny seguir las recomendaciones m\u00e9dicas relativas al \u00e1mbito cardiovascular. <\/p>\n\n\n\n<p>En la ocasi\u00f3n, tambi\u00e9n estuvo\npresente el Director del HCHM, Luis Alberto P\u00e9rez Ojeda y la Subdirectora de\nGesti\u00f3n de los Cuidados de Enfermer\u00eda, Magali Palma, quienes saludaron a\nlos&nbsp; familiares y reconocieron el\nesfuerzo de la los profesionales y de la Unidad por reunirse en instancias\nl\u00fadicas con sus usuarios y familiares. <\/p>\n\n\n\n<p>Seg\u00fan el Dr. Claudio Medina, Jefe\n(s) de la Unidad de Telemedicina estas instancias son muy relevantes pues nos\npermiten estrechar lazos con las familias de quienes atendemos \u201cya sean adultos\no ni\u00f1os, y reforzar los consejos de vida sana. En nuestra Unidad brindamos\natenci\u00f3n a la poblaci\u00f3n infantil mediante alguna de nuestras especialidades v\u00eda\nremota que en este a\u00f1o ya van 122, entre las que destacan pediatr\u00eda,\nneurolog\u00eda, ortopedia, traumatolog\u00eda y psiquiatr\u00eda, o bien a trav\u00e9s de la toma\nde ecocardiogramas a quienes sufren alguna patolog\u00eda card\u00edaca, que con frecuencia\nson cardiopat\u00edas cong\u00e9nitas, este \u00faltimo grupo es con el que nos reunimos hoy,\ny con sus especialistas quienes determinan sus diagn\u00f3sticos y posteriores\ncontroles\u201d. <\/p>\n\n\n\n<figure class=\"wp-block-image\"><img loading=\"lazy\" decoding=\"async\" width=\"640\" height=\"360\" src=\"https:\/\/hospitaldechillan.cl\/web\/wp-content_Hos\/uploads\/2019\/08\/mes-del-coraz\u00f3n-cardipatias-congenitas-640x360.jpg\" alt=\"mes del coraz\u00f3n\" class=\"wp-image-6040\" srcset=\"https:\/\/hospitaldechillan.cl\/web\/wp-content\/uploads\/2019\/08\/mes-del-coraz\u00f3n-cardipatias-congenitas-640x360.jpg 640w, https:\/\/hospitaldechillan.cl\/web\/wp-content\/uploads\/2019\/08\/mes-del-coraz\u00f3n-cardipatias-congenitas-768x432.jpg 768w, https:\/\/hospitaldechillan.cl\/web\/wp-content\/uploads\/2019\/08\/mes-del-coraz\u00f3n-cardipatias-congenitas-1200x675.jpg 1200w, https:\/\/hospitaldechillan.cl\/web\/wp-content\/uploads\/2019\/08\/mes-del-coraz\u00f3n-cardipatias-congenitas.jpg 1600w\" sizes=\"auto, (max-width: 640px) 100vw, 640px\" \/><\/figure>\n\n\n\n<p>Una cardiopat\u00eda cong\u00e9nita es una\nenfermedad que se caracteriza por alteraciones estructurales del coraz\u00f3n,\nprovocada por defectos en la formaci\u00f3n de este \u00f3rgano durante el embarazo,\ncondici\u00f3n que tiene una incidencia en el 1% de reci\u00e9n nacidos a nivel\nmundial.&nbsp; En \u00d1uble, la proporci\u00f3n de la\nenfermedad es la misma, es decir, 1 de cada 100 ni\u00f1os puede padecerla.<\/p>\n\n\n\n<p>La Dra. Aurora Cabello, pediatra\ny cardi\u00f3loga enfatiz\u00f3 en que las cardiopat\u00edas cong\u00e9nitas son muy variadas por\neso \u201cla sintomatolog\u00eda asociada a ellas tambi\u00e9n es distinta caso a caso, pues\nhay muchos pacientes que no presentan s\u00edntomas y otros que ocasionan cuadros\nmuy severos, que requieren de correcci\u00f3n quir\u00fargica en las primeras semanas de\nvida. Los signos que pudieran alertar a los especialistas son las\ninsuficiencias card\u00edacas, la cianosis, arritmias, entre otras\u201d, enfatiz\u00f3. La\nespecialista coment\u00f3 que en los casos con sintomatolog\u00eda severa, es preciso\ndiagnosticar la patolog\u00eda con el apoyo del ecocardiograma. <\/p>\n\n\n\n<p>Las recomendaciones de la\nespecialista, tambi\u00e9n dependen del tipo de patolog\u00eda y de si esta requiri\u00f3 o no\noperaci\u00f3n. En el caso de ser graves y operables las sugerencias de cuidados\nson: <\/p>\n\n\n\n<ul class=\"wp-block-list\"><li>Evitar el sobrepeso<\/li><li>Llevar una dieta equilibrada y saludable<\/li><\/ul>\n\n\n\n<p>Mientras que en&nbsp; los casos m\u00e1s &nbsp;leves, son ni\u00f1os que pueden mantener una vida\nnormal, con sin cuidados especiales, sino los mismos que se les brindan a los\nni\u00f1os sanos.&nbsp; <\/p>\n","protected":false},"excerpt":{"rendered":"<p>La Unidad de Telemedicina program\u00f3 la actividad enmarcada en el Mes del Coraz\u00f3n, para estrechar lazos con familiares y reforzar los h\u00e1bitos de vida saludable. <\/p>\n","protected":false},"author":3,"featured_media":6041,"comment_status":"open","ping_status":"closed","sticky":false,"template":"","format":"standard","meta":{"_acf_changed":false,"_monsterinsights_skip_tracking":false,"_monsterinsights_sitenote_active":false,"_monsterinsights_sitenote_note":"","_monsterinsights_sitenote_category":0,"footnotes":""},"categories":[4],"tags":[],"class_list":["post-6039","post","type-post","status-publish","format-standard","has-post-thumbnail","hentry","category-noticias"],"acf":[],"publishpress_future_action":{"enabled":false,"date":"2026-05-03 04:12:00","action":"change-status","newStatus":"draft","terms":[],"taxonomy":"category","extraData":[]},"publishpress_future_workflow_manual_trigger":{"enabledWorkflows":[]},"_links":{"self":[{"href":"https:\/\/hospitaldechillan.cl\/web\/wp-json\/wp\/v2\/posts\/6039","targetHints":{"allow":["GET"]}}],"collection":[{"href":"https:\/\/hospitaldechillan.cl\/web\/wp-json\/wp\/v2\/posts"}],"about":[{"href":"https:\/\/hospitaldechillan.cl\/web\/wp-json\/wp\/v2\/types\/post"}],"author":[{"embeddable":true,"href":"https:\/\/hospitaldechillan.cl\/web\/wp-json\/wp\/v2\/users\/3"}],"replies":[{"embeddable":true,"href":"https:\/\/hospitaldechillan.cl\/web\/wp-json\/wp\/v2\/comments?post=6039"}],"version-history":[{"count":0,"href":"https:\/\/hospitaldechillan.cl\/web\/wp-json\/wp\/v2\/posts\/6039\/revisions"}],"wp:featuredmedia":[{"embeddable":true,"href":"https:\/\/hospitaldechillan.cl\/web\/wp-json\/wp\/v2\/media\/6041"}],"wp:attachment":[{"href":"https:\/\/hospitaldechillan.cl\/web\/wp-json\/wp\/v2\/media?parent=6039"}],"wp:term":[{"taxonomy":"category","embeddable":true,"href":"https:\/\/hospitaldechillan.cl\/web\/wp-json\/wp\/v2\/categories?post=6039"},{"taxonomy":"post_tag","embeddable":true,"href":"https:\/\/hospitaldechillan.cl\/web\/wp-json\/wp\/v2\/tags?post=6039"}],"curies":[{"name":"wp","href":"https:\/\/api.w.org\/{rel}","templated":true}]}}