{"id":5976,"date":"2019-08-12T12:29:54","date_gmt":"2019-08-12T16:29:54","guid":{"rendered":"http:\/\/hospitaldechillan.cl\/web\/?p=5976"},"modified":"2019-08-13T17:54:12","modified_gmt":"2019-08-13T21:54:12","slug":"especialistas-dialogan-sobre-el-vih-y-otras-infecciones-de-transmision-sexual","status":"publish","type":"post","link":"https:\/\/hospitaldechillan.cl\/web\/especialistas-dialogan-sobre-el-vih-y-otras-infecciones-de-transmision-sexual\/","title":{"rendered":"Especialistas dialogan sobre el VIH y otras infecciones de transmisi\u00f3n sexual"},"content":{"rendered":"\n<p>A una semana del inicio de la entrega del Tratamiento Preventivo para el VIH, el <strong>Hospital Cl\u00ednico Herminda Mart\u00edn<\/strong> realiz\u00f3 la segunda versi\u00f3n de las <strong><a rel=\"noreferrer noopener\" aria-label=\"Jornadas de Actualizaci\u00f3n de VIH \u2013 ITS (abre en una nueva pesta\u00f1a)\" href=\"https:\/\/hospitaldechillan.cl\/web\/tratamiento-adecuado-de-vih-favorece-calidad-de-vida-y-disminuye-posibilidades-de-contagio\/\" target=\"_blank\">Jornadas de Actualizaci\u00f3n de VIH \u2013 ITS<\/a><\/strong>, la que est\u00e1 dirigida a los profesionales\u00a0 de la Red Asistencial, analizando aristas relevantes del tema que ocupa a las autoridades de salud, tras el aumento de personas viviendo con VIH que corresponde a 71 mil personas, 4 mil m\u00e1s que en 2017, seg\u00fan cifras del <strong>Programa Conjunto de las Naciones Unidas\u00a0 sobre el VIH\/Sida<\/strong>. <\/p>\n\n\n\n<p>En \u00d1uble, hay 468 pacientes en\ncontrol en el Policl\u00ednico de VIH, concentr\u00e1ndose la mayor cantidad en el grupo\net\u00e1reo entre 40 y 44 a\u00f1os, representando el 15% de la poblaci\u00f3n del total. <\/p>\n\n\n\n<p>En la actividad, el <strong>Dr. Pablo Herrera, Inmun\u00f3logo del Hospital Barros Luco<\/strong> resalt\u00f3 la importancia que tiene tomar siempre las medidas que han demostrado disminuir la transmisi\u00f3n como lo es \u201cuso de preservativo principalmente y uso de profilaxis de pre exposici\u00f3n en casos determinados, sin embargo lo m\u00e1s importante es hacerse el examen y conocer si son portadores o no, ya que de serlo deben iniciar tratamiento antirretroviral a la brevedad y as\u00ed evitar la progresi\u00f3n de la enfermedad y el contagio a otras personas\u201d.<\/p>\n\n\n\n<figure class=\"wp-block-image\"><img loading=\"lazy\" decoding=\"async\" width=\"640\" height=\"360\" src=\"https:\/\/hospitaldechillan.cl\/web\/wp-content_Hos\/uploads\/2019\/08\/WEB-2-640x360.jpg\" alt=\"\" class=\"wp-image-5979\" srcset=\"https:\/\/hospitaldechillan.cl\/web\/wp-content\/uploads\/2019\/08\/WEB-2-640x360.jpg 640w, https:\/\/hospitaldechillan.cl\/web\/wp-content\/uploads\/2019\/08\/WEB-2-768x432.jpg 768w, https:\/\/hospitaldechillan.cl\/web\/wp-content\/uploads\/2019\/08\/WEB-2-1200x675.jpg 1200w, https:\/\/hospitaldechillan.cl\/web\/wp-content\/uploads\/2019\/08\/WEB-2.jpg 1600w\" sizes=\"auto, (max-width: 640px) 100vw, 640px\" \/><\/figure>\n\n\n\n<p>Adem\u00e1s el especialista se refiri\u00f3\na la realidad de las mujeres que viven con VIH, que pese a no ser el grupo m\u00e1s\nvulnerable&nbsp; -pues est\u00e1 demostrado que la\nepidemia se concentra en hombres que tienen sexo con hombres- si ha habido un\naumento de mujeres infectadas. \u201cEn 2010 hab\u00eda 1 mujer cada 9 hombres con VIH,\nmientras que en la actualidad la ecuaci\u00f3n es de 1 cada 5, estad\u00edstica que se\nreplica en \u00d1uble donde hay 85 mujeres control\u00e1ndose por el virus\u201d, enfatiz\u00f3 el\nDr. Herrera. <\/p>\n\n\n\n<p>Asimismo destac\u00f3 que en este\ngrupo poblacional existe una mayor tasa de abandono al tratamiento, al igual\nque otras caracter\u00edsticas negativas como que \u201clas mujeres son m\u00e1s susceptibles\nque los hombres a contraer el VIH, al no considerarse poblaci\u00f3n de riesgo,\nexperimentan m\u00e1s eventos relacionados al SIDA, manifiestan mayores eventos\nadversos, debido al abandono del tratamiento, que puede asociarse a otros\nproblemas que enfrenta como el cuidado de los hijos, labores familiares que\nmuchas veces las hace dejar el tratamiento en segundo plano, lo que se observa\nen una menor adherencia al mismo\u201d. <\/p>\n\n\n\n<p>El especialista tambi\u00e9n destac\u00f3\nque las mujeres con VIH tienen mayores tasas de depresi\u00f3n, mayor estigma y\ndiscriminaci\u00f3n que sus pares varones. <\/p>\n\n\n\n<p>La <strong>Dra. Fabiola Fern\u00e1ndez jefa del Policl\u00ednico de VIH<\/strong>&nbsp; y organizadora de la actividad acad\u00e9mica destac\u00f3 que este tipo de jornadas permiten \u201cmantener actualizada a la red de atenci\u00f3n y sensibilizar a sus funcionarios sobre la importancia de favorecer el testeo, hacer un diagn\u00f3stico precoz y por ende, una derivaci\u00f3n oportuna para iniciar el tratamiento, recordando que una persona que est\u00e1 en tratamiento efectivo, con una carga viral indetectable deja de ser una potencial fuente de contagio\u201d. <\/p>\n\n\n\n<p>En la ocasi\u00f3n, el programa estuvo\nenfocado principalmente en aspectos cl\u00ednicos, epidemiol\u00f3gicos de la infecci\u00f3n\npor VIH como manifestaciones cut\u00e1neas y neurol\u00f3gicas que nos debiesen hacer\nsospechar la infecci\u00f3n, t\u00e9cnicas diagn\u00f3sticas disponibles actualmente en la red\ny manejo de estos pacientes, abord\u00e1ndose tambi\u00e9n el seguimiento de los ni\u00f1os\nnacidos de madres VIH positiva. <\/p>\n","protected":false},"excerpt":{"rendered":"<p>La segunda versi\u00f3n de las jornadas cient\u00edficas apunt\u00f3 hacia los aspectos cl\u00ednicos, las t\u00e9cnicas diagn\u00f3sticas y las estrategias de prevenci\u00f3n combinada que aportan en la disminuci\u00f3n de transmisi\u00f3n del virus. <\/p>\n","protected":false},"author":3,"featured_media":5977,"comment_status":"open","ping_status":"closed","sticky":false,"template":"","format":"standard","meta":{"_acf_changed":false,"_monsterinsights_skip_tracking":false,"_monsterinsights_sitenote_active":false,"_monsterinsights_sitenote_note":"","_monsterinsights_sitenote_category":0,"footnotes":""},"categories":[4],"tags":[],"class_list":["post-5976","post","type-post","status-publish","format-standard","has-post-thumbnail","hentry","category-noticias"],"acf":[],"publishpress_future_action":{"enabled":false,"date":"2026-05-03 04:12:05","action":"change-status","newStatus":"draft","terms":[],"taxonomy":"category","extraData":[]},"publishpress_future_workflow_manual_trigger":{"enabledWorkflows":[]},"_links":{"self":[{"href":"https:\/\/hospitaldechillan.cl\/web\/wp-json\/wp\/v2\/posts\/5976","targetHints":{"allow":["GET"]}}],"collection":[{"href":"https:\/\/hospitaldechillan.cl\/web\/wp-json\/wp\/v2\/posts"}],"about":[{"href":"https:\/\/hospitaldechillan.cl\/web\/wp-json\/wp\/v2\/types\/post"}],"author":[{"embeddable":true,"href":"https:\/\/hospitaldechillan.cl\/web\/wp-json\/wp\/v2\/users\/3"}],"replies":[{"embeddable":true,"href":"https:\/\/hospitaldechillan.cl\/web\/wp-json\/wp\/v2\/comments?post=5976"}],"version-history":[{"count":0,"href":"https:\/\/hospitaldechillan.cl\/web\/wp-json\/wp\/v2\/posts\/5976\/revisions"}],"wp:featuredmedia":[{"embeddable":true,"href":"https:\/\/hospitaldechillan.cl\/web\/wp-json\/wp\/v2\/media\/5977"}],"wp:attachment":[{"href":"https:\/\/hospitaldechillan.cl\/web\/wp-json\/wp\/v2\/media?parent=5976"}],"wp:term":[{"taxonomy":"category","embeddable":true,"href":"https:\/\/hospitaldechillan.cl\/web\/wp-json\/wp\/v2\/categories?post=5976"},{"taxonomy":"post_tag","embeddable":true,"href":"https:\/\/hospitaldechillan.cl\/web\/wp-json\/wp\/v2\/tags?post=5976"}],"curies":[{"name":"wp","href":"https:\/\/api.w.org\/{rel}","templated":true}]}}