{"id":5950,"date":"2019-08-07T15:39:36","date_gmt":"2019-08-07T19:39:36","guid":{"rendered":"http:\/\/hospitaldechillan.cl\/web\/?p=5950"},"modified":"2019-08-07T16:50:43","modified_gmt":"2019-08-07T20:50:43","slug":"nueva-unidad-de-medicina-materno-fetal-proyecta-8-mil-atenciones-anuales-a-usuarias-de-nuble","status":"publish","type":"post","link":"https:\/\/hospitaldechillan.cl\/web\/nueva-unidad-de-medicina-materno-fetal-proyecta-8-mil-atenciones-anuales-a-usuarias-de-nuble\/","title":{"rendered":"Nueva Unidad de Medicina Materno Fetal proyecta 8 mil atenciones anuales a usuarias de \u00d1uble"},"content":{"rendered":"\n<p>Se estima que unas <strong>2 mil mujeres embarazadas requerir\u00e1n en un a\u00f1o atenci\u00f3n en la nueva <a href=\"https:\/\/hospitaldechillan.cl\/web\/organizacion\/cr\/obstetricia-y-ginecologia\/\" target=\"_blank\" rel=\"noreferrer noopener\" aria-label=\"Unidad de Medicina Materno Fetal  (abre en una nueva pesta\u00f1a)\">Unidad de Medicina Materno Fetal<\/a><\/strong><a href=\"https:\/\/hospitaldechillan.cl\/web\/organizacion\/cr\/obstetricia-y-ginecologia\/\" target=\"_blank\" rel=\"noreferrer noopener\" aria-label=\"Unidad de Medicina Materno Fetal  (abre en una nueva pesta\u00f1a)\"> <\/a>del <strong>Hospital Cl\u00ednico Herminda Mart\u00edn (HCHM) de Chill\u00e1n<\/strong>, inaugurada hoy por el Intendente Mart\u00edn Arrau y autoridades de salud. <\/p>\n\n\n\n<p>Las\nnuevas dependencias, en las que se invirtieron 173 millones de pesos, est\u00e1n\nespecialmente habilitadas para que los profesionales realicen en el mismo lugar\nlas&nbsp; atenciones gineco-obst\u00e9tricas, consultas de\nsalud, ex\u00e1menes y ecograf\u00edas sin necesidad que la paciente deba desplazarse por\nel hospital, reduciendo el n\u00famero de tr\u00e1mites y los &nbsp;tiempos de espera.<\/p>\n\n\n\n<p>El <strong>total de prestaciones m\u00e9dicas al a\u00f1o se proyecta en cerca de 8 mil<\/strong>. De las 2 mil usuarias que ingresen a la unidad, <strong>al menos un 40%, es decir, unas 800 mujeres, continuar\u00e1 todo el control prenatal en este servicio por alguna patolog\u00eda o complejidad en su embrazo<\/strong>. &nbsp;En tanto, las otras usuarias acceder\u00e1n a prestaciones espec\u00edficas para precisar su diagn\u00f3stico, descartar alg\u00fan problema de salud e indicar la continuidad de controles prenatales en la atenci\u00f3n primaria. <\/p>\n\n\n\n<figure class=\"wp-block-image is-resized\"><img decoding=\"async\" src=\"https:\/\/hospitaldechillan.cl\/web\/wp-content_Hos\/uploads\/2019\/08\/unidad-de-medicina-materno-fetal-1200x675.jpg\" alt=\"\" class=\"wp-image-5953\" width=\"640\"\/><\/figure>\n\n\n\n<p>El<strong><a href=\"http:\/\/www.intendencianuble.gob.cl\/intendente\/\" target=\"_blank\" rel=\"noreferrer noopener\" aria-label=\" Intendente Mart\u00edn Arrau (abre en una nueva pesta\u00f1a)\"> Intendente Mart\u00edn Arrau<\/a>,<\/strong> enfatiz\u00f3 que es el recurso humano de los centros asistenciales de \u00d1uble y su compromiso \u2013 junto a otros factores- el que genera buenas noticias como la inauguraci\u00f3n de \u201ceste nuevo edificio que denota la gesti\u00f3n hospitalaria, que hay que continuar apoyando pues de esta manera le damos soluciones reales a la comunidad, que considera la salud como un tema prioritario. Esta nueva Unidad es una gran noticia para las mujeres en general y tambi\u00e9n para aquellas que tienen complicaciones en sus embarazos, quienes recibir\u00e1n una atenci\u00f3n integral, lo que sin duda les va a cambiar la vida\u201d. <\/p>\n\n\n\n<p>Respecto a la puesta en marcha de la nueva Unidad, <strong>el Director del HCHM, Luis Alberto P\u00e9rez Ojeda<\/strong> destac\u00f3 que \u201choy no solo estamos inaugurando unas dependencias de excelente materialidad y moderno equipamiento para realizar mejores diagn\u00f3sticos, sino que tambi\u00e9n abrimos un espacio de atenci\u00f3n digno, m\u00e1s amable y que cuenta con un equipo multidisciplinario del m\u00e1s alto nivel, entrenado en la prevenci\u00f3n, diagn\u00f3stico y manejo de aquellas condiciones que generan riesgo de enfermedad y muerte tanto en la mujer como en el beb\u00e9 en gestaci\u00f3n\u201d.<\/p>\n\n\n\n<p><strong>M\u00e1s y mejor salud<\/strong><strong><\/strong><\/p>\n\n\n\n<p>En Chile <strong>durante los \u00faltimos 30 a\u00f1os<\/strong>, ha existido <strong>una persistente reducci\u00f3n de la tasa de fecundidad<\/strong>. Sin embargo, se ha registrado un <strong>aumento en la frecuencia de los embarazos de alto riesgo<\/strong>, consecuencia, en parte, del inicio m\u00e1s tard\u00edo de la vida reproductiva debido a las leg\u00edtimas expectativas educacionales, laborales o econ\u00f3micas a que las parejas aspiran antes de tener hijos. <\/p>\n\n\n\n<p><strong>Bruna Bello<\/strong>, es una de las <strong>usuarias que en 2018 fue controlada en el Ex Policl\u00ednico de Alto Riesgo Obst\u00e9trico<\/strong> \u2013que ahora es la Unidad de Medicina Materno Fetal- quiso dar a conocer su testimonio sobre la atenci\u00f3n recibida de parte de los funcionarios, destacando que \u201cellos me ofrecieron las respuestas que necesitaba para entender lo que ocurr\u00eda con mi hijo, Juli\u00e1n, quien fue diagnosticado con cardiopat\u00eda y una malformaci\u00f3n cerebral. Aunque&nbsp; el final de la historia no fue feliz, porque mi hijo falleci\u00f3 a los 13 d\u00edas de nacido, estoy muy agradecida de los m\u00e9dicos, matrones, t\u00e9cnicos porque nos acogieron cuando m\u00e1s lo necesitamos como familia y por eso, hoy quise estar aqu\u00ed y felicitarlos&nbsp; por la renovaci\u00f3n de sus dependencias de trabajo que les permitir\u00e1 seguir brindando bienestar a sus usuarias y trabajadores\u201d. <\/p>\n\n\n\n<p>La\nUnidad en sus nuevas dependencias comenz\u00f3 su marcha blanca a finales de julio, ofreciendo\ndiversas prestaciones entre las que se cuentan la atenci\u00f3n a embarazadas con\npatolog\u00edas de alto riesgo, realizar ecotomograf\u00eda obst\u00e9trica, doppler materno y\nfetal y ecocardiograf\u00eda, monitorizaci\u00f3n fetal, toma de muestras de ex\u00e1menes de\nlaboratorio y atenci\u00f3n integral en el proceso de acompa\u00f1amiento contemplado en\nla Ley de Interrupci\u00f3n Voluntaria del Embarazo (IVE).<\/p>\n","protected":false},"excerpt":{"rendered":"<p>Con un equipo multidisciplinario a cargo de brindar una atenci\u00f3n integral a las embarazadas cursando un embarazo complejo o de alto riesgo, nuevas dependencias y renovado equipamiento, completa su segunda semana de funcionamiento. <\/p>\n","protected":false},"author":3,"featured_media":5951,"comment_status":"open","ping_status":"closed","sticky":false,"template":"","format":"standard","meta":{"_acf_changed":false,"_monsterinsights_skip_tracking":false,"_monsterinsights_sitenote_active":false,"_monsterinsights_sitenote_note":"","_monsterinsights_sitenote_category":0,"footnotes":""},"categories":[4],"tags":[],"class_list":["post-5950","post","type-post","status-publish","format-standard","has-post-thumbnail","hentry","category-noticias"],"acf":[],"publishpress_future_action":{"enabled":false,"date":"2026-05-03 12:49:55","action":"change-status","newStatus":"draft","terms":[],"taxonomy":"category","extraData":[]},"publishpress_future_workflow_manual_trigger":{"enabledWorkflows":[]},"_links":{"self":[{"href":"https:\/\/hospitaldechillan.cl\/web\/wp-json\/wp\/v2\/posts\/5950","targetHints":{"allow":["GET"]}}],"collection":[{"href":"https:\/\/hospitaldechillan.cl\/web\/wp-json\/wp\/v2\/posts"}],"about":[{"href":"https:\/\/hospitaldechillan.cl\/web\/wp-json\/wp\/v2\/types\/post"}],"author":[{"embeddable":true,"href":"https:\/\/hospitaldechillan.cl\/web\/wp-json\/wp\/v2\/users\/3"}],"replies":[{"embeddable":true,"href":"https:\/\/hospitaldechillan.cl\/web\/wp-json\/wp\/v2\/comments?post=5950"}],"version-history":[{"count":0,"href":"https:\/\/hospitaldechillan.cl\/web\/wp-json\/wp\/v2\/posts\/5950\/revisions"}],"wp:featuredmedia":[{"embeddable":true,"href":"https:\/\/hospitaldechillan.cl\/web\/wp-json\/wp\/v2\/media\/5951"}],"wp:attachment":[{"href":"https:\/\/hospitaldechillan.cl\/web\/wp-json\/wp\/v2\/media?parent=5950"}],"wp:term":[{"taxonomy":"category","embeddable":true,"href":"https:\/\/hospitaldechillan.cl\/web\/wp-json\/wp\/v2\/categories?post=5950"},{"taxonomy":"post_tag","embeddable":true,"href":"https:\/\/hospitaldechillan.cl\/web\/wp-json\/wp\/v2\/tags?post=5950"}],"curies":[{"name":"wp","href":"https:\/\/api.w.org\/{rel}","templated":true}]}}