{"id":5845,"date":"2019-07-10T13:06:57","date_gmt":"2019-07-10T17:06:57","guid":{"rendered":"http:\/\/hospitaldechillan.cl\/web\/?p=5845"},"modified":"2019-07-10T13:06:58","modified_gmt":"2019-07-10T17:06:58","slug":"nueva-procuracion-de-organos-del-hospital-de-chillan-reducira-lista-de-espera-nacional-de-trasplante","status":"publish","type":"post","link":"https:\/\/hospitaldechillan.cl\/web\/nueva-procuracion-de-organos-del-hospital-de-chillan-reducira-lista-de-espera-nacional-de-trasplante\/","title":{"rendered":"Nueva procuraci\u00f3n de \u00f3rganos del Hospital de Chill\u00e1n reducir\u00e1 lista de espera nacional de trasplante"},"content":{"rendered":"\n<p>Hasta 5 personas podr\u00edan resultar\nbeneficiadas tras la concreci\u00f3n del segundo procuramiento de \u00f3rganos y tejidos\nque fue posible gracias a la generosa donaci\u00f3n la familia de una mujer de 36\na\u00f1os, proveniente de Collipulli, quien fue atendida en la Regi\u00f3n de \u00d1uble gracias\nal trabajo en red asistencial que se realiza a lo largo del pa\u00eds.<\/p>\n\n\n\n<p>La donante, sufri\u00f3 un paro\ncard\u00edaco, momento en el que el equipo de Procuraci\u00f3n y Donaci\u00f3n de \u00d3rganos y\nTejidos del Hospital Cl\u00ednico Herminda Mart\u00edn (HCHM) inici\u00f3 las coordinaciones\nnecesarias para concretar este nuevo procedimiento, que se realiz\u00f3 en las\ndependencias de la Cl\u00ednica Chill\u00e1n, hasta donde se trasladaron los\nprofesionales y especialistas del Hospital chillanejo. <\/p>\n\n\n\n<p>El Director del HCHM, Luis\nAlberto P\u00e9rez Ojeda agradece a la familia y destaca la labor de los equipos\nasistenciales del Establecimiento, que participaron en el procedimiento. \u201cjunto\ncon brindar nuestro apoyo en estos momentos a todos sus seres queridos,\nqueremos agradecer a la familia de la joven, pues mediante este gesto podremos salvar\nla vida de quienes esperan por un trasplante y que actualmente en Chile suman\nm\u00e1s de 2 mil personas\u201d. <\/p>\n\n\n\n<p>Adem\u00e1s, el Director reconoci\u00f3 la\ncoordinaci\u00f3n del equipo de procuradoras del Centro Asistencial local y del\nequipo cl\u00ednico de &nbsp;oftalmolog\u00eda, quienes\nparticiparon de la intervenci\u00f3n en compa\u00f1\u00eda de funcionarios del Sanatorio\nAlem\u00e1n. <\/p>\n","protected":false},"excerpt":{"rendered":"<p>El procedimiento se realiz\u00f3 en la Cl\u00ednica Chill\u00e1n, recinto asistencial donde estaba hospitalizada la donante efectiva, que hab\u00eda sido derivada desde la novena Regi\u00f3n. Se procuraron h\u00edgado, ri\u00f1ones y c\u00f3rneas<\/p>\n","protected":false},"author":3,"featured_media":5846,"comment_status":"open","ping_status":"closed","sticky":false,"template":"","format":"standard","meta":{"_acf_changed":false,"_monsterinsights_skip_tracking":false,"_monsterinsights_sitenote_active":false,"_monsterinsights_sitenote_note":"","_monsterinsights_sitenote_category":0,"footnotes":""},"categories":[4],"tags":[],"class_list":["post-5845","post","type-post","status-publish","format-standard","has-post-thumbnail","hentry","category-noticias"],"acf":[],"publishpress_future_action":{"enabled":false,"date":"2026-05-06 20:33:45","action":"change-status","newStatus":"draft","terms":[],"taxonomy":"category","extraData":[]},"publishpress_future_workflow_manual_trigger":{"enabledWorkflows":[]},"_links":{"self":[{"href":"https:\/\/hospitaldechillan.cl\/web\/wp-json\/wp\/v2\/posts\/5845","targetHints":{"allow":["GET"]}}],"collection":[{"href":"https:\/\/hospitaldechillan.cl\/web\/wp-json\/wp\/v2\/posts"}],"about":[{"href":"https:\/\/hospitaldechillan.cl\/web\/wp-json\/wp\/v2\/types\/post"}],"author":[{"embeddable":true,"href":"https:\/\/hospitaldechillan.cl\/web\/wp-json\/wp\/v2\/users\/3"}],"replies":[{"embeddable":true,"href":"https:\/\/hospitaldechillan.cl\/web\/wp-json\/wp\/v2\/comments?post=5845"}],"version-history":[{"count":0,"href":"https:\/\/hospitaldechillan.cl\/web\/wp-json\/wp\/v2\/posts\/5845\/revisions"}],"wp:featuredmedia":[{"embeddable":true,"href":"https:\/\/hospitaldechillan.cl\/web\/wp-json\/wp\/v2\/media\/5846"}],"wp:attachment":[{"href":"https:\/\/hospitaldechillan.cl\/web\/wp-json\/wp\/v2\/media?parent=5845"}],"wp:term":[{"taxonomy":"category","embeddable":true,"href":"https:\/\/hospitaldechillan.cl\/web\/wp-json\/wp\/v2\/categories?post=5845"},{"taxonomy":"post_tag","embeddable":true,"href":"https:\/\/hospitaldechillan.cl\/web\/wp-json\/wp\/v2\/tags?post=5845"}],"curies":[{"name":"wp","href":"https:\/\/api.w.org\/{rel}","templated":true}]}}