{"id":5836,"date":"2019-07-05T15:01:39","date_gmt":"2019-07-05T19:01:39","guid":{"rendered":"http:\/\/hospitaldechillan.cl\/web\/?p=5836"},"modified":"2019-07-05T15:01:40","modified_gmt":"2019-07-05T19:01:40","slug":"946-mil-problemas-de-salud-han-sido-resueltos-en-nuble-en-los-14-anos-del-auge","status":"publish","type":"post","link":"https:\/\/hospitaldechillan.cl\/web\/946-mil-problemas-de-salud-han-sido-resueltos-en-nuble-en-los-14-anos-del-auge\/","title":{"rendered":"946 mil problemas de salud han sido resueltos en \u00d1uble en los 14 a\u00f1os del AUGE"},"content":{"rendered":"\n<p>Luego\ndel anuncio del Presidente Sebasti\u00e1n Pi\u00f1era de la incorporaci\u00f3n de 5 nuevas\npatolog\u00edas al Sistema de Garant\u00edas Expl\u00edcitas en Salud, el Servicio de Salud\n\u00d1uble destac\u00f3 el impacto de esta pol\u00edtica p\u00fablica que en sus 14 a\u00f1os de\nfuncionamiento ha permitido resolver casi un mill\u00f3n de problemas de salud en la\nRegi\u00f3n.<\/p>\n\n\n\n<p>Para\nresaltar la importancia de esta ley, la instituci\u00f3n, en conjunto con el Hospital Cl\u00ednico Herminda\nMart\u00edn, Fonasa, la Universidad del B\u00edo B\u00edo y la Corporaci\u00f3n Santo Tom\u00e1s,\norganizaron una feria informativa en el Mercado Municipal de Chill\u00e1n.<\/p>\n\n\n\n<p>En la oportunidad, el Director (s) del Servicio\nde Salud \u00d1uble se\u00f1al\u00f3 tener \u201cla dicha de conmemorar este\naniversario con buenas noticias, ya que como sabemos, esta semana, <strong>el Presidente Sebasti\u00e1n Pi\u00f1era anunci\u00f3 que se suman al AUGE\n5 patolog\u00edas. De esta manera, ser\u00e1n 85 las enfermedades que contar\u00e1n con las\ngarant\u00edas de acceso, oportunidad, calidad y protecci\u00f3n financiera. Se estima\nque en \u00d1uble beneficiar\u00e1 a cerca de 600 personas al a\u00f1o\u201d.<\/strong><strong><\/strong><\/p>\n\n\n\n<p><strong>\u201cPero adem\u00e1s es fundamental destacar la importancia de este\nplan, que<\/strong><strong> <\/strong>otorga mayor\ncobertura para problemas con alta prevalencia en la poblaci\u00f3n de mayor\nvulnerabilidad econ\u00f3mica, mejorando la equidad en el acceso.Recordemos\nque en \u00d1uble desde que entr\u00f3 en vigencia la ley ha resuelto 946.300 problemas\nde salud. <strong>Sin duda <\/strong>hay aspectos que mejorar, como la informaci\u00f3n de los usuarios frente a\nsus derechos, desconocimiento de \u00e9stos y para ello estamos trabajando y\norganizamos ferias como esta\u201d, a\u00f1adi\u00f3 Ricardo S\u00e1nchez.<strong><\/strong><\/p>\n\n\n\n<p><strong>\u00bfQu\u00e9 pasos se deben\nseguir para hacer uso del GES\/AUGE?<\/strong><\/p>\n\n\n\n<p><strong>Si\nuna persona es diagnosticada con alguna de las 80 enfermedades que actualmente\ncubre el GES y est\u00e1 en FONASA, debe <\/strong>acudir\nal&nbsp;consultorio donde est\u00e9n inscritas. Un usuario\/a que sospeche de un\nproblema de salud AUGE debe acudir a su Cesfam donde le confirmar\u00e1n el\ndiagn\u00f3stico e iniciar\u00e1n tratamiento. En caso de requerir atenci\u00f3n de un\nespecialista ser\u00e1 derivado a un Hospital y atender\u00e1n de acuerdo a los plazos\nque indica la ley. En tanto, las personas afiliadas a una Isapre, deben\natenderse en los&nbsp;recintos que su seguro designe&nbsp;como prestador\nGES-AUGE.<\/p>\n\n\n\n<p>En tanto, el Director\ndel\nHospital Cl\u00ednico Herminda Mart\u00edn de Chill\u00e1n, Luis Alberto P\u00e9rez, explic\u00f3 que \u201cla Unidad de Emergencia del principal hospital de la Regi\u00f3n es\ndeterminante en aquellas patolog\u00edas como el infarto al coraz\u00f3n o un accidente\ncerebrovascular, para actuar en la denominada \u201chora de oro\u201d, intervalo que\ntranscurre entre que se produce el evento y una intervenci\u00f3n oportuna y\neficiente con los tratamientos garantizados, puede suponer la diferencia entre\nla vida y la muerte, o evitar el riesgo de secuelas\u201d. <\/p>\n\n\n\n<p>\u201cIgualmente, en el\ncaso de las llamadas urgencia vitales en que se requiere atenci\u00f3n inmediata e\nimpostergable como en el caso de los pacientes politraumatizados o con un\ntrauma ocular grave, nuestro hospital es b\u00e1sicamente el centro de referencia,\nno solo para los usuarios de Fonasa tambi\u00e9n para los de Isapres, ya que nos\nencargamos de estabilizarlo y luego coordinar el traslado a la red de\nprestadores de su seguro de salud\u201d, a\u00f1adi\u00f3 el directivo.<\/p>\n\n\n\n<figure class=\"wp-block-image\"><img loading=\"lazy\" decoding=\"async\" width=\"640\" height=\"360\" src=\"https:\/\/hospitaldechillan.cl\/web\/wp-content_Hos\/uploads\/2019\/07\/web2-1-640x360.jpg\" alt=\"\" class=\"wp-image-5838\" srcset=\"https:\/\/hospitaldechillan.cl\/web\/wp-content\/uploads\/2019\/07\/web2-1-640x360.jpg 640w, https:\/\/hospitaldechillan.cl\/web\/wp-content\/uploads\/2019\/07\/web2-1-768x432.jpg 768w, https:\/\/hospitaldechillan.cl\/web\/wp-content\/uploads\/2019\/07\/web2-1-1200x675.jpg 1200w, https:\/\/hospitaldechillan.cl\/web\/wp-content\/uploads\/2019\/07\/web2-1.jpg 1600w\" sizes=\"auto, (max-width: 640px) 100vw, 640px\" \/><\/figure>\n\n\n\n<p><strong>\u00bfQu\u00e9 pasa si el\nprestador no cumple con la garant\u00eda de oportunidad?<\/strong><\/p>\n\n\n\n<p>Si el prestador;\nconsultorio, hospital, centro m\u00e9dico o cl\u00ednica; no cumple con la garant\u00eda de\noportunidad, es decir, en caso de haber vencido el plazo m\u00e1ximo de espera de\natenci\u00f3n, las personas deben reclamar al Fonasa o a su Isapre dentro de los 15\nd\u00edas siguientes al vencimiento del plazo. Si no recibe respuesta dentro de 2\nd\u00edas, la persona debe acercarte a la Superintendencia de Salud para presentar\nel reclamo.<\/p>\n\n\n\n<p>Frente a consultas,\nlas autoridades recordaron que los usuarios pueden llamar al tel\u00e9fono de Salud\nResponde 600 360 7777.<\/p>\n\n\n\n<p><strong>Los 6\nProblemas de Salud cubiertos por el AUGE m\u00e1s frecuentes durante el a\u00f1o 2018<\/strong><\/p>\n\n\n\n<p>Reporte\nenero a diciembre&nbsp;de 2018<\/p>\n\n\n\n<table class=\"wp-block-table\"><thead><tr><td><strong>Problema de Salud<\/strong>    <\/td><td>    <strong>Casos  Confirmados<\/strong>    <\/td><\/tr><\/thead><tbody><tr><td>\n  1\n  <\/td><td>Urgencias odontol\u00f3gicas   <\/td><td> 12.781   <\/td><\/tr><tr><td>\n  2\n  <\/td><td>Infecci\u00f3n respiratoria aguda infantil   <\/td><td> 8.030   <\/td><\/tr><tr><td>\n  3\n  <\/td><td>Vicio de refracci\u00f3n en personas de 65 a\u00f1os y m\u00e1s   <\/td><td>6.661   <\/td><\/tr><tr><td>\n  4\n  <\/td><td>\u00d3rtesis para personas de 65 a\u00f1os y m\u00e1s   <\/td><td> 4.753   <\/td><\/tr><tr><td>\n  5\n  <\/td><td>Diabetes mellitus  tipo 2   <\/td><td>4.665   <\/td><\/tr><tr><td>\n  6\n  <\/td><td>Salud oral ni\u00f1os menores de 6 a\u00f1os   <\/td><td>4.531   <\/td><\/tr><\/tbody><\/table>\n","protected":false},"excerpt":{"rendered":"<p>En el marco de un nuevo aniversario del Sistema de Garant\u00edas Expl\u00edcitas en Salud (GES\/AUGE), el Servicio de Salud \u00d1uble realiz\u00f3 una feria informativa en el Mercado Municipal de Chill\u00e1n para compartir con la comunidad las enfermedades que cubre y los derechos a los que pueden acceder mediante este plan.<\/p>\n","protected":false},"author":3,"featured_media":5837,"comment_status":"open","ping_status":"closed","sticky":false,"template":"","format":"standard","meta":{"_acf_changed":false,"_monsterinsights_skip_tracking":false,"_monsterinsights_sitenote_active":false,"_monsterinsights_sitenote_note":"","_monsterinsights_sitenote_category":0,"footnotes":""},"categories":[4],"tags":[],"class_list":["post-5836","post","type-post","status-publish","format-standard","has-post-thumbnail","hentry","category-noticias"],"acf":[],"publishpress_future_action":{"enabled":false,"date":"2026-05-06 20:35:03","action":"change-status","newStatus":"draft","terms":[],"taxonomy":"category","extraData":[]},"publishpress_future_workflow_manual_trigger":{"enabledWorkflows":[]},"_links":{"self":[{"href":"https:\/\/hospitaldechillan.cl\/web\/wp-json\/wp\/v2\/posts\/5836","targetHints":{"allow":["GET"]}}],"collection":[{"href":"https:\/\/hospitaldechillan.cl\/web\/wp-json\/wp\/v2\/posts"}],"about":[{"href":"https:\/\/hospitaldechillan.cl\/web\/wp-json\/wp\/v2\/types\/post"}],"author":[{"embeddable":true,"href":"https:\/\/hospitaldechillan.cl\/web\/wp-json\/wp\/v2\/users\/3"}],"replies":[{"embeddable":true,"href":"https:\/\/hospitaldechillan.cl\/web\/wp-json\/wp\/v2\/comments?post=5836"}],"version-history":[{"count":0,"href":"https:\/\/hospitaldechillan.cl\/web\/wp-json\/wp\/v2\/posts\/5836\/revisions"}],"wp:featuredmedia":[{"embeddable":true,"href":"https:\/\/hospitaldechillan.cl\/web\/wp-json\/wp\/v2\/media\/5837"}],"wp:attachment":[{"href":"https:\/\/hospitaldechillan.cl\/web\/wp-json\/wp\/v2\/media?parent=5836"}],"wp:term":[{"taxonomy":"category","embeddable":true,"href":"https:\/\/hospitaldechillan.cl\/web\/wp-json\/wp\/v2\/categories?post=5836"},{"taxonomy":"post_tag","embeddable":true,"href":"https:\/\/hospitaldechillan.cl\/web\/wp-json\/wp\/v2\/tags?post=5836"}],"curies":[{"name":"wp","href":"https:\/\/api.w.org\/{rel}","templated":true}]}}