{"id":5703,"date":"2019-05-07T14:58:06","date_gmt":"2019-05-07T18:58:06","guid":{"rendered":"http:\/\/hospitaldechillan.cl\/web\/?p=5703"},"modified":"2019-05-09T16:57:13","modified_gmt":"2019-05-09T20:57:13","slug":"microrred-de-salud-centro-fortalecera-prevencion-del-cancer-gastrico-y-el-buen-trato-en-la-atencion","status":"publish","type":"post","link":"https:\/\/hospitaldechillan.cl\/web\/microrred-de-salud-centro-fortalecera-prevencion-del-cancer-gastrico-y-el-buen-trato-en-la-atencion\/","title":{"rendered":"Microrred de Salud Centro fortalecer\u00e1 prevenci\u00f3n del c\u00e1ncer g\u00e1strico y el buen trato en la atenci\u00f3n"},"content":{"rendered":"\n<p>La\nprevenci\u00f3n del c\u00e1ncer g\u00e1strico, el autocuidado de las personas con diabetes y\nla promoci\u00f3n del buen trato en la atenci\u00f3n, son las l\u00edneas de trabajo que para\nlos pr\u00f3ximos meses priorizaron los establecimientos de salud de la Microrred\nCentro, que integran las comunas de Chill\u00e1n, Chill\u00e1n Viejo, Pinto, Coihueco y\nPortezuelo, y que es liderada por el Hospital Cl\u00ednico Herminda Mart\u00edn. <\/p>\n\n\n\n<p>En\nesta instancia participan directivos de los centros de salud y tambi\u00e9n\nrepresentantes ciudadanos, los que tras analizar las prioridades sanitarias\nlocales decidieron abordar estos \u00e1mbitos en sinton\u00eda con la Estrategia Nacional\nde Salud.&nbsp; <\/p>\n\n\n\n<p>\u201cEl\nc\u00e1ncer de est\u00f3mago es uno de los m\u00e1s frecuentes y que m\u00e1s muertes provoca en\nestas comunas, por ello desarrollaremos estrategias para promover los factores\nprotectores, asociados a una dieta rica en frutas y verduras, el consumo\nmoderado de alcohol y la actividad f\u00edsica regular, entre otros\u201d, explic\u00f3 el\nDirector (s) del hospital regional, Dr. Oscar Chac\u00f3n. <\/p>\n\n\n\n<p>\u201cEstaremos\ncerca de la comunidad compartiendo conocimientos y toda aquella informaci\u00f3n\n\u00fatil para prevenir este c\u00e1ncer, porque recordemos que aproximadamente un 40% de\nlos tumores se pueden prevenir con cambios en el estilo de vida\u201d, precis\u00f3. <\/p>\n\n\n\n<p>Otra\nde las l\u00edneas de trabajo est\u00e1 relacionada con el pie diab\u00e9tico, un problema\nprovocado por el da\u00f1o progresivo de la enfermedad que causa alteraciones en las\narterias perif\u00e9ricas que irrigan el pie, provocando trastornos sensoriales y \u00falceras.\nEstas heridas son la primera\ncausa de hospitalizaci\u00f3n de personas con diabetes, y la amputaci\u00f3n de la\nextremidad es su principal complicaci\u00f3n.<\/p>\n\n\n\n<figure class=\"wp-block-image\"><img loading=\"lazy\" decoding=\"async\" width=\"640\" height=\"480\" src=\"https:\/\/hospitaldechillan.cl\/web\/wp-content_Hos\/uploads\/2019\/05\/Cira-2-640x480.jpg\" alt=\"\" class=\"wp-image-5705\" srcset=\"https:\/\/hospitaldechillan.cl\/web\/wp-content\/uploads\/2019\/05\/Cira-2-640x480.jpg 640w, https:\/\/hospitaldechillan.cl\/web\/wp-content\/uploads\/2019\/05\/Cira-2-768x576.jpg 768w, https:\/\/hospitaldechillan.cl\/web\/wp-content\/uploads\/2019\/05\/Cira-2-1200x900.jpg 1200w, https:\/\/hospitaldechillan.cl\/web\/wp-content\/uploads\/2019\/05\/Cira-2.jpg 1280w\" sizes=\"auto, (max-width: 640px) 100vw, 640px\" \/><\/figure>\n\n\n\n<p>\u201cUna persona con diabetes debe tener un estricto\ncuidado de sus pies y aplicar sencillas recomendaciones en su vida cotidiana\u201d,\nexplica Susana Y\u00e1\u00f1ez, Jefa del Departamento de Participaci\u00f3n Ciudadana del Hospital.\n<\/p>\n\n\n\n<p>\u201cA\ntrav\u00e9s de la educaci\u00f3n entre pares, es decir entre personas que tienen la\nenfermedad y el conocimiento que les da la experiencia, m\u00e1s el apoyo del equipo\nde salud, esperamos mejorar las t\u00e9cnicas de cuidado\u201d, comenta la profesional. <\/p>\n\n\n\n<p>El\nplan de trabajo de la Microrred de Salud Centro, tambi\u00e9n incorpora estrategias\npara la promoci\u00f3n del buen trato en la atenci\u00f3n de salud. <\/p>\n\n\n\n<p>La\nconsejera comunitaria del Cesfam Violeta Parra, Clarisa Acu\u00f1a, dice que es una\nresponsabilidad compartida, ya que se basa en una relaci\u00f3n de respecto entre\nlos usuarios y el personal que nos atiende. <\/p>\n\n\n\n<p>\u201cNosotros\nesperamos una atenci\u00f3n amable, oportuna e informada, pero tambi\u00e9n nos tenemos\nque comprometer a relacionarnos con respeto, asistir a las consultas agendas y a\nseguir las indicaciones del equipo de salud\u201d, precisa. <\/p>\n\n\n\n<p>En\notra l\u00ednea, el consejo acord\u00f3 evaluar peri\u00f3dicamente el cumplimiento de los\nprogramas de salud y el uso de los recursos destinados a su implementaci\u00f3n, con\nel objetivo de ejercer control social y buscar soluciones en conjunto para\ncumplir con las metas anuales. <\/p>\n","protected":false},"excerpt":{"rendered":"<p>Los establecimientos de atenci\u00f3n primaria de cinco comunas y el Hospital Regional, junto a la comunidad, liderar\u00e1n estrategias para promover los factores protectores de la salud y el autocuidado. <\/p>\n","protected":false},"author":3,"featured_media":5709,"comment_status":"open","ping_status":"closed","sticky":false,"template":"","format":"standard","meta":{"_acf_changed":false,"_monsterinsights_skip_tracking":false,"_monsterinsights_sitenote_active":false,"_monsterinsights_sitenote_note":"","_monsterinsights_sitenote_category":0,"footnotes":""},"categories":[4],"tags":[],"class_list":["post-5703","post","type-post","status-publish","format-standard","has-post-thumbnail","hentry","category-noticias"],"acf":[],"publishpress_future_action":{"enabled":false,"date":"2026-05-09 07:55:05","action":"change-status","newStatus":"draft","terms":[],"taxonomy":"category","extraData":[]},"publishpress_future_workflow_manual_trigger":{"enabledWorkflows":[]},"_links":{"self":[{"href":"https:\/\/hospitaldechillan.cl\/web\/wp-json\/wp\/v2\/posts\/5703","targetHints":{"allow":["GET"]}}],"collection":[{"href":"https:\/\/hospitaldechillan.cl\/web\/wp-json\/wp\/v2\/posts"}],"about":[{"href":"https:\/\/hospitaldechillan.cl\/web\/wp-json\/wp\/v2\/types\/post"}],"author":[{"embeddable":true,"href":"https:\/\/hospitaldechillan.cl\/web\/wp-json\/wp\/v2\/users\/3"}],"replies":[{"embeddable":true,"href":"https:\/\/hospitaldechillan.cl\/web\/wp-json\/wp\/v2\/comments?post=5703"}],"version-history":[{"count":0,"href":"https:\/\/hospitaldechillan.cl\/web\/wp-json\/wp\/v2\/posts\/5703\/revisions"}],"wp:featuredmedia":[{"embeddable":true,"href":"https:\/\/hospitaldechillan.cl\/web\/wp-json\/wp\/v2\/media\/5709"}],"wp:attachment":[{"href":"https:\/\/hospitaldechillan.cl\/web\/wp-json\/wp\/v2\/media?parent=5703"}],"wp:term":[{"taxonomy":"category","embeddable":true,"href":"https:\/\/hospitaldechillan.cl\/web\/wp-json\/wp\/v2\/categories?post=5703"},{"taxonomy":"post_tag","embeddable":true,"href":"https:\/\/hospitaldechillan.cl\/web\/wp-json\/wp\/v2\/tags?post=5703"}],"curies":[{"name":"wp","href":"https:\/\/api.w.org\/{rel}","templated":true}]}}