{"id":5684,"date":"2019-05-02T17:01:16","date_gmt":"2019-05-02T21:01:16","guid":{"rendered":"http:\/\/hospitaldechillan.cl\/web\/?p=5684"},"modified":"2019-05-09T17:07:51","modified_gmt":"2019-05-09T21:07:51","slug":"funcionarios-fueron-reconocidos-en-el-dia-internacional-de-los-trabajadores","status":"publish","type":"post","link":"https:\/\/hospitaldechillan.cl\/web\/funcionarios-fueron-reconocidos-en-el-dia-internacional-de-los-trabajadores\/","title":{"rendered":"Funcionarios fueron reconocidos en el D\u00eda Internacional de los Trabajadores"},"content":{"rendered":"\n<p>Una especial jornada vivieron 35 de funcionarias y funcionarios de nuestro Hospital, pues en el marco de la conmemoraci\u00f3n del D\u00eda internacional de los Trabajadores, recibieron un reconocimiento p\u00fablico en el acto conmemorativo realizado en el Auditorio.<\/p>\n\n\n\n<figure class=\"wp-block-image\"><img loading=\"lazy\" decoding=\"async\" width=\"640\" height=\"448\" src=\"https:\/\/hospitaldechillan.cl\/web\/wp-content_Hos\/uploads\/2019\/05\/1-640x448.jpg\" alt=\"\" class=\"wp-image-5686\" srcset=\"https:\/\/hospitaldechillan.cl\/web\/wp-content\/uploads\/2019\/05\/1-640x448.jpg 640w, https:\/\/hospitaldechillan.cl\/web\/wp-content\/uploads\/2019\/05\/1-768x538.jpg 768w, https:\/\/hospitaldechillan.cl\/web\/wp-content\/uploads\/2019\/05\/1-1200x840.jpg 1200w\" sizes=\"auto, (max-width: 640px) 100vw, 640px\" \/><\/figure>\n\n\n\n<p>Entre todos los funcionarios distinguidos, por su compromiso, identificaci\u00f3n con los valores institucionales y dedicaci\u00f3n las diferentes actividades que desarrollan, el Equipo Directivo Superior destac\u00f3 a algunos representantes por estamento, ellos fueron: <\/p>\n\n\n\n<ul class=\"wp-block-list\"><li>Sr. Carlos Tapia Jara, administrativo de la OIRS<\/li><li>Sr. David de la Hoz Belmar, auxiliar de&nbsp; Servicios Generales <\/li><li>Srta. Tabyta Huilcaleo Paillao, T\u00e9cnico param\u00e9dico de\nUnidad M\u00e9dico Quir\u00fargico<\/li><li>Dra. Ingrid Ernst Elizalde, m\u00e9dico de Pediatr\u00eda <\/li><li>Srta. Yoselyn Pino Acu\u00f1a, enfermera de Neurolog\u00eda <\/li><li>Sr. Juan Carlos Ulloa Canales, Profesional de la\nSubdirecci\u00f3n de Recursos F\u00edsicos y Financieros<\/li><li>Sr. Ricardo Hinojosa Silva, T\u00e9cnico param\u00e9dico de Cirug\u00eda.<\/li><\/ul>\n\n\n\n<figure class=\"wp-block-image\"><img loading=\"lazy\" decoding=\"async\" width=\"640\" height=\"399\" src=\"https:\/\/hospitaldechillan.cl\/web\/wp-content_Hos\/uploads\/2019\/05\/web-destacados-640x399.jpg\" alt=\"\" class=\"wp-image-5687\" srcset=\"https:\/\/hospitaldechillan.cl\/web\/wp-content\/uploads\/2019\/05\/web-destacados-640x399.jpg 640w, https:\/\/hospitaldechillan.cl\/web\/wp-content\/uploads\/2019\/05\/web-destacados-768x479.jpg 768w, https:\/\/hospitaldechillan.cl\/web\/wp-content\/uploads\/2019\/05\/web-destacados-1200x748.jpg 1200w\" sizes=\"auto, (max-width: 640px) 100vw, 640px\" \/><\/figure>\n\n\n\n<p>Asimismo, se condecor\u00f3 al equipo de trabajo de la Unidad de\nEmergencia por ser el servicio hospitalario que obtuvo m\u00e1s felicitaciones\ndurante el 2018.<\/p>\n\n\n\n<p>La actividad fue organizada en conjunto por las asociaciones gremiales presentes en el recinto asistencial, el Consejo de Bienestar y la Direcci\u00f3n del HCHM.<\/p>\n","protected":false},"excerpt":{"rendered":"<p>La jornada comenz\u00f3 con un saludo personalizado a todo el personal durante su ingreso al establecimiento.<\/p>\n","protected":false},"author":3,"featured_media":5711,"comment_status":"open","ping_status":"closed","sticky":false,"template":"","format":"standard","meta":{"_acf_changed":false,"_monsterinsights_skip_tracking":false,"_monsterinsights_sitenote_active":false,"_monsterinsights_sitenote_note":"","_monsterinsights_sitenote_category":0,"footnotes":""},"categories":[4],"tags":[],"class_list":["post-5684","post","type-post","status-publish","format-standard","has-post-thumbnail","hentry","category-noticias"],"acf":[],"publishpress_future_action":{"enabled":false,"date":"2026-05-06 06:41:39","action":"change-status","newStatus":"draft","terms":[],"taxonomy":"category","extraData":[]},"publishpress_future_workflow_manual_trigger":{"enabledWorkflows":[]},"_links":{"self":[{"href":"https:\/\/hospitaldechillan.cl\/web\/wp-json\/wp\/v2\/posts\/5684","targetHints":{"allow":["GET"]}}],"collection":[{"href":"https:\/\/hospitaldechillan.cl\/web\/wp-json\/wp\/v2\/posts"}],"about":[{"href":"https:\/\/hospitaldechillan.cl\/web\/wp-json\/wp\/v2\/types\/post"}],"author":[{"embeddable":true,"href":"https:\/\/hospitaldechillan.cl\/web\/wp-json\/wp\/v2\/users\/3"}],"replies":[{"embeddable":true,"href":"https:\/\/hospitaldechillan.cl\/web\/wp-json\/wp\/v2\/comments?post=5684"}],"version-history":[{"count":0,"href":"https:\/\/hospitaldechillan.cl\/web\/wp-json\/wp\/v2\/posts\/5684\/revisions"}],"wp:featuredmedia":[{"embeddable":true,"href":"https:\/\/hospitaldechillan.cl\/web\/wp-json\/wp\/v2\/media\/5711"}],"wp:attachment":[{"href":"https:\/\/hospitaldechillan.cl\/web\/wp-json\/wp\/v2\/media?parent=5684"}],"wp:term":[{"taxonomy":"category","embeddable":true,"href":"https:\/\/hospitaldechillan.cl\/web\/wp-json\/wp\/v2\/categories?post=5684"},{"taxonomy":"post_tag","embeddable":true,"href":"https:\/\/hospitaldechillan.cl\/web\/wp-json\/wp\/v2\/tags?post=5684"}],"curies":[{"name":"wp","href":"https:\/\/api.w.org\/{rel}","templated":true}]}}