{"id":5537,"date":"2019-03-15T15:53:22","date_gmt":"2019-03-15T19:53:22","guid":{"rendered":"http:\/\/hospitaldechillan.cl\/web\/?p=5537"},"modified":"2019-03-15T15:53:23","modified_gmt":"2019-03-15T19:53:23","slug":"unidades-criticas-pediatricas-y-neonatales-modernizaron-su-equipamiento","status":"publish","type":"post","link":"https:\/\/hospitaldechillan.cl\/web\/unidades-criticas-pediatricas-y-neonatales-modernizaron-su-equipamiento\/","title":{"rendered":"Unidades cr\u00edticas pedi\u00e1tricas y neonatales modernizaron su equipamiento"},"content":{"rendered":"\n<p>Cinco camas el\u00e9ctricas, una central de monitoreo con 5\nequipos de mediana complejidad, bombas de infusi\u00f3n, ventiladores no invasivos y\nun sistema de termorregulaci\u00f3n para reci\u00e9n nacidos, son algunos de los insumos\nque se renovaron en&nbsp; la Unidad de\nTratamiento Intermedio (TIM) Pedi\u00e1trica y de Neonatolog\u00eda del Hospital Cl\u00ednico\nHerminda Mart\u00edn, inversi\u00f3n total que tuvo un costo que borde\u00f3 los 166 millones\nde pesos, fondos provenientes del Ministerio de Salud.<\/p>\n\n\n\n<p>Mediante una visita a estas dependencias, las autoridades de\nsalud, encabezadas por el Director del Servicio de Salud \u00d1uble, Francisco L\u00f3pez\ny el Director (s) del HCHM, Dr. \u00d3scar Chac\u00f3n, junto a los jefes m\u00e9dicos de\nambas unidades, Dra. M\u00f3nica Mardones y Dr. Julio Salas y del Servicio de\nPediatr\u00eda, Dr. Enzo Tassara, presenciaron el funcionamiento de &nbsp;los nuevos equipos y compartieron con los\nusuarios presentes en la ocasi\u00f3n sobre la importancia de esta inversi\u00f3n para la\nrecuperaci\u00f3n de los pacientes m\u00e1s peque\u00f1os. <\/p>\n\n\n\n<p>Seg\u00fan expres\u00f3 el Director del Servicio de Salud \u00d1uble,\nFrancisco L\u00f3pez, este nuevo equipamiento es un gran avance para los usuarios. \u201cDurante\nel 2018 estas dependencias brindaron atenci\u00f3n a m\u00e1s de mil ni\u00f1os y ni\u00f1as con\npatolog\u00edas graves, quienes con esta moderna implementaci\u00f3n ver\u00e1n optimizada su\nestad\u00eda. Si bien es muy importante contar con nueva tecnolog\u00eda, tambi\u00e9n hay que\nresaltar el compromiso de los funcionarios que trabajan ac\u00e1, pues ellos son los\nencargados de monitorear a los pacientes y cuidar por su pronta recuperaci\u00f3n,\npor eso es muy importante continuar trabajando en equipo y realizando proyectos\npara brindar una mejor atenci\u00f3n a nuestros usuarios\u201d, puntualiz\u00f3 el directivo. <\/p>\n\n\n\n<p>Asimismo, el Director (s) del Hospital resalt\u00f3 que la\nadquisici\u00f3n de las modernas camas destinadas a la Unidad de Tratamiento\nIntermedio, y los otros equipos de alta tecnolog\u00eda como los ventiladores no\ninvasivos o la central de monitoreo que permite al equipo de salud, observar\ndesde la estaci\u00f3n de enfermer\u00eda la condici\u00f3n de cada uno de los usuarios de la\nsala de manera&nbsp; simult\u00e1nea \u201cson\nnecesarias para otorgar el cuidado permanente y con el alto est\u00e1ndar de calidad\nque nuestros &nbsp;usuarios requieren\u201d. &nbsp;<\/p>\n\n\n\n<p>En el \u00e1rea de tratamiento intermedio atiende pacientes\ncr\u00edticos estables, desde el&nbsp; mes de edad\nhasta los 14 a\u00f1os 11 meses y 29 d\u00edas. En tanto, en la Unidad de Neonatolog\u00eda,\nque&nbsp; hospitaliza ni\u00f1os y ni\u00f1as desde el\nd\u00eda de su nacimiento &nbsp;hasta antes de\ncumplir un mes de vida, se adquiri\u00f3 el sistema de termorregulaci\u00f3n que, por\nejemplo, puede usarse en casos de asfixia perinatal, patolog\u00eda poco frecuente pero\nmuy grave. <\/p>\n\n\n\n<figure class=\"wp-block-image\"><img loading=\"lazy\" decoding=\"async\" width=\"640\" height=\"360\" src=\"https:\/\/hospitaldechillan.cl\/web\/wp-content_Hos\/uploads\/2019\/03\/sistema-termorregulador-640x360.jpg\" alt=\"Foto del Sistema de termorregulaci\u00f3n, equipamiento de la Unidad de Neonatolog\u00eda.\" class=\"wp-image-5540\" srcset=\"https:\/\/hospitaldechillan.cl\/web\/wp-content\/uploads\/2019\/03\/sistema-termorregulador-640x360.jpg 640w, https:\/\/hospitaldechillan.cl\/web\/wp-content\/uploads\/2019\/03\/sistema-termorregulador-768x432.jpg 768w, https:\/\/hospitaldechillan.cl\/web\/wp-content\/uploads\/2019\/03\/sistema-termorregulador-1200x675.jpg 1200w, https:\/\/hospitaldechillan.cl\/web\/wp-content\/uploads\/2019\/03\/sistema-termorregulador.jpg 1600w\" sizes=\"auto, (max-width: 640px) 100vw, 640px\" \/><\/figure>\n\n\n\n<p>Antes de que se comprara este sistema termorregulador \u201cel\nequipo de enfermer\u00eda induc\u00eda el estado de hipotermia de manera manual. Ahora\ncon este moderno sistema mantenemos al reci\u00e9n nacido conectado y monitorizando\nsu temperatura de forma permanente, para cumplir con los grados Celsius\nadecuados y contribuir a la desinflamaci\u00f3n del cerebro, disminuyendo las\nsecuelas cerebrales que podr\u00edan originarse\u201d, destac\u00f3 el Dr. Chac\u00f3n. <\/p>\n\n\n\n<p>El proceso de regulaci\u00f3n de temperatura (fr\u00edo o calor) se\nrealiza mediante un sistema de transferencia compuesto por un calefactor,\ncompresor, bomba de circulaci\u00f3n y microprocesador que permite mantener con\nprecisi\u00f3n la hipo o hipertermia requerida, bombear agua destilada hasta una\nmanta que se ubica debajo o encima del paciente. El equipamiento tambi\u00e9n\nincluye un sensor esof\u00e1gico para controlar la temperatura y puede ser\nprogramado para la fluctuaci\u00f3n de calor cuando sea necesario de acuerdo al\nprotocolo de atenci\u00f3n. <\/p>\n","protected":false},"excerpt":{"rendered":"<p>Usuarios m\u00e1s peque\u00f1os del Hospital se ver\u00e1n favorecidos con los equipos de \u00faltima generaci\u00f3n, cuyo costo super\u00f3 los 165 millones de pesos, y que permiten optimizar la atenci\u00f3n a los m\u00e1s de mil ni\u00f1os y ni\u00f1as atendidos anualmente. <\/p>\n","protected":false},"author":3,"featured_media":5538,"comment_status":"open","ping_status":"closed","sticky":false,"template":"","format":"standard","meta":{"_acf_changed":false,"_monsterinsights_skip_tracking":false,"_monsterinsights_sitenote_active":false,"_monsterinsights_sitenote_note":"","_monsterinsights_sitenote_category":0,"footnotes":""},"categories":[4],"tags":[],"class_list":["post-5537","post","type-post","status-publish","format-standard","has-post-thumbnail","hentry","category-noticias"],"acf":[],"publishpress_future_action":{"enabled":false,"date":"2026-05-06 08:06:07","action":"change-status","newStatus":"draft","terms":[],"taxonomy":"category","extraData":[]},"publishpress_future_workflow_manual_trigger":{"enabledWorkflows":[]},"_links":{"self":[{"href":"https:\/\/hospitaldechillan.cl\/web\/wp-json\/wp\/v2\/posts\/5537","targetHints":{"allow":["GET"]}}],"collection":[{"href":"https:\/\/hospitaldechillan.cl\/web\/wp-json\/wp\/v2\/posts"}],"about":[{"href":"https:\/\/hospitaldechillan.cl\/web\/wp-json\/wp\/v2\/types\/post"}],"author":[{"embeddable":true,"href":"https:\/\/hospitaldechillan.cl\/web\/wp-json\/wp\/v2\/users\/3"}],"replies":[{"embeddable":true,"href":"https:\/\/hospitaldechillan.cl\/web\/wp-json\/wp\/v2\/comments?post=5537"}],"version-history":[{"count":0,"href":"https:\/\/hospitaldechillan.cl\/web\/wp-json\/wp\/v2\/posts\/5537\/revisions"}],"wp:featuredmedia":[{"embeddable":true,"href":"https:\/\/hospitaldechillan.cl\/web\/wp-json\/wp\/v2\/media\/5538"}],"wp:attachment":[{"href":"https:\/\/hospitaldechillan.cl\/web\/wp-json\/wp\/v2\/media?parent=5537"}],"wp:term":[{"taxonomy":"category","embeddable":true,"href":"https:\/\/hospitaldechillan.cl\/web\/wp-json\/wp\/v2\/categories?post=5537"},{"taxonomy":"post_tag","embeddable":true,"href":"https:\/\/hospitaldechillan.cl\/web\/wp-json\/wp\/v2\/tags?post=5537"}],"curies":[{"name":"wp","href":"https:\/\/api.w.org\/{rel}","templated":true}]}}