{"id":5266,"date":"2019-02-11T14:08:16","date_gmt":"2019-02-11T18:08:16","guid":{"rendered":"http:\/\/hospitaldechillan.cl\/web\/?p=5266"},"modified":"2019-02-11T14:09:15","modified_gmt":"2019-02-11T18:09:15","slug":"hospital-amplia-horario-y-sale-a-terreno-para-aumentar-las-donaciones-de-sangre","status":"publish","type":"post","link":"https:\/\/hospitaldechillan.cl\/web\/hospital-amplia-horario-y-sale-a-terreno-para-aumentar-las-donaciones-de-sangre\/","title":{"rendered":"Hospital ampl\u00eda horario y sale a terreno para aumentar las donaciones de sangre"},"content":{"rendered":"<p><strong>\u00bfSab\u00edas que una persona en tratamiento de c\u00e1ncer puede necesitar hasta 100 donaciones de sangre al a\u00f1o?<\/strong> Estos pacientes son los requieren una mayor cantidad de hemocomponentes\u00a0 sin embargo no son los \u00fanicos, ya que la sangre tambi\u00e9n se utiliza en cirug\u00edas mayores, en la atenci\u00f3n del parto, transfusi\u00f3n de personas\u00a0 y tambi\u00e9n en urgencias provocadas por accidentes, por eso es tan importante la donaci\u00f3n altruista y de reposici\u00f3n.<\/p>\n<p>Normalmente el verano es un per\u00edodo donde se produce una disminuci\u00f3n en la tasa de donantes, hecho que la <strong>Unidad de Medicina Transfusional del Hospital Cl\u00ednico Herminda Mart\u00edn<\/strong> quiere revertir con una estrategia basada en la <strong>ampliaci\u00f3n del horario de atenci\u00f3n, que se efectuar\u00e1 el pr\u00f3ximo martes 12 y mi\u00e9rcoles 13 de febrero<\/strong>, que contemplar\u00e1\u00a0 la captaci\u00f3n de este vital elemento entre las 8 y las 15 horas ambos d\u00edas.\u00a0 A esto se suma tambi\u00e9n, <strong>colectas m\u00f3viles\u00a0 en las dependencias del recinto asistencial local y de San Carlos los d\u00edas 19, 20 y 21 de febrero<\/strong>.<\/p>\n<p>El Jefe de la <strong>Unidad de Medicina Transfusional, el Tecn\u00f3logo M\u00e9dico, Sergio Becerra<\/strong> enfatiz\u00f3 en el llamado a la comunidad de \u00d1uble, recordando que \u201cla sangre es un elemento que no puede fabricarse, por lo que necesitamos del altruismo de todos y todas para continuar atendiendo a quienes requieren una cirug\u00eda, padecen alguna enfermedad o sufren accidentes. Para estar siempre preparados para la contingencia es que aumentamos el horario de atenci\u00f3n y planificamos colectas de sangre en los hospitales, para contar con la comunidad y su aporte voluntario\u201d.<\/p>\n<p>Adem\u00e1s Becerra recalc\u00f3 que si bien \u201cla donaci\u00f3n altruista es destinada a quienes m\u00e1s lo necesitan en esos momentos, la Unidad de Medicina Transfusional para reconocer este gesto amable de los donantes, les garantiza que si uno de sus familiares o amigos necesita hemocomponentes, \u00e9stos ser\u00e1n otorgados sin que sea necesario que vuelvan a donar\u201d.<\/p>\n<p>Durante enero de este a\u00f1o donaron 306 personas de forma voluntaria o altruista y 296 personas concurrieron por un familiar hospitalizado. Similar proporci\u00f3n se logr\u00f3 el 2018 con un total de 8 mil 410 donaciones de las cuales el 52% fueron altruistas, no obstante, seg\u00fan explic\u00f3 el jefe de la UMT\u00a0 \u201cnecesitamos que el 100% de las donaciones de sangre provengan de donantes altruistas\u201d.<\/p>\n","protected":false},"excerpt":{"rendered":"<p>La iniciativa busca  incrementar el n\u00famero de donantes, que durante el primer mes de este a\u00f1o ha registrado un promedio menor al de otros meses. <\/p>\n","protected":false},"author":3,"featured_media":5267,"comment_status":"open","ping_status":"closed","sticky":false,"template":"","format":"standard","meta":{"_acf_changed":false,"_monsterinsights_skip_tracking":false,"_monsterinsights_sitenote_active":false,"_monsterinsights_sitenote_note":"","_monsterinsights_sitenote_category":0,"footnotes":""},"categories":[4],"tags":[],"class_list":["post-5266","post","type-post","status-publish","format-standard","has-post-thumbnail","hentry","category-noticias"],"acf":[],"publishpress_future_action":{"enabled":false,"date":"2026-05-04 06:38:48","action":"change-status","newStatus":"draft","terms":[],"taxonomy":"category","extraData":[]},"publishpress_future_workflow_manual_trigger":{"enabledWorkflows":[]},"_links":{"self":[{"href":"https:\/\/hospitaldechillan.cl\/web\/wp-json\/wp\/v2\/posts\/5266","targetHints":{"allow":["GET"]}}],"collection":[{"href":"https:\/\/hospitaldechillan.cl\/web\/wp-json\/wp\/v2\/posts"}],"about":[{"href":"https:\/\/hospitaldechillan.cl\/web\/wp-json\/wp\/v2\/types\/post"}],"author":[{"embeddable":true,"href":"https:\/\/hospitaldechillan.cl\/web\/wp-json\/wp\/v2\/users\/3"}],"replies":[{"embeddable":true,"href":"https:\/\/hospitaldechillan.cl\/web\/wp-json\/wp\/v2\/comments?post=5266"}],"version-history":[{"count":0,"href":"https:\/\/hospitaldechillan.cl\/web\/wp-json\/wp\/v2\/posts\/5266\/revisions"}],"wp:featuredmedia":[{"embeddable":true,"href":"https:\/\/hospitaldechillan.cl\/web\/wp-json\/wp\/v2\/media\/5267"}],"wp:attachment":[{"href":"https:\/\/hospitaldechillan.cl\/web\/wp-json\/wp\/v2\/media?parent=5266"}],"wp:term":[{"taxonomy":"category","embeddable":true,"href":"https:\/\/hospitaldechillan.cl\/web\/wp-json\/wp\/v2\/categories?post=5266"},{"taxonomy":"post_tag","embeddable":true,"href":"https:\/\/hospitaldechillan.cl\/web\/wp-json\/wp\/v2\/tags?post=5266"}],"curies":[{"name":"wp","href":"https:\/\/api.w.org\/{rel}","templated":true}]}}