{"id":5254,"date":"2019-01-31T15:22:48","date_gmt":"2019-01-31T19:22:48","guid":{"rendered":"http:\/\/hospitaldechillan.cl\/web\/?p=5254"},"modified":"2019-01-31T15:22:48","modified_gmt":"2019-01-31T19:22:48","slug":"en-una-emotiva-ceremonia-la-comunidad-se-despidio-del-ex-hospital-san-juan-de-dios","status":"publish","type":"post","link":"https:\/\/hospitaldechillan.cl\/web\/en-una-emotiva-ceremonia-la-comunidad-se-despidio-del-ex-hospital-san-juan-de-dios\/","title":{"rendered":"En una emotiva ceremonia la comunidad se despidi\u00f3 del ex Hospital San Juan de Dios"},"content":{"rendered":"<p>A paso firme avanza la concreci\u00f3n del nuevo Hospital de \u00d1uble, as\u00ed lo confirmaron autoridades de la Regi\u00f3n quienes encabezaron la ceremonia de despedida de las dependencias del <strong>antiguo \u201cSan Juan de Dios\u201d<\/strong>, que cont\u00f3 con la masiva presencia de representantes de la comunidad.<\/p>\n<p>Fue una jornada colmada de nostalgia, donde se realiz\u00f3 un recorrido por la historia del otrora recinto de salud. Si bien, la primera construcci\u00f3n del establecimiento data de febrero de 1791, las actuales instalaciones de madera forman parte del hospital de emergencia construidas como provisorias, despu\u00e9s del terremoto de 1939.<\/p>\n<p>Sin embargo, aquellos pabellones de madera albergaron a las familias de \u00d1uble por casi 60 a\u00f1os. En 1999, las camas que quedaban para la atenci\u00f3n de personas con tuberculosis, fueron trasladadas al <a href=\"https:\/\/hospitaldechillan.cl\/web\/\" target=\"_blank\"><strong>Hospital Herminda Mart\u00edn<\/strong><\/a>, cerr\u00e1ndose el San Juan de Dios como establecimiento hospitalario, pero sirviendo a\u00fan dos d\u00e9cadas m\u00e1s como centro de capacitaci\u00f3n y lugar de encuentro de organizaciones de autoayuda y dispositivos de salud mental.<\/p>\n<p><img loading=\"lazy\" decoding=\"async\" class=\"alignnone size-medium wp-image-5256\" src=\"https:\/\/hospitaldechillan.cl\/web\/wp-content_Hos\/uploads\/2019\/01\/funcionarios-del-hospital-en-el-San-Juan-640x360.jpg\" alt=\"Funcionarios del Hospital Herminda Mart\u00edn asistieron a la despedida del San Juan de Dios\" width=\"640\" height=\"360\" srcset=\"https:\/\/hospitaldechillan.cl\/web\/wp-content\/uploads\/2019\/01\/funcionarios-del-hospital-en-el-San-Juan-640x360.jpg 640w, https:\/\/hospitaldechillan.cl\/web\/wp-content\/uploads\/2019\/01\/funcionarios-del-hospital-en-el-San-Juan-768x432.jpg 768w, https:\/\/hospitaldechillan.cl\/web\/wp-content\/uploads\/2019\/01\/funcionarios-del-hospital-en-el-San-Juan-1200x675.jpg 1200w, https:\/\/hospitaldechillan.cl\/web\/wp-content\/uploads\/2019\/01\/funcionarios-del-hospital-en-el-San-Juan.jpg 1600w\" sizes=\"auto, (max-width: 640px) 100vw, 640px\" \/><\/p>\n<p>Durante el acto, el Intendente de la Regi\u00f3n,<strong> Mart\u00edn Arrau<\/strong>, destac\u00f3 el valor de la iniciativa: \u201cMe cuesta recordar, dentro de las todas las actividades que hemos participado, una que tenga tanta historia como \u00e9sta. Recordemos que algunas paredes de adobe que est\u00e1n un poco m\u00e1s all\u00e1, son del a\u00f1o 1790, que se edificaron bajo un decreto del gobernador Ambrosio O\u2019Higgins y hoy estamos aqu\u00ed porque se demoler\u00e1 esta otra parte, que se construy\u00f3 despu\u00e9s del terremoto del 39\u2019. Imag\u00ednense cu\u00e1nta historia, cu\u00e1ntas horas de espera acompa\u00f1ando a pacientes y qu\u00e9 mejor manera de recordar eso que construyendo el nuevo Hospital Regional ac\u00e1, con una tremenda inversi\u00f3n para trabajar en una mejor salud tal como nos pide el Presidente Sebasti\u00e1n Pi\u00f1era\u201d, expres\u00f3.<\/p>\n<p>Por su parte, el <strong>Director del Servicio de Salud \u00d1uble, Francisco L\u00f3pez Castillo<\/strong>, indic\u00f3 que \u201ca trav\u00e9s de esta sencilla, pero significativa ceremonia, avanzamos hacia un nuevo hito en el proceso de dise\u00f1o y construcci\u00f3n del nuevo Hospital de la Regi\u00f3n. En pocas semanas m\u00e1s las dependencias del antiguo San Juan de Dios, edificadas para enfrentar una emergencia, desaparecer\u00e1n, pero s\u00f3lo materialmente, ya que como recinto m\u00e9dico no exist\u00edan desde 1999. Sin embargo, estamos contentos porque este terreno con tanta historia, continuar\u00e1 cuidando la salud de los habitantes de nuestro territorio\u201d.<\/p>\n<p>La autoridad explic\u00f3 que a trav\u00e9s de la ceremonia se busc\u00f3 \u201cagradecer a los usuarios, a los dirigentes comunitarios y vecinales de toda Regi\u00f3n y tambi\u00e9n a la familia de funcionarios que trabajaron en el ex Hospital San Juan de Dios. Queremos que tengan la oportunidad de despedirse de estas antiguas instalaciones, que alg\u00fan d\u00eda fueron el principal centro de salud de \u00d1uble y que desaparecer\u00e1n para dar paso al Hospital que la naciente Regi\u00f3n merece\u201d.<\/p>\n<p><strong>La mayor inversi\u00f3n p\u00fablica de la Regi\u00f3n<\/strong><\/p>\n<p>Francisco L\u00f3pez afirm\u00f3 que \u201ceste es un sue\u00f1o cumplido porque efectivamente, el compromiso de cada una de las personas que hemos estado trabajando en este proyecto, es regalar a la comunidad no s\u00f3lo certeza de las caracter\u00edsticas del nuevo Hospital sino tambi\u00e9n de los plazos. Es as\u00ed como llevamos m\u00e1s de un a\u00f1o y medio trabajando (\u2026) y a fines de marzo, estaremos culminando la etapa dise\u00f1o y entregamos formalmente este emplazamiento para regalar a \u00d1uble un edificio de 128 mil metros cuadrados de construcci\u00f3n y del orden de los 196 mil millones de pesos de inversi\u00f3n. Es una tremenda obra, la m\u00e1s grande que tiene la Regi\u00f3n en su cartera p\u00fablica\u201d, a\u00f1adi\u00f3 el profesional.<\/p>\n<p><strong>Caracter\u00edsticas del futuro recinto de salud<\/strong><\/p>\n<p>El establecimiento ser\u00e1 de alta complejidad dotado de moderna infraestructura y equipamiento de \u00faltima generaci\u00f3n para brindar atenci\u00f3n a los\/as 480 mil habitantes del territorio.<\/p>\n<p>El nuevo Hospital considera un proyecto de puesta en valor de la <strong>Capilla San Juan de Dios<\/strong>, construida en el siglo XIX y declarada <strong>Monumento Hist\u00f3rico Nacional en 1972<\/strong>.<\/p>\n<p>Actualmente <a href=\"http:\/\/nuevohospitaldenuble.cl\/portal\/\" target=\"_blank\">el proyecto se encuentra en la quinta y \u00faltima etapa de dise\u00f1o<\/a>. En total, son 128 mil metros cuadrados, que triplican la superficie del actual Hospital Herminda Mart\u00edn para responder a las necesidades de salud de las familias de la Regi\u00f3n de \u00d1uble.<\/p>\n","protected":false},"excerpt":{"rendered":"<p>Mediante esta actividad el Servicio de Salud \u00d1uble cumple un nuevo hito en el proyecto del nuevo Hospital Regional, que ya est\u00e1 en su quinta y \u00faltima etapa de dise\u00f1o. <\/p>\n","protected":false},"author":3,"featured_media":5255,"comment_status":"open","ping_status":"closed","sticky":false,"template":"","format":"standard","meta":{"_acf_changed":false,"_monsterinsights_skip_tracking":false,"_monsterinsights_sitenote_active":false,"_monsterinsights_sitenote_note":"","_monsterinsights_sitenote_category":0,"footnotes":""},"categories":[4],"tags":[],"class_list":["post-5254","post","type-post","status-publish","format-standard","has-post-thumbnail","hentry","category-noticias"],"acf":[],"publishpress_future_action":{"enabled":false,"date":"2026-05-04 06:29:32","action":"change-status","newStatus":"draft","terms":[],"taxonomy":"category","extraData":[]},"publishpress_future_workflow_manual_trigger":{"enabledWorkflows":[]},"_links":{"self":[{"href":"https:\/\/hospitaldechillan.cl\/web\/wp-json\/wp\/v2\/posts\/5254","targetHints":{"allow":["GET"]}}],"collection":[{"href":"https:\/\/hospitaldechillan.cl\/web\/wp-json\/wp\/v2\/posts"}],"about":[{"href":"https:\/\/hospitaldechillan.cl\/web\/wp-json\/wp\/v2\/types\/post"}],"author":[{"embeddable":true,"href":"https:\/\/hospitaldechillan.cl\/web\/wp-json\/wp\/v2\/users\/3"}],"replies":[{"embeddable":true,"href":"https:\/\/hospitaldechillan.cl\/web\/wp-json\/wp\/v2\/comments?post=5254"}],"version-history":[{"count":0,"href":"https:\/\/hospitaldechillan.cl\/web\/wp-json\/wp\/v2\/posts\/5254\/revisions"}],"wp:featuredmedia":[{"embeddable":true,"href":"https:\/\/hospitaldechillan.cl\/web\/wp-json\/wp\/v2\/media\/5255"}],"wp:attachment":[{"href":"https:\/\/hospitaldechillan.cl\/web\/wp-json\/wp\/v2\/media?parent=5254"}],"wp:term":[{"taxonomy":"category","embeddable":true,"href":"https:\/\/hospitaldechillan.cl\/web\/wp-json\/wp\/v2\/categories?post=5254"},{"taxonomy":"post_tag","embeddable":true,"href":"https:\/\/hospitaldechillan.cl\/web\/wp-json\/wp\/v2\/tags?post=5254"}],"curies":[{"name":"wp","href":"https:\/\/api.w.org\/{rel}","templated":true}]}}