{"id":5113,"date":"2018-12-14T11:49:57","date_gmt":"2018-12-14T15:49:57","guid":{"rendered":"http:\/\/hospitaldechillan.cl\/web\/?p=5113"},"modified":"2019-03-05T14:31:04","modified_gmt":"2019-03-05T18:31:04","slug":"construccion-del-nuevo-hospital-regional-entro-en-tierra-derecha","status":"publish","type":"post","link":"https:\/\/hospitaldechillan.cl\/web\/construccion-del-nuevo-hospital-regional-entro-en-tierra-derecha\/","title":{"rendered":"Construcci\u00f3n del Nuevo Hospital Regional entr\u00f3 en tierra derecha"},"content":{"rendered":"<p>Con la entrega de los expedientes para la aprobaci\u00f3n del permiso de edificaci\u00f3n del <a href=\"http:\/\/nuevohospitaldenuble.cl\/portal\/\" target=\"_blank\" rel=\"noopener noreferrer\">Nuevo Hospital Regional de \u00d1uble <\/a>a la Direcci\u00f3n de Obras de la Municipalidad de Chill\u00e1n (DOM), se dio un paso crucial para la concreci\u00f3n del anhelado proyecto de salud.<\/p>\n<p>Hasta la dependencia municipal lleg\u00f3 esta ma\u00f1ana el Director del Servicio de Salud \u00d1uble, Francisco L\u00f3pez; acompa\u00f1ado del director (s) del Hospital Cl\u00ednico Herminda Mart\u00edn, Dr. Oscar Chac\u00f3n, y el equipo t\u00e9cnico del proyecto, para entregar los antecedentes que dan cuentan del futuro centro asistencial. Se trata de la informaci\u00f3n detallada de los planos de arquitectura, los planos de estructura y memoria de c\u00e1lculo, las especificaciones t\u00e9cnicas y los informes favorables de revisores externos, entre otros documentos. La DOM dispone de treinta d\u00edas para emitir su informe, el que eventualmente puede considerar subsanar observaciones, las que una vez resueltas por el Servicio de Salud \u00d1uble permitir\u00e1n dar inicio a las obras, programadas para fines de marzo de 2019.<\/p>\n<p>El Director de Salud valor\u00f3 esta trascendental etapa con la que se inicia la revisi\u00f3n t\u00e9cnica para dar el vamos a la construcci\u00f3n. \u201cHoy es un d\u00eda muy importante para la salud de \u00d1uble, puesto que estamos entregando la propuesta arquitect\u00f3nica de lo que pensamos tener de aqu\u00ed a cuatro a\u00f1os m\u00e1s, cuando sea realidad lo que hoy est\u00e1 partiendo como una linda semilla de la salud de nuestra Regi\u00f3n\u201d.<\/p>\n<p>El Hospital Regional actualmente se encuentra en la pen\u00faltima etapa del dise\u00f1o. Con 128 mil metros cuadrados y una inversi\u00f3n de 196 mil millones de pesos, se convertir\u00e1 en uno de los establecimientos asistenciales m\u00e1s grandes y con mayor capacidad resolutiva de la zona sur del pa\u00eds.<br \/>\nEn el edificio se concentrar\u00e1n tres grandes \u00e1reas de atenci\u00f3n: urgencia, servicios de hospitalizaci\u00f3n y atenci\u00f3n ambulatoria, en una infraestructura que recoge lo m\u00e1s innovador de la arquitectura hospitalaria y con altos est\u00e1ndares de calidad y seguridad.<br \/>\nEl nuevo centro se ubicar\u00e1 estrat\u00e9gicamente en O\u00b4Higgins con Rosauro Acu\u00f1a, pr\u00e1cticamente en la intersecci\u00f3n de las hist\u00f3ricas comunas de Chill\u00e1n y Chill\u00e1n Viejo.<\/p>\n","protected":false},"excerpt":{"rendered":"<p>Hoy comienza la revisi\u00f3n t\u00e9cnica del proyecto por parte de la Direcci\u00f3n de Obras municipal para autorizar la construcci\u00f3n del recinto asistencial.<\/p>\n","protected":false},"author":3,"featured_media":5115,"comment_status":"open","ping_status":"closed","sticky":false,"template":"","format":"standard","meta":{"_acf_changed":false,"_monsterinsights_skip_tracking":false,"_monsterinsights_sitenote_active":false,"_monsterinsights_sitenote_note":"","_monsterinsights_sitenote_category":0,"footnotes":""},"categories":[4],"tags":[],"class_list":["post-5113","post","type-post","status-publish","format-standard","has-post-thumbnail","hentry","category-noticias"],"acf":[],"publishpress_future_action":{"enabled":false,"date":"2026-05-03 05:29:00","action":"change-status","newStatus":"draft","terms":[],"taxonomy":"category","extraData":[]},"publishpress_future_workflow_manual_trigger":{"enabledWorkflows":[]},"_links":{"self":[{"href":"https:\/\/hospitaldechillan.cl\/web\/wp-json\/wp\/v2\/posts\/5113","targetHints":{"allow":["GET"]}}],"collection":[{"href":"https:\/\/hospitaldechillan.cl\/web\/wp-json\/wp\/v2\/posts"}],"about":[{"href":"https:\/\/hospitaldechillan.cl\/web\/wp-json\/wp\/v2\/types\/post"}],"author":[{"embeddable":true,"href":"https:\/\/hospitaldechillan.cl\/web\/wp-json\/wp\/v2\/users\/3"}],"replies":[{"embeddable":true,"href":"https:\/\/hospitaldechillan.cl\/web\/wp-json\/wp\/v2\/comments?post=5113"}],"version-history":[{"count":0,"href":"https:\/\/hospitaldechillan.cl\/web\/wp-json\/wp\/v2\/posts\/5113\/revisions"}],"wp:featuredmedia":[{"embeddable":true,"href":"https:\/\/hospitaldechillan.cl\/web\/wp-json\/wp\/v2\/media\/5115"}],"wp:attachment":[{"href":"https:\/\/hospitaldechillan.cl\/web\/wp-json\/wp\/v2\/media?parent=5113"}],"wp:term":[{"taxonomy":"category","embeddable":true,"href":"https:\/\/hospitaldechillan.cl\/web\/wp-json\/wp\/v2\/categories?post=5113"},{"taxonomy":"post_tag","embeddable":true,"href":"https:\/\/hospitaldechillan.cl\/web\/wp-json\/wp\/v2\/tags?post=5113"}],"curies":[{"name":"wp","href":"https:\/\/api.w.org\/{rel}","templated":true}]}}